{"id":7460,"date":"2023-04-09T10:00:44","date_gmt":"2023-04-09T08:00:44","guid":{"rendered":"https:\/\/www.monitor-bk.cz\/?p=7460"},"modified":"2023-04-09T10:00:44","modified_gmt":"2023-04-09T08:00:44","slug":"na-kave-s-davidem-korgo","status":"publish","type":"post","link":"https:\/\/www.monitor-bk.cz\/?p=7460","title":{"rendered":"Na k\u00e1v\u011b s Davidem Korgo"},"content":{"rendered":"\n<p><strong>David Korgo je majitelem spole\u010dnosti Tropico v Olomu\u010danech. Jeho firma se zab\u00fdv\u00e1 prodejem a zpracov\u00e1n\u00edm ovocn\u00fdch koncentr\u00e1t\u016f a pyr\u00e9. Nedaleko Blanska jsme si pov\u00eddali o exotick\u00e9m ovoci a d\u017eusech, ale i o v\u00fdrob\u011b ovocn\u00e9 zmrzliny a hork\u00fdch n\u00e1poj\u00edch.\u00a0<\/strong><\/p>\n\n\n\n<figure class=\"wp-block-image size-large\"><img decoding=\"async\" loading=\"lazy\" width=\"800\" height=\"521\" src=\"https:\/\/www.monitor-bk.cz\/wp-content\/uploads\/2023\/04\/david_web-800x521.jpg\" alt=\"\" class=\"wp-image-7461\" srcset=\"https:\/\/www.monitor-bk.cz\/wp-content\/uploads\/2023\/04\/david_web-800x521.jpg 800w, https:\/\/www.monitor-bk.cz\/wp-content\/uploads\/2023\/04\/david_web-300x195.jpg 300w, https:\/\/www.monitor-bk.cz\/wp-content\/uploads\/2023\/04\/david_web-123x80.jpg 123w, https:\/\/www.monitor-bk.cz\/wp-content\/uploads\/2023\/04\/david_web-768x500.jpg 768w, https:\/\/www.monitor-bk.cz\/wp-content\/uploads\/2023\/04\/david_web.jpg 1332w\" sizes=\"(max-width: 800px) 100vw, 800px\" \/><\/figure>\n\n\n\n<p><strong>Vzpomenete si, jak jste za\u010d\u00ednali?<\/strong><\/p>\n\n\n\n<p>M\u016fj str\u00fdc emigroval v roce 1968 do \u0160v\u00fdcarska, kde se za\u010dal v\u011bnovat ovocn\u00fdm koncentr\u00e1t\u016fm. Dov\u00e1\u017eel je z cel\u00e9ho sv\u011bta, p\u0159ev\u00e1\u017en\u011b z Braz\u00edlie. Pr\u00e1v\u011b v t\u00e9to jihoamerick\u00e9 zemi si po \u010dase po\u0159\u00eddil t\u0159i tov\u00e1rny i s plant\u00e1\u017eemi, na kter\u00fdch p\u011bstoval ovoce, zpracov\u00e1val je a distribuoval do cel\u00e9ho sv\u011bta. V Holandsku vybudoval velk\u00fd sklad, odkud putovaly koncentr\u00e1ty do evropsk\u00fdch zem\u00ed. Kr\u00e1tce po rozkladu v\u00fdchodn\u00edho bloku jsem se za n\u00edm po studi\u00edch p\u0159est\u011bhoval a v\u0161echno se od n\u011bj nau\u010dil. Pracoval jsem zde ve v\u0161ech mo\u017en\u00fdch provozech, a\u0165 u\u017e jako d\u011bln\u00edk na pln\u00edc\u00ed lince, pracovn\u00edk v laborato\u0159i nebo jako vedouc\u00ed osoba v kancel\u00e1\u0159i. Po dev\u00edti letech, kter\u00e9 jsem tu str\u00e1vil, se p\u0159\u00edmo nab\u00edzelo rozjet obchod u n\u00e1s v \u010cesk\u00e9 republice. V roce 2000 jsme tak za\u010dali ovocn\u00e9 koncentr\u00e1ty zpracov\u00e1vat a nab\u00edzet z\u00e1kazn\u00edk\u016fm u n\u00e1s.<\/p>\n\n\n\n<p><strong>Kde nach\u00e1z\u00edte hlavn\u00ed odbyt?<\/strong><\/p>\n\n\n\n<p>Na\u0161imi prvn\u00edmi velk\u00fdmi z\u00e1kazn\u00edky byly hlavn\u011b hotely, kam jsme dod\u00e1vali ovocn\u00e9 koncentr\u00e1ty pro p\u0159\u00edpravu sn\u00edda\u0148ov\u00fdch d\u017eus\u016f. Host\u016fm vyroben\u00e9 d\u017eusy chutnaly, ale proto\u017ee za\u010daly existovat firmy nab\u00edzej\u00edc\u00ed i levn\u011bj\u0161\u00ed, by\u0165 m\u00e9n\u011b kvalitn\u00ed produkty, po 10 letech jsme od toho typu z\u00e1kazn\u00edk\u016f za\u010dali upou\u0161t\u011bt a tato spolupr\u00e1ce nem\u011bla smysl. P\u0159esto\u017ee bychom um\u011bli nam\u00edchat levn\u011bj\u0161\u00ed variantu, nen\u00ed to na\u0161e kr\u00e9do. V\u017edycky jsme cht\u011bli d\u011blat \u010dist\u011b p\u0159\u00edrodn\u00ed produkty bez chemie a bez p\u0159idan\u00e9ho cukru.<\/p>\n\n\n\n<p>Segment velk\u00fdch hotel\u016f jsme tedy opustili a za\u010dali se v\u011bnovat \u0161kolstv\u00ed, co\u017e se uk\u00e1zalo jako spr\u00e1vn\u00fd krok. Dnes se lp\u00ed na tom, aby d\u011bti p\u0159ij\u00edmaly j\u00eddlo a n\u00e1poje kvalitn\u00ed a zdrav\u00e9, co\u017e na\u0161e produkty stoprocentn\u011b spl\u0148uj\u00ed. Do dne\u0161n\u00edho dne z\u00e1sobujeme p\u0159es 2.000 \u0161kolsk\u00fdch za\u0159\u00edzen\u00ed, domov\u016f d\u016fchodc\u016f, l\u00e1zn\u00ed, firem. Na\u0161e d\u017eusy pij\u00ed mimo jin\u00e9 i d\u011bti v blanensk\u00fdch \u0161kol\u00e1ch a \u0161kolk\u00e1ch.<\/p>\n\n\n\n<p>Dal\u0161\u00edmi na\u0161imi z\u00e1kazn\u00edky jsou men\u0161\u00ed penziony, cukr\u00e1rny, bistra\u2026 Loni jsme za\u010dali vyr\u00e1b\u011bt ovocn\u00e9 sorbety s c\u00edlem dostat se v\u00edce mezi ve\u0159ejnost. \u00da\u010dastn\u00edme se hudebn\u00edch festival\u016f, food festival\u016f a dal\u0161\u00edch akc\u00ed, na kter\u00fdch se sna\u017e\u00edme prezentovat na\u0161e v\u00fdrobky. Blanen\u0161t\u00ed n\u00e1s najdou n\u011bkdy i na farm\u00e1\u0159sk\u00fdch trz\u00edch.<\/p>\n\n\n\n<p><strong>Co si m\u016f\u017eeme p\u0159edstavit pod pojmem ovocn\u00fd koncentr\u00e1t?<\/strong><\/p>\n\n\n\n<p>\u00dapln\u011b jednodu\u0161e se d\u00e1 \u0159\u00edci, \u017ee ovocn\u00fd koncentr\u00e1t je \u0161\u0165\u00e1va zbaven\u00e1 vody. Zral\u00e9 plody se posb\u00edraj\u00ed, vyma\u010dk\u00e1 se z nich d\u017eus, odst\u0159ed\u00ed se voda. Koncentr\u00e1t se napumpuje do sud\u016f a zamraz\u00ed se. V\u0161e bez zahu\u0161\u0165ovadel, bez chemie, bez cukru, \u010dist\u011b na p\u0159\u00edrodn\u00ed b\u00e1zi, jedin\u00fdm konzervantem je mr\u00e1z.&nbsp;<\/p>\n\n\n\n<p>Nab\u00edz\u00edme jak gastrobalen\u00ed 1 kg, ze kter\u00e9ho lze p\u0159ipravit 6\u20137 litr\u016f d\u017eusu, tak i men\u0161\u00ed balen\u00ed pro koncov\u00e9 z\u00e1kazn\u00edky, ze kter\u00e9ho lze p\u0159ipravit litr d\u017eusu. Cenov\u011b to potom vych\u00e1z\u00ed podobn\u011b jako b\u011b\u017en\u00e9 100% d\u017eusy v supermarketech, ov\u0161em s t\u00edm rozd\u00edlem, \u017ee n\u00e1poj p\u0159ipraven\u00fd z na\u0161ich koncentr\u00e1t\u016f je zcela p\u0159\u00edrodn\u00ed, jsou v n\u011bm zachov\u00e1ny vitam\u00edny a pln\u00e1 chu\u0165 a v\u016fn\u011b vyzr\u00e1l\u00e9ho ovoce. D\u017eusy na pultech obchod\u016f jsou pasterizovan\u00e9; p\u0159i tomto procesu se z n\u00e1poje ztr\u00e1c\u00ed v podstat\u011b ve\u0161ker\u00e9 vitam\u00edny, barva, chu\u0165.<\/p>\n\n\n\n<p><strong>Kolik ovoce je pot\u0159eba na v\u00fdrobu jednoho litru d\u017eusu?<\/strong><\/p>\n\n\n\n<p>U ka\u017ed\u00e9ho ovoce se v\u00fdt\u011b\u017enost po\u010d\u00edt\u00e1 jinak. Jako p\u0159\u00edklad m\u016f\u017eeme uv\u00e9st pomeran\u010d, kdy je na litr koncentr\u00e1tu pou\u017eito 6\u20137 kg \u010derstv\u00e9ho ovoce. U\u017e dv\u011b deci p\u0159ipraven\u00e9ho d\u017eusu obsahuj\u00ed doporu\u010denou denn\u00ed d\u00e1vku vitam\u00ednu C. Ale jinak je tomu potom t\u0159eba u ban\u00e1n\u016f, pap\u00e1ji a dal\u0161\u00edch druh\u016f ovoce.<\/p>\n\n\n\n<p><strong>Berete od jednoho dodavatele, nebo jich je v\u00edce?<\/strong><\/p>\n\n\n\n<p>Dodavatele m\u00e1me po cel\u00e9m sv\u011bt\u011b, jeliko\u017e podm\u00ednky pro p\u011bstov\u00e1n\u00ed konkr\u00e9tn\u00edho druhu ovoce jsou v ka\u017ed\u00e9 zemi jin\u00e9. N\u011bkde se v\u00edce da\u0159\u00ed ban\u00e1n\u016fm, jinde ananasu. Ka\u017ed\u00fd si ur\u010dit\u011b pamatuje kub\u00e1nsk\u00e9 pomeran\u010de, kter\u00e9 se nedaly po\u017ev\u00fdkat, zato brazilsk\u00e9 jsou pln\u00e9 \u0161\u0165\u00e1vy a lahodn\u00e9. P\u0159esto\u017ee ka\u017ed\u00fd jednotliv\u00fd zpracovatel pos\u00edl\u00e1 vyroben\u00fd koncentr\u00e1t na centr\u00e1ln\u00ed sklad pro Evropu, my m\u00e1me napojen\u00e9 men\u0161\u00ed farm\u00e1\u0159e na p\u0159\u00edmo. Mimo b\u011b\u017enou agendu s nimi konzultujeme nap\u0159\u00edklad i dostupnost v\u00fdrobk\u016f v aktu\u00e1ln\u00ed sez\u00f3n\u011b.<\/p>\n\n\n\n<p><strong>Ze kter\u00fdch zem\u00ed ovocn\u00fd koncentr\u00e1t nakupujete?<\/strong><\/p>\n\n\n\n<p>Nakupujeme tam, kde maj\u00ed nejkvalitn\u011bj\u0161\u00ed a nejlahodn\u011bj\u0161\u00ed ovoce s jasn\u00fdm p\u016fvodem. Nejlep\u0161\u00ed pomeran\u010de rostou v Braz\u00edlii, tak\u017ee je nakupujeme zde. Ananas z Kostariky, mango z Indie, grepy z ji\u017en\u00ed Afriky, maracuju z Ekv\u00e1roru a z Peru\u2026 Nakupujeme i v Evrop\u011b \u2013 vi\u0161n\u011b a ryb\u00edz z Polska, jablko a hru\u0161ku z Turecka. D\u0159\u00edve bylo p\u00e1r v\u00fdrobc\u016f koncentr\u00e1t\u016f v \u010cesku, ale po covidu je situace opravdu \u0161patn\u00e1. A\u010d mne to mrz\u00ed, v na\u0161\u00ed zemi aktu\u00e1ln\u011b dodavatele nem\u00e1me. \u010cesk\u00fd producent vyp\u011bstovan\u00e9 ovoce prod\u00e1 \u010derstv\u00e9, p\u0159\u00edpadn\u011b z n\u011bj ud\u011bl\u00e1 mo\u0161t, ale do v\u00fdroby koncentr\u00e1t\u016f se u n\u00e1s nyn\u00ed nikdo nehrne. Je to \u0161koda.<\/p>\n\n\n\n<p><strong>Prod\u00e1v\u00e1te pouze koncentr\u00e1ty z jednoho druhu ovoce?<\/strong><\/p>\n\n\n\n<p>K n\u00e1m do Olomu\u010dan se dostanou koncentr\u00e1ty v sudech, tady je rozd\u011blujeme do s\u00e1\u010dk\u016f, ale tak\u00e9 zde vyr\u00e1b\u00edme r\u016fzn\u00e9 ovocn\u00e9 sm\u011bsi dle vlastn\u00edch receptur. Zkou\u0161\u00edme, kter\u00e9 druhy ovoce se k sob\u011b hod\u00ed, n\u00e1sledn\u011b je m\u00edch\u00e1me v r\u016fzn\u00fdch pom\u011brech a a\u017e jsme s v\u00fdrobkem spokojen\u00ed, m\u016f\u017ee j\u00edt mezi lidi. Mnoho na\u0161ich z\u00e1kazn\u00edk\u016f se bav\u00ed t\u00edm, \u017ee zkou\u0161\u00ed sv\u00e9 vlastn\u00ed pom\u011bry doma. Ovoce je v tomto ohledu skv\u011bl\u00e9. Mezi na\u0161e v\u00fdznamn\u00e9 z\u00e1kazn\u00edky pat\u0159\u00ed i luxusn\u00ed peka\u0159sk\u00e9 a fastfoodov\u00e9 \u0159et\u011bzce, kter\u00fdm ka\u017ed\u00fd rok d\u011bl\u00e1me n\u00e1pojovou kampa\u0148 dle jejich p\u0159\u00e1n\u00ed.<\/p>\n\n\n\n<p><strong>Nab\u00edz\u00edte i n\u011bco netradi\u010dn\u00edho?<\/strong><\/p>\n\n\n\n<p>Ob\u010das zkou\u0161\u00edme skute\u010dnou exotiku. Nap\u0159\u00edklad d\u017eus z ke\u0161u jabl\u00ed\u010dek. M\u00e1lokdo to v\u00ed, ale o\u0159\u00ed\u0161ky ke\u0161u rostou na strom\u011b a jedn\u00e1 se o jedin\u00e9 ovoce na sv\u011bt\u011b, jeho\u017e pecka je mimo plod \u2013 vlastn\u011b z n\u011bj vis\u00ed sm\u011brem dol\u016f. Ke\u0161u jablko obsahuje 30x v\u00edce vitam\u00ednu C ne\u017e pomeran\u010d a v dob\u011b objev\u016f Kry\u0161tofa Kolumba se jeho konzumac\u00ed l\u00e9\u010dily kurd\u011bje a dal\u0161\u00ed nemoci. Tak\u017ee m\u016f\u017eeme \u0159\u00edci, \u017ee se jedn\u00e1 o superpotravinu s v\u00fdjime\u010dn\u00fdmi vlastnostmi.&nbsp;<\/p>\n\n\n\n<p>Jabl\u00ed\u010dka jsou velmi sladk\u00e1, ale ne ka\u017ed\u00e9mu jejich chu\u0165 vyhovuje. Nav\u00edc docela rychle podl\u00e9haj\u00ed zk\u00e1ze, proto se k n\u00e1m v \u010derstv\u00e9 podob\u011b v\u016fbec nedov\u00e1\u017e\u00ed. Ale koncentr\u00e1t a pyr\u00e9 ano. My jej p\u0159id\u00e1v\u00e1me pr\u00e1v\u011b do na\u0161ich sm\u011bs\u00ed.&nbsp;<\/p>\n\n\n\n<p><strong>Jak\u00fd je rozd\u00edl mezi pyr\u00e9 a koncentr\u00e1tem?<\/strong><\/p>\n\n\n\n<p>Pyr\u00e9 je dal\u0161\u00ed produkt, kter\u00fd vznik\u00e1 zpracov\u00e1n\u00edm ovoce. Zat\u00edmco koncentr\u00e1t je \u0161\u0165\u00e1va zbaven\u00e1 vody, pyr\u00e9 je rozmixovan\u00e1 du\u017eina, kter\u00e1 se zamraz\u00ed. D\u00e1 se pou\u017e\u00edt do smoothie, ml\u00e9\u010dn\u00e9ho koktejlu, do tvarohu\u2026 Jeden n\u00e1\u0161 klient vyr\u00e1b\u00ed z pyr\u00e9 ovocn\u00e9 cheesecaky, kter\u00fdmi z\u00e1sobuje velk\u00e9 hotely a \u0159et\u011bzce, jako t\u0159eba Mc Donald\u2019s. M\u016f\u017eete u n\u00e1s pyr\u00e9 vyzkou\u0161et a pou\u017e\u00edt je v kuchyni. Fantazii se meze nekladou.<\/p>\n\n\n\n<p><strong>D\u00e1 se ud\u011blat koncentr\u00e1t z jak\u00e9hokoli ovoce?<\/strong><\/p>\n\n\n\n<p>Nen\u00ed to tak jednoduch\u00e9. Nap\u0159\u00edklad z ban\u00e1nu je to obt\u00ed\u017en\u00e9, respektive nemo\u017en\u00e9, proto\u017ee obsahuje m\u00e1lo vody. Vyr\u00e1b\u00ed se z n\u011bj hodn\u011b koncentrovan\u00e9 pyr\u00e9, ale \u010dir\u00e1 tekutina na roz\u0159ed\u011bn\u00ed vodou to nen\u00ed.&nbsp;<\/p>\n\n\n\n<p><strong>Jak moc se li\u0161\u00ed ceny zpracovan\u00e9ho ovoce?<\/strong><\/p>\n\n\n\n<p>Ceny jsou odli\u0161n\u00e9. Jeden \u010das jsme t\u0159eba museli p\u0159estat dod\u00e1vat malinu, proto\u017ee cena koncentr\u00e1tu se vy\u0161plhala na 1000 K\u010d za kilo. Malina je v\u016fbec jednou z nejdra\u017e\u0161\u00edch, proto ji i my p\u0159id\u00e1v\u00e1me do mix\u016f. M\u00e1 to ale i druh\u00fd d\u016fvod \u2013 \u010dist\u00fd koncentr\u00e1t z malin je p\u0159\u00edli\u0161 kysel\u00fd.&nbsp;<\/p>\n\n\n\n<p><strong>Jak jsem pochopil, koncentr\u00e1ty i pyr\u00e9 se tedy mus\u00ed skladovat v mrazni\u010dce. Jak je to s trvanlivost\u00ed?<\/strong><\/p>\n\n\n\n<p>Trvanlivost je dva roky. Z\u00e1kazn\u00edk se nemus\u00ed b\u00e1t, \u017ee by se mu koncentr\u00e1t nebo pyr\u00e9 zkazily. Konzistence je velmi podobn\u00e1 medu, koncentr\u00e1t nikdy nezmrzne na kost, jeliko\u017e v n\u011bm nen\u00ed voda. P\u0159\u00edprava je snadn\u00e1 a zvl\u00e1dne ji i mal\u00e9 d\u00edt\u011b.&nbsp; V lednici jej skladovat nelze. Jde o \u017eiv\u00fd produkt a v teplot\u00e1ch nad nulou dojde ke kva\u0161en\u00ed \u2013 stejn\u011b jako u \u010derstv\u00e9ho dom\u00e1c\u00edho mo\u0161tu z jablek.<\/p>\n\n\n\n<p><strong>Zm\u00ednil jste, \u017ee vyr\u00e1b\u00edte i zmrzlinu\u2026<\/strong><\/p>\n\n\n\n<p>Ano. V lo\u0148sk\u00e9m roce jsme po\u0159\u00eddili v\u00fdrobn\u00edk tzv. Fresh zmrzliny, abychom vyzkou\u0161eli, jestli jde ud\u011blat zmrzlinu i bez p\u0159idan\u00e9ho cukru. Ale zjistili jsme, \u017ee to nejde. Ve zmrzlin\u011b se toti\u017e bez p\u0159idan\u00e9ho cukru vytvo\u0159\u00ed ostr\u00e9 krystalky a \u0161patn\u011b se konzumuje. Nav\u00edc se velmi rychle rozpou\u0161t\u00ed. Tak\u017ee na\u0161e sorbety obsahuj\u00ed zhruba 30 % cukru a 70% ovocn\u00e9 slo\u017eky; ve srovn\u00e1n\u00ed s konkurenc\u00ed jsme na tom ale velmi dob\u0159e. A v leto\u0161n\u00edm roce k tomu p\u0159id\u00e1me je\u0161t\u011b nanuky pro d\u011bti a dosp\u011bl\u00e9.<\/p>\n\n\n\n<p>Zakoupili jsme na zak\u00e1zku vyr\u00e1b\u011bn\u00e1 elektrokola se z\u00e1sobn\u00edkem na zmrzlinu, kter\u00e1 budeme vyu\u017e\u00edvat k prodeji na festivalech a dal\u0161\u00edch akc\u00edch, ale chceme touto cestou nab\u00eddnout sorbety i v Blansku.&nbsp;<\/p>\n\n\n\n<p><strong>Co je to nanuk pro dosp\u011bl\u00e9?<\/strong><\/p>\n\n\n\n<p>P\u0159\u00edchut\u011b vych\u00e1z\u00ed z obl\u00edben\u00fdch alkoholick\u00fdch n\u00e1poj\u016f a koktejl\u016f v kombinaci s na\u0161imi d\u017eusy \u2013 v nab\u00eddce bude Pomeran\u010d s vodkou, Mango Sex on the beach, Mojito Maracuja a dal\u0161\u00ed\u2026 Obsah alkoholu v nanuc\u00edch bude okolo 5 %. P\u016fjde o netradi\u010dn\u00ed a osv\u011b\u017euj\u00edc\u00ed zpest\u0159en\u00ed letn\u00edch dn\u00ed a v\u011b\u0159\u00edm, \u017ee si na\u0161e nanuky z\u00e1kazn\u00edci obl\u00edb\u00ed.&nbsp;<\/p>\n\n\n\n<p><strong>Nab\u00edz\u00edte i dal\u0161\u00ed produkty?<\/strong><\/p>\n\n\n\n<p>Jako dopln\u011bk jsme za\u010dali nab\u00edzet su\u0161en\u00e9 mango bez p\u0159idan\u00e9ho cukru z oblasti Burkina Faso v z\u00e1padn\u00ed Africe. Toto mango zde zpracov\u00e1vaj\u00ed \u017eeny, kter\u00e9 byly zneu\u017e\u00edv\u00e1ny a t\u00fdr\u00e1ny a pot\u0159ebuj\u00ed pomoc. N\u00e1m se moc l\u00edbil pr\u00e1v\u011b tento p\u0159\u00edb\u011bh, kdy n\u00e1kupem p\u0159isp\u011bjeme na dobrou v\u011bc.&nbsp;<\/p>\n\n\n\n<p>V nab\u00eddce m\u00e1me d\u00e1le mlet\u00fd z\u00e1zvor, sko\u0159ici a su\u0161en\u00e9 kokosov\u00e9 ml\u00e9ko \u2013 ide\u00e1ln\u00ed do ka\u0161\u00ed, jako p\u0159\u00edsada do r\u016fzn\u00fdch asijsk\u00fdch j\u00eddel, do z\u00e1kusk\u016f\u2026 Na zimu jsme za\u010dali vyr\u00e1b\u011bt ovocn\u00e9 mixy na p\u0159\u00edpravu hork\u00fdch n\u00e1poj\u016f. Jablko se sko\u0159ic\u00ed, pun\u010d, hru\u0161ka se z\u00e1zvorem, Hork\u00e1 l\u00e1ska. Dod\u00e1v\u00e1me je hodn\u011b na tuzemsk\u00e1 horsk\u00e1 st\u0159ediska, tak\u017ee je mo\u017en\u00e9, \u017ee jste je u\u017e ochutnali.<\/p>\n\n\n\n<p><strong>Kde m\u016f\u017eou z\u00e1kazn\u00edci z Blanska koupit va\u0161e produkty?<\/strong><\/p>\n\n\n\n<p>V na\u0161em s\u00eddle v Olomu\u010danech m\u00e1me podnikovou prodejnu \u2013 sta\u010d\u00ed p\u0159ij\u00edt v provozn\u00ed dob\u011b a zazvonit, budeme se v\u00e1m v\u011bnovat. B\u00fdv\u00e1me tu od pond\u011bl\u00ed do p\u00e1tku v \u010dase 7 \u2013 15.30 hodin. Najdete n\u00e1s jednodu\u0161e, jsme p\u0159\u00edmo u silnice po prav\u00e9 stran\u011b sm\u011brem od Blanska.&nbsp;<\/p>\n\n\n\n<p>Nebo si na\u0161e d\u017eusy m\u016f\u017eete objednat z pohodl\u00ed domova p\u0159es n\u00e1\u0161 e-shop eshop.tropico.cz a vyzvednout bu\u010f u n\u00e1s na provozovn\u011b nebo si nechat objedn\u00e1vku poslat na jedno z na\u0161ich v\u00fddejn\u00edm m\u00edst ZDARMA.<\/p>\n\n\n\n<p>Dal\u0161\u00ed mo\u017enost\u00ed je p\u0159ihodit si na\u0161e smoothie do ko\u0161\u00edku k n\u00e1kupu na Rohlik.cz nebo nakoupit z aut\u00ed\u010dka u Familymarket.cz.<\/p>\n\n\n\n<p>Na\u0161e produkty prod\u00e1v\u00e1me n\u011bkdy i v Blansku na farm\u00e1\u0159sk\u00fdch trz\u00edch, kde nechyb\u00ed ochutn\u00e1vka. Dosud jsme zde nab\u00edzeli hork\u00e9 n\u00e1poje, s nadch\u00e1zej\u00edc\u00edmi tepl\u00fdmi dny p\u0159ijdou na \u0159adu d\u017eusy a \u010dasem i zmrzlina. Jak u\u017e jsem zm\u00ednil, v l\u00e9t\u011b nebudeme chyb\u011bt na mnoha akc\u00edch, a\u0165 u\u017e v regionu, tak mimo n\u011bj. Jedna z prvn\u00edch akc\u00ed v Blansku bude D\u011btsk\u00fd den v z\u00e1meck\u00e9m parku 3.6.2023. V\u0161echny na\u0161e produkty si m\u016f\u017eete prohl\u00e9dnout na str\u00e1nk\u00e1ch www.tropico.cz.<\/p>\n\n\n\n<p><strong>Martin M\u00fcller<\/strong><\/p>\n","protected":false},"excerpt":{"rendered":"<p>David Korgo je majitelem spole\u010dnosti Tropico v Olomu\u010danech. Jeho firma se zab\u00fdv\u00e1 prodejem a zpracov\u00e1n\u00edm ovocn\u00fdch koncentr\u00e1t\u016f a pyr\u00e9. Nedaleko<\/p>\n","protected":false},"author":1,"featured_media":7461,"comment_status":"open","ping_status":"closed","sticky":false,"template":"","format":"standard","meta":[],"categories":[14],"tags":[],"_links":{"self":[{"href":"https:\/\/www.monitor-bk.cz\/index.php?rest_route=\/wp\/v2\/posts\/7460"}],"collection":[{"href":"https:\/\/www.monitor-bk.cz\/index.php?rest_route=\/wp\/v2\/posts"}],"about":[{"href":"https:\/\/www.monitor-bk.cz\/index.php?rest_route=\/wp\/v2\/types\/post"}],"author":[{"embeddable":true,"href":"https:\/\/www.monitor-bk.cz\/index.php?rest_route=\/wp\/v2\/users\/1"}],"replies":[{"embeddable":true,"href":"https:\/\/www.monitor-bk.cz\/index.php?rest_route=%2Fwp%2Fv2%2Fcomments&post=7460"}],"version-history":[{"count":1,"href":"https:\/\/www.monitor-bk.cz\/index.php?rest_route=\/wp\/v2\/posts\/7460\/revisions"}],"predecessor-version":[{"id":7462,"href":"https:\/\/www.monitor-bk.cz\/index.php?rest_route=\/wp\/v2\/posts\/7460\/revisions\/7462"}],"wp:featuredmedia":[{"embeddable":true,"href":"https:\/\/www.monitor-bk.cz\/index.php?rest_route=\/wp\/v2\/media\/7461"}],"wp:attachment":[{"href":"https:\/\/www.monitor-bk.cz\/index.php?rest_route=%2Fwp%2Fv2%2Fmedia&parent=7460"}],"wp:term":[{"taxonomy":"category","embeddable":true,"href":"https:\/\/www.monitor-bk.cz\/index.php?rest_route=%2Fwp%2Fv2%2Fcategories&post=7460"},{"taxonomy":"post_tag","embeddable":true,"href":"https:\/\/www.monitor-bk.cz\/index.php?rest_route=%2Fwp%2Fv2%2Ftags&post=7460"}],"curies":[{"name":"wp","href":"https:\/\/api.w.org\/{rel}","templated":true}]}}