{"id":7454,"date":"2023-03-25T08:12:00","date_gmt":"2023-03-25T07:12:00","guid":{"rendered":"https:\/\/www.monitor-bk.cz\/?p=7454"},"modified":"2023-03-23T08:16:06","modified_gmt":"2023-03-23T07:16:06","slug":"na-kave-s-radkou-kuncovou","status":"publish","type":"post","link":"https:\/\/www.monitor-bk.cz\/?p=7454","title":{"rendered":"Na k\u00e1v\u011b s Radkou Kuncovou"},"content":{"rendered":"\n<p><strong>Od za\u010d\u00e1tku \u00fanora leto\u0161n\u00edho roku funguje v Oblastn\u00ed charit\u011b Blansko nov\u00e1 slu\u017eba, kterou je Poradna pro poz\u016fstal\u00e9 K\u0159\u00eddla v\u00e1\u017eky. Je zdarma a je ur\u010dena v\u0161em, kter\u00e9 t\u00ed\u017e\u00ed smutek ze ztr\u00e1ty milovan\u00e9ho \u010dlov\u011bka. Nab\u00edz\u00ed prostor pro vzpom\u00ednky, ventilov\u00e1n\u00ed emoc\u00ed, naslouch\u00e1n\u00ed, diskr\u00e9tnost, pochopen\u00ed, bl\u00edzkost. Na podrobn\u011bj\u0161\u00ed informace jsem se zeptala vedouc\u00ed slu\u017eby dom\u00e1c\u00ed zdravotn\u00ed p\u00e9\u010de Radky Kuncov\u00e9, kter\u00e1 m\u00e1 poradnu na starosti.\u00a0<\/strong><\/p>\n\n\n\n<figure class=\"wp-block-image size-large\"><img decoding=\"async\" loading=\"lazy\" width=\"800\" height=\"532\" src=\"https:\/\/www.monitor-bk.cz\/wp-content\/uploads\/2023\/03\/kuncova_web-800x532.jpg\" alt=\"\" class=\"wp-image-7455\" srcset=\"https:\/\/www.monitor-bk.cz\/wp-content\/uploads\/2023\/03\/kuncova_web-800x532.jpg 800w, https:\/\/www.monitor-bk.cz\/wp-content\/uploads\/2023\/03\/kuncova_web-300x199.jpg 300w, https:\/\/www.monitor-bk.cz\/wp-content\/uploads\/2023\/03\/kuncova_web-120x80.jpg 120w, https:\/\/www.monitor-bk.cz\/wp-content\/uploads\/2023\/03\/kuncova_web-768x510.jpg 768w, https:\/\/www.monitor-bk.cz\/wp-content\/uploads\/2023\/03\/kuncova_web.jpg 1276w\" sizes=\"(max-width: 800px) 100vw, 800px\" \/><\/figure>\n\n\n\n<p><strong>Pro\u010d \u201eK\u0159\u00eddla v\u00e1\u017eky\u201c?&nbsp;<\/strong><\/p>\n\n\n\n<p>V\u00e1\u017eka m\u00e1 symbolick\u00fd v\u00fdznam pro nalezen\u00ed s\u00edly po p\u0159ekon\u00e1n\u00ed t\u011b\u017ek\u00e9ho obdob\u00ed a tak\u00e9 n\u00e1s m\u00e1 nau\u010dit, jak p\u0159ijmout n\u00e1ro\u010dn\u00e9 zm\u011bny v \u017eivot\u011b a dodat lidem s\u00edlu.&nbsp;<\/p>\n\n\n\n<p><strong>Jak vznikl n\u00e1pad z\u0159\u00eddit poradnu pro poz\u016fstal\u00e9?&nbsp;<\/strong><\/p>\n\n\n\n<p>Prvotn\u00edm impulsem byla zhruba p\u0159ed p\u011bti lety my\u0161lenka, aby Mobiln\u00ed hospic sv. Martina nab\u00edzel komplexn\u00ed slu\u017eby. Uv\u011bdomovala jsem si, \u017ee poz\u016fstalostn\u00ed p\u00e9\u010de jako takov\u00e1 pot\u0159ebuje v\u00edc \u010dasu, sest\u0159i\u010dky a ostatn\u00ed person\u00e1l hospice nem\u00e1 dostate\u010dnou kapacitu a p\u00e9\u010de po \u00famrt\u00ed je stejn\u011b tak d\u016fle\u017eit\u00e1 a n\u00e1ro\u010dn\u00e1. &nbsp;<\/p>\n\n\n\n<p><strong>Je tato slu\u017eba ur\u010dena pouze klient\u016fm mobiln\u00edho hospice?&nbsp;<\/strong><\/p>\n\n\n\n<p>Ne, slu\u017ebu nab\u00edz\u00edme v\u0161em, kte\u0159\u00ed ztrat\u00ed bl\u00edzk\u00e9ho, nez\u00e1visle na tom, zda jsou nebo nejsou klienty mobiln\u00edho hospice. Tento projekt jsme m\u011bli dlouho v hlav\u011b a hledali jsme zp\u016fsob financov\u00e1n\u00ed zaji\u0161t\u011bn\u00ed p\u00e9\u010de o poz\u016fstal\u00e9, nejen t\u011bch, kte\u0159\u00ed projdou na\u0161\u00ed slu\u017ebou. Pod\u00e1vali jsme tedy projekty na M\u00edstn\u00ed ak\u010dn\u00ed skupiny Moravsk\u00fd kras a Boskovicko plus a Brn\u011bnskou metropolitn\u00ed oblast, d\u00edky \u010demu\u017e se poda\u0159ilo zajistit financov\u00e1n\u00ed poradny pro poz\u016fstal\u00e9. T\u00edm p\u00e1dem m\u016f\u017ee b\u00fdt tato slu\u017eba pro v\u0161echny zdarma.&nbsp;<\/p>\n\n\n\n<p><strong>Funguje podobn\u00e1 slu\u017eba i jinde v republice?&nbsp;<\/strong><\/p>\n\n\n\n<p>Ur\u010dit\u011b ano. V Jihomoravsk\u00e9m kraji v\u00edm o dal\u0161\u00edch charitn\u00edch hospic\u00edch, kter\u00e9 by cht\u011bli poradenstv\u00ed pro svoje klienty v tomto roce zah\u00e1jit.<\/p>\n\n\n\n<p>Pl\u00e1nujeme nav\u00e1zat spolupr\u00e1ci se v\u0161emi mo\u017en\u00fdmi institucemi, nap\u0159\u00edklad s poh\u0159ebn\u00edmi slu\u017ebami, d\u00e1le se slo\u017ekami z\u00e1chrann\u00e9ho syst\u00e9mu. Velk\u00e9 procento zem\u0159el\u00fdch jsou t\u00e9\u017e ob\u011bti dopravn\u00edch nehod. Dal\u0161\u00ed specifickou skupinou, kter\u00e1 si zaslou\u017e\u00ed podporu, jsou rodi\u010de, kte\u0159\u00ed ztrat\u00ed d\u00edt\u011b, a\u0165 u\u017e narozen\u00e9 nebo nenarozen\u00e9.&nbsp;<\/p>\n\n\n\n<p><strong>C\u00edtili jste pot\u0159ebu p\u00e9\u010de o poz\u016fstal\u00e9 na z\u00e1klad\u011b profesn\u00edch zku\u0161enost\u00ed?&nbsp;<\/strong><\/p>\n\n\n\n<p>Ano, vn\u00edm\u00e1m to z pozice zam\u011bstnanc\u016f dom\u00e1c\u00ed zdravotn\u00ed p\u00e9\u010de, pe\u010dovatelsk\u00e9 slu\u017eby nebo obecn\u011b ter\u00e9nn\u00edch slu\u017eeb v Charit\u011b \u2013 setk\u00e1v\u00e1me se s dlouhodob\u00fdm n\u00e1sledkem \u00famrt\u00ed. Jde nap\u0159\u00edklad o seniory, kte\u0159\u00ed jsou jako partne\u0159i na sebe zvykl\u00ed t\u0159eba \u010dty\u0159icet, mnohdy i pades\u00e1t let, a pak jeden z nich odejde, a\u0165 u\u017e n\u00e1hle, nebo po t\u011b\u017ek\u00e9 nemoci. Jeden senior najednou z\u016fstane s\u00e1m, str\u00e1d\u00e1 a nedok\u00e1\u017ee se s t\u00edm dlouhodob\u011b vyrovnat. A jeliko\u017e se s t\u011bmito klienty pak setk\u00e1v\u00e1me p\u0159i ter\u00e9nn\u00ed dom\u00e1c\u00ed p\u00e9\u010di, vid\u00edme, \u017ee dan\u00e1 skupina lid\u00ed nen\u00ed po t\u00e9to str\u00e1nce nijak o\u0161et\u0159en\u00e1. Jak\u00e9 maj\u00ed jin\u00e9 mo\u017enosti? Obr\u00e1tit se na rodinu, kter\u00e1 je ov\u0161em v jin\u00e9 f\u00e1zi zvl\u00e1d\u00e1n\u00ed smutku, m\u011bla k zem\u0159el\u00e9mu jin\u00fd vztah, jinak se vypo\u0159\u00e1dala s jeho ztr\u00e1tou, anebo se obr\u00e1tit na n\u011bjak\u00e9ho profesion\u00e1la typu psycholog \u010di psychiatr. Tato slu\u017eba je zcela jist\u011b \u00fa\u010dinn\u00e1 a pot\u0159ebn\u00e1 ve chv\u00edli komplikovan\u00e9ho truchlen\u00ed, ale pr\u00e1v\u011b aby ke komplikovan\u00e9mu truchlen\u00ed nedo\u0161lo, m\u016f\u017ee pomoci na\u0161e poradna.&nbsp;<\/p>\n\n\n\n<p><strong>Jak by m\u011blo prob\u00edhat setk\u00e1n\u00ed pracovn\u00edka poradny s klientem? &nbsp;<\/strong><\/p>\n\n\n\n<p>Nechceme, aby si klienti mysleli, \u017ee bude pracovn\u00edk ud\u011blovat n\u011bjak\u00e9 rady a pou\u010dky. Je to p\u0159edev\u0161\u00edm o sd\u00edlen\u00ed. Je to o tom, d\u00e1t prostor a \u010das lidem, kte\u0159\u00ed truchl\u00ed, pot\u0159ebuj\u00ed vzpom\u00ednat, vracet se k ud\u00e1lostem, kte\u0159\u00ed pot\u0159ebuj\u00ed ze sebe dostat \u017eal a smutek. Je to tedy nab\u00eddka prost\u0159edku, jak se smutkem zach\u00e1zet.&nbsp;<\/p>\n\n\n\n<p><strong>Mus\u00ed klienti n\u011bkam sami doch\u00e1zet?&nbsp;<\/strong><\/p>\n\n\n\n<p>S\u00eddlo poradny je v prostor\u00e1ch zdravotn\u00ed a pe\u010dovatelsk\u00e9 slu\u017eby na Sadov\u00e9 ulici v Blansku, ale slu\u017eba bude fungovat ter\u00e9nn\u00ed formou, tak\u017ee tam, kde to bude klient\u016fm p\u0159\u00edjemn\u00e9. Doma v jejich p\u0159irozen\u00e9m prost\u0159ed\u00ed, u vzpom\u00ednek, u \u017eivota, kter\u00fd spole\u010dn\u011b pro\u017e\u00edvali se sv\u00fdm bl\u00edzk\u00fdm, p\u0159\u00edpadn\u011b na neutr\u00e1ln\u00ed p\u016fd\u011b, nap\u0159\u00edklad na proch\u00e1zce v parku. N\u011bkdo ke sd\u00edlen\u00ed pot\u0159ebuje fyzickou aktivitu, pot\u0159ebuje c\u00edtit vzduch, vid\u011bt p\u0159\u00edrodu. Pracovn\u00edci budou p\u0159ich\u00e1zet za klienty tam, kam si oni sami ur\u010d\u00ed.&nbsp;<\/p>\n\n\n\n<p><strong>Jak \u010dasto prob\u00edh\u00e1 kontakt u klienta?&nbsp;<\/strong><\/p>\n\n\n\n<p>Je to individu\u00e1ln\u00ed, podle pot\u0159eb klient\u016f. Pracovn\u00edci poradny jsou pro\u0161koleni v poradenstv\u00ed pro poz\u016fstal\u00e9 a rozpoznaj\u00ed, kdy je nutn\u00e9 odk\u00e1zat na ostatn\u00ed odborn\u00edky, nap\u0159\u00edklad l\u00e9ka\u0159e, pr\u00e1vn\u00edky a podobn\u011b. C\u00edlem poskytov\u00e1n\u00ed slu\u017eeb poradny je hlavn\u011b prevence, aby nedoch\u00e1zelo ke krizov\u00fdm situac\u00edm, patologick\u00fdm jev\u016fm \u010di n\u011bjak\u00e9mu komplikovan\u00e9mu truchlen\u00ed. U klient\u016f si tak\u00e9 v\u0161\u00edm\u00e1m psychosomatick\u00fdch pot\u00ed\u017e\u00ed, kdy se na z\u00e1klad\u011b zhor\u0161en\u00e9ho psychick\u00e9ho stavu vyskytuj\u00ed r\u016fzn\u00e9 t\u011blesn\u00e9 neduhy. Jakmile du\u0161e trp\u00ed, projevuje se to i na t\u011ble. M\u016f\u017ee j\u00edt nap\u0159\u00edklad o nespavost nebo bolesti, kter\u00e9 nejsou l\u00e9ka\u0159sky vysv\u011btliteln\u00e9. A jejich p\u016fvod m\u016f\u017ee b\u00fdt pr\u00e1v\u011b v neo\u0161et\u0159en\u00e9m truchlen\u00ed.<\/p>\n\n\n\n<p>Kdy\u017e je du\u0161e nemocn\u00e1 a trp\u00ed, nejv\u00edce asi pom\u00e1h\u00e1 mluvit a mluvit. K n\u011b\u010demu se vracet, vzpom\u00ednat, dost\u00e1vat to ze sebe, ohlazovat ostr\u00e9 hrany, kter\u00e9 bolest\u00ed vznikly.&nbsp;<\/p>\n\n\n\n<p><strong>Nevede to pak ale k n\u011bjak\u00e9mu zab\u0159ednut\u00ed do minulosti a strachu pro\u017e\u00edvat p\u0159\u00edtomnost?&nbsp;<\/strong><\/p>\n\n\n\n<p>Toho se \u00fapln\u011b neboj\u00edm, proto\u017ee vzpom\u00ednky nejsou jen o bolesti, ale i o hezk\u00fdch v\u011bcech. A aby se bolestn\u00e9 vzpom\u00ednky zakryly, mus\u00ed se vzpom\u00ednat i na to hezk\u00e9 a d\u00e1t prostor dobru z minulosti a tomu, co z toho m\u016f\u017ee \u010dlov\u011bk d\u00e1l t\u011b\u017eit.<\/p>\n\n\n\n<p><strong>Jak dlouho by m\u011blo trvat ka\u017ed\u00e9 setk\u00e1n\u00ed pracovn\u00edka s klientem?&nbsp;<\/strong><\/p>\n\n\n\n<p>To nen\u00ed nikde stanoveno, je to na domluv\u011b. &nbsp;<\/p>\n\n\n\n<p><strong>A jak \u010dast\u00fd by m\u011bl b\u00fdt kontakt?&nbsp;<\/strong><\/p>\n\n\n\n<p>N\u00e1v\u0161t\u011bvy nejsou o pravideln\u00fdch dan\u00fdch hodin\u00e1ch a rozpisech, jde o to, aby spole\u010dn\u00fd \u010das byl pro klienta p\u0159\u00ednosn\u00fd. Pl\u00e1nujeme tak\u00e9 sv\u00e9pomocn\u00e9 skupiny \u2013 dovedu si p\u0159edstavit nap\u0159\u00edklad partu p\u011bti lid\u00ed, kte\u0159\u00ed by se jednou m\u011bs\u00ed\u010dn\u011b sch\u00e1zeli pod veden\u00edm psycholo\u017eky. V tomto p\u0159\u00edpad\u011b m\u016f\u017ee j\u00edt o spole\u010dn\u00e9 aktivity a z\u00e1\u017eitky, kter\u00e9 povedou k soci\u00e1ln\u00edmu za\u010dlen\u011bn\u00ed \u2013 vych\u00e1zky nebo jak\u00e9koliv \u010dinnosti, u nich\u017e se spont\u00e1nn\u011b pov\u00edd\u00e1, vzpom\u00edn\u00e1, vz\u00e1jemn\u011b se inspiruje, jak kdo truchlen\u00ed zvl\u00e1dal, co pom\u00e1halo, co bylo t\u011b\u017ek\u00e9. Je tam prostor i pro vznik nov\u00fdch p\u0159\u00e1telstv\u00ed.&nbsp;<\/p>\n\n\n\n<p><strong>Kdo je tedy klient\u016fm poradny k dispozici?&nbsp;<\/strong><\/p>\n\n\n\n<p>Dv\u011b soci\u00e1ln\u00ed pracovnice a psycholo\u017eka.&nbsp;<\/p>\n\n\n\n<p><strong>Mohou si lid\u00e9 vybrat, s k\u00fdm se cht\u011bj\u00ed sch\u00e1zet?&nbsp;<\/strong><\/p>\n\n\n\n<p>Zat\u00edm to m\u00e1me tak, \u017ee si klienti vyb\u00edraj\u00ed, s k\u00fdm by cht\u011bli konzultace uskute\u010dnit. Je to i o tom, jak pracovnice zmapuje, co je pot\u0159eba u klienta \u0159e\u0161it. N\u011bkdy \u0159e\u0161\u00ed t\u0159eba i bydlen\u00ed, soci\u00e1ln\u00ed p\u0159\u00edsp\u011bvky. M\u016f\u017eeme pomoci p\u0159i vy\u0159izov\u00e1n\u00ed praktick\u00fdch z\u00e1le\u017eitost\u00ed, nap\u0159\u00edklad s kontaktem s \u00fa\u0159ady, \u0161kolou, navazuj\u00edc\u00edmi slu\u017ebami.&nbsp;<\/p>\n\n\n\n<p>Poradna je vhodn\u00e1 jak pro jednotlivce, tak pro rodiny. I pro d\u011bti \u2013 v tom p\u0159\u00edpad\u011b m\u016f\u017ee setk\u00e1n\u00ed prob\u00edhat formou hry a citliv\u00e9ho p\u0159\u00edstupu p\u0159izp\u016fsoben\u00e9mu v\u011bku d\u00edt\u011bte. \u010cast\u00e1 ot\u00e1zka rodi\u010d\u016f je, jestli br\u00e1t d\u011bti na poh\u0159eb prarodi\u010d\u016f, jestli zapojovat d\u011bti do p\u00e9\u010de o um\u00edraj\u00edc\u00ed seniory a jak v\u016fbec zach\u00e1zet s t\u00e9matem smrti v d\u011btsk\u00e9m v\u011bku.&nbsp;<\/p>\n\n\n\n<p><strong>A na to m\u00e1te n\u011bjak\u00fd \u201en\u00e1vod\u201c?&nbsp;<\/strong><\/p>\n\n\n\n<p>D\u011bti znaj\u00ed nejl\u00e9pe jejich rodi\u010de, jak r\u016fzn\u00e9 v\u011bci pro\u017e\u00edvaj\u00ed, ale obecn\u011b se d\u00e1 \u0159\u00edct, \u017ee d\u011bti jsou tak spont\u00e1nn\u00ed a p\u0159irozen\u00e9, \u017ee s t\u00edm v\u011bt\u0161inou v\u011bt\u0161\u00ed probl\u00e9m nemaj\u00ed. M\u016f\u017eeme tedy rodi\u010d\u016fm v situaci, kdy se bl\u00ed\u017e\u00ed odchod prarodi\u010d\u016f, pomoci s t\u00edm, jak se o tom s d\u011btmi bavit, jakou formou jim to \u0159\u00edct a jak je na to p\u0159ipravit. I to je jeden z c\u00edl\u016f poradny. Za poz\u016fstal\u00e9 se toti\u017e pova\u017euj\u00ed u\u017e i lid\u00e9, kte\u0159\u00ed pe\u010duj\u00ed o bl\u00edzk\u00e9ho v termin\u00e1ln\u00edm stadiu. Proto i ke klient\u016fm hospicov\u00e9 p\u00e9\u010de doch\u00e1z\u00ed pracovnice poradny u\u017e p\u0159i zaveden\u00ed hospicov\u00e9 p\u00e9\u010de. Nen\u00ed to samoz\u0159ejm\u011b ot\u00e1zka let, ale kdy\u017e u\u017e se to opravdu bl\u00ed\u017e\u00ed, kdy u\u017e prob\u00edh\u00e1 n\u011bjak\u00fd proces lou\u010den\u00ed se a vyrovn\u00e1v\u00e1n\u00ed se se ztr\u00e1tou.&nbsp;<\/p>\n\n\n\n<p><strong>Jak se se ztr\u00e1tou vyrovnat?&nbsp;<\/strong><\/p>\n\n\n\n<p>Je to pot\u0159eba od\u017e\u00edt. Zp\u016fsob\u016f je spousta, ka\u017ed\u00fd m\u00e1 sv\u016fj individu\u00e1ln\u00ed. Ale nejv\u00edce pom\u00e1h\u00e1 to s n\u011bk\u00fdm sd\u00edlet, bavit se o tom a neb\u00e1t se toho t\u00e9matu.&nbsp;<\/p>\n\n\n\n<p>Kdy\u017e jsou rodinn\u00ed p\u0159\u00edslu\u0161n\u00edci zapojeni do p\u00e9\u010de, p\u0159irozen\u011b prob\u00edh\u00e1 proces lou\u010den\u00ed a je to potom pro n\u011b snaz\u0161\u00ed. Pak je tak\u00e9 d\u016fle\u017eit\u00fd ritu\u00e1l \u2013 poh\u0159eb, i kdy\u017e na Morav\u011b neb\u00fdv\u00e1 probl\u00e9m s t\u00edm, \u017ee by poh\u0159by neprob\u00edhaly, ale v\u00edm, \u017ee je to sp\u00ed\u0161 probl\u00e9m \u010cech a severn\u00ed \u010d\u00e1sti republiky, kde poh\u0159by upadaj\u00ed, prost\u011b se mnohdy ned\u011blaj\u00ed. Rozlou\u010den\u00ed potom chyb\u00ed a \u010dlov\u011bk si danou situaci dlouho ani nep\u0159ipou\u0161t\u00ed. A tak\u00e9 je d\u016fle\u017eit\u00e9 neb\u00e1t se emoc\u00ed, pl\u00e1\u010d ke ztr\u00e1t\u011b bl\u00edzk\u00e9ho pat\u0159\u00ed, i smutek a zloba. \u010clov\u011bk m\u016f\u017ee m\u00edt pocit viny, \u017ee mohl n\u011bco ud\u011blat jinak, d\u0159\u00edv, nebo naopak n\u011bco nem\u011bl d\u011blat. Je pot\u0159eba v\u0161echno negativn\u00ed ze sebe vyventilovat.&nbsp;<\/p>\n\n\n\n<p><strong>Jak\u00e1 je pr\u016fm\u011brn\u00e1 doba, po kterou k um\u00edraj\u00edc\u00edmu \u010dlov\u011bku doch\u00e1z\u00ed pracovn\u00edci mobiln\u00edho hospice?&nbsp;<\/strong><\/p>\n\n\n\n<p>Zhruba 25 a\u017e 30 dn\u016f. Je to m\u00e1lo, bylo by pot\u0159eba v\u00edce \u010dasu, ale je to posledn\u00ed dobou takov\u00fd trend a nev\u00edme, \u010d\u00edm to je. Jestli dlouho trv\u00e1, ne\u017e se rozhodnou l\u00e9ka\u0159i, \u017ee se konec nezadr\u017eiteln\u011b bl\u00ed\u017e\u00ed, nebo ne\u017e se rozhodnou rodiny\u2026 Je to potom n\u00e1ro\u010dn\u011bj\u0161\u00ed pro v\u0161echny, jak pro rodiny, aby se s t\u00edm takhle rychle sm\u00ed\u0159ily a v\u0161echno za\u0159\u00eddily, tak i pro pracovn\u00edky slu\u017eby.&nbsp;<\/p>\n\n\n\n<p><strong>V \u010dem je to t\u011b\u017e\u0161\u00ed pro pracovn\u00edky?&nbsp;<\/strong><\/p>\n\n\n\n<p>T\u011b\u017e\u0161\u00ed je na za\u010d\u00e1tku dob\u0159e nastavit cel\u00fd pl\u00e1n, aby pacientovi i rodin\u011b bylo dob\u0159e ve v\u0161ech oblastech. Pro pracovn\u00edky je slo\u017eit\u00e9 zmapovat situaci v rodin\u011b a rozpoznat v\u0161echny pot\u0159eby, kl\u00ed\u010dov\u00e9 je nav\u00e1z\u00e1n\u00ed d\u016fv\u011bry, co\u017e vy\u017eaduje ur\u010dit\u00fd \u010das.<\/p>\n\n\n\n<p><strong>A jak se s odchody klient\u016f vyrovn\u00e1vaj\u00ed pracovn\u00edci mobiln\u00edho hospice?&nbsp;<\/strong><\/p>\n\n\n\n<p>M\u00e1me tak\u00e9 svoje ritu\u00e1ly, proto\u017ee si mysl\u00edm, \u017ee ritu\u00e1ly obecn\u011b pom\u00e1haj\u00ed p\u0159en\u00e9st se p\u0159es t\u011b\u017ek\u00e9 obdob\u00ed. V hospici m\u00e1me zaveden\u00fd ukon\u010dovac\u00ed ritu\u00e1l. Kdy\u017e zem\u0159e klient na\u0161\u00ed slu\u017eby, zap\u00e1l\u00edme za n\u011bj sv\u00ed\u010dku a uchov\u00e1me si jeho jm\u00e9no a vzpom\u00ednku v pam\u011btn\u00ed knize. Ka\u017ed\u00fd pracovn\u00edk m\u00e1 n\u011bjakou svoji pom\u016fcku ke zvl\u00e1d\u00e1n\u00ed n\u00e1ro\u010dn\u00fdch situac\u00ed. N\u011bkdo v\u00edru, n\u011bkdo odevzd\u00e1v\u00e1 emoce Bohu, n\u011bkdo si to uzav\u0159e naps\u00e1n\u00edm jm\u00e9na, zap\u00e1len\u00edm sv\u00ed\u010dky a vzpom\u00ednkou. N\u011bkdo vd\u011bkem, \u017ee mohl b\u00fdt chvilku s dan\u00fdm \u010dlov\u011bkem. Ka\u017ed\u00fd to zpracov\u00e1v\u00e1 jinak, n\u011bkdo tichem, n\u011bkdo odpo\u010dinkem, v p\u0159\u00edrod\u011b, u sportu\u2026&nbsp;<\/p>\n\n\n\n<p><strong>Marie Kalov\u00e1<\/strong><\/p>\n","protected":false},"excerpt":{"rendered":"<p>Od za\u010d\u00e1tku \u00fanora leto\u0161n\u00edho roku funguje v Oblastn\u00ed charit\u011b Blansko nov\u00e1 slu\u017eba, kterou je Poradna pro poz\u016fstal\u00e9 K\u0159\u00eddla v\u00e1\u017eky. Je<\/p>\n","protected":false},"author":1,"featured_media":7455,"comment_status":"open","ping_status":"closed","sticky":false,"template":"","format":"standard","meta":[],"categories":[14],"tags":[],"_links":{"self":[{"href":"https:\/\/www.monitor-bk.cz\/index.php?rest_route=\/wp\/v2\/posts\/7454"}],"collection":[{"href":"https:\/\/www.monitor-bk.cz\/index.php?rest_route=\/wp\/v2\/posts"}],"about":[{"href":"https:\/\/www.monitor-bk.cz\/index.php?rest_route=\/wp\/v2\/types\/post"}],"author":[{"embeddable":true,"href":"https:\/\/www.monitor-bk.cz\/index.php?rest_route=\/wp\/v2\/users\/1"}],"replies":[{"embeddable":true,"href":"https:\/\/www.monitor-bk.cz\/index.php?rest_route=%2Fwp%2Fv2%2Fcomments&post=7454"}],"version-history":[{"count":1,"href":"https:\/\/www.monitor-bk.cz\/index.php?rest_route=\/wp\/v2\/posts\/7454\/revisions"}],"predecessor-version":[{"id":7456,"href":"https:\/\/www.monitor-bk.cz\/index.php?rest_route=\/wp\/v2\/posts\/7454\/revisions\/7456"}],"wp:featuredmedia":[{"embeddable":true,"href":"https:\/\/www.monitor-bk.cz\/index.php?rest_route=\/wp\/v2\/media\/7455"}],"wp:attachment":[{"href":"https:\/\/www.monitor-bk.cz\/index.php?rest_route=%2Fwp%2Fv2%2Fmedia&parent=7454"}],"wp:term":[{"taxonomy":"category","embeddable":true,"href":"https:\/\/www.monitor-bk.cz\/index.php?rest_route=%2Fwp%2Fv2%2Fcategories&post=7454"},{"taxonomy":"post_tag","embeddable":true,"href":"https:\/\/www.monitor-bk.cz\/index.php?rest_route=%2Fwp%2Fv2%2Ftags&post=7454"}],"curies":[{"name":"wp","href":"https:\/\/api.w.org\/{rel}","templated":true}]}}