{"id":7443,"date":"2023-03-03T09:14:37","date_gmt":"2023-03-03T08:14:37","guid":{"rendered":"https:\/\/www.monitor-bk.cz\/?p=7443"},"modified":"2023-03-03T09:14:37","modified_gmt":"2023-03-03T08:14:37","slug":"na-kave-s-misou-buchtovou","status":"publish","type":"post","link":"https:\/\/www.monitor-bk.cz\/?p=7443","title":{"rendered":"Na k\u00e1v\u011b s M\u00ed\u0161ou Buchtovou"},"content":{"rendered":"\n<figure class=\"wp-block-image size-large\"><img decoding=\"async\" loading=\"lazy\" width=\"800\" height=\"543\" src=\"https:\/\/www.monitor-bk.cz\/wp-content\/uploads\/2023\/03\/misa_web-1-800x543.jpg\" alt=\"\" class=\"wp-image-7445\" srcset=\"https:\/\/www.monitor-bk.cz\/wp-content\/uploads\/2023\/03\/misa_web-1-800x543.jpg 800w, https:\/\/www.monitor-bk.cz\/wp-content\/uploads\/2023\/03\/misa_web-1-300x204.jpg 300w, https:\/\/www.monitor-bk.cz\/wp-content\/uploads\/2023\/03\/misa_web-1-118x80.jpg 118w, https:\/\/www.monitor-bk.cz\/wp-content\/uploads\/2023\/03\/misa_web-1-768x522.jpg 768w, https:\/\/www.monitor-bk.cz\/wp-content\/uploads\/2023\/03\/misa_web-1.jpg 1100w\" sizes=\"(max-width: 800px) 100vw, 800px\" \/><\/figure>\n\n\n\n<p><strong>Skoro nikdo j\u00ed ne\u0159ekne jinak ne\u017e Buchta. M\u00ed\u0161a je fotografka, pracovala pro film a \u010ceskou televizi, ale taky je maminkou dvoj\u010dat a v\u00a0neposledn\u00ed \u0159ad\u011b majitelkou SU \u2013 zcela nov\u00e9 m\u00f3dn\u00ed zna\u010dky, se kterou se sna\u017e\u00ed prosadit na trhu.\u00a0<\/strong><\/p>\n\n\n\n<p><strong>Kdy jsi za\u010dala fotit?<\/strong><\/p>\n\n\n\n<p>Od mali\u010dka jsem hodn\u011b sportovala a malovala. Ve sportu jsem byla docela \u00fasp\u011b\u0161n\u00e1 \u2013 v&nbsp;karate jsem dokonce vyhr\u00e1vala mistrovstv\u00ed Evropy. Po \u0161kole jsem za\u010dala d\u011blat grafiku a fotku \u2013 to byl v\u017edycky m\u016fj sen. Jen\u017ee jsem nem\u011bla pen\u00edze na dobr\u00e9 vybaven\u00ed, tak\u017ee jsem vyst\u0159\u00eddala n\u011bkolik zam\u011bstn\u00e1n\u00ed s&nbsp;t\u00edm, \u017ee vyd\u011bl\u00e1m pen\u00edze a nakoup\u00edm techniku. Pak p\u0159i\u0161la mo\u017enost provozovat hospodu, k&nbsp;tomu jsem je\u0161t\u011b otev\u0159ela spinningov\u00e9 centrum v&nbsp;Boskovic\u00edch, tak\u017ee za\u010dalo podnik\u00e1n\u00ed na pln\u00fd \u00favazek (vlastn\u011b na dva). K&nbsp;tomu jsem za\u010dala je\u0161t\u011b zak\u00e1zkov\u011b fotit. V&nbsp;t\u00e9 dob\u011b to bylo docela n\u00e1ro\u010dn\u00e9, jeliko\u017e fotografick\u00fd sv\u011bt pro\u017e\u00edval d\u00edky p\u0159echodu na digit\u00e1ln\u00ed form\u00e1t revoluci; ne\u0161lo jen o nov\u00e9 technologie ve focen\u00ed, ale taky o n\u00e1slednou \u00fapravu, nov\u00e9 po\u010d\u00edta\u010dov\u00e9 programy atd. M\u016fj prvn\u00ed fo\u0165\u00e1k byl Zenit E \u2013 star\u00e1 filmov\u00e1 klasika, tak\u017ee jsem si ze za\u010d\u00e1tku pro\u0161la klasick\u00fdm \u201emokr\u00fdm\u201c procesem. Digit\u00e1ln\u00ed fotka \u2013 to byl zcela nov\u00fd sv\u011bt.<\/p>\n\n\n\n<p><strong>Kdy jsi za\u010dala fotit na pln\u00fd \u00favazek?<\/strong><\/p>\n\n\n\n<p>Od dvaadvaceti do t\u0159iceti jsem se v\u011bnovala podnik\u00e1n\u00ed \u2013 v\u011bd\u011bla jsem p\u0159esn\u011b, co chci. Tr\u00e9novala jsem, k&nbsp;tomu provozovala hospodu, do toho ob\u010dasn\u00e9 focen\u00ed. M\u011bla jsem kontakt s&nbsp;lidmi a tato kombinace m\u011b velmi bavila. Zm\u011bna nastala ve chv\u00edli, kdy jsem prod\u011blala v\u00e1\u017enou nehodu na motorce, p\u0159i kter\u00e9 jsem si rozdrtila p\u00e1nev. Najednou jsem se ocitla na n\u011bkolik m\u011bs\u00edc\u016f na nemocni\u010dn\u00edm l\u016f\u017eku a m\u016fj zdravotn\u00ed stav mi nedovolil ani b\u011bhat kolem hospody, nato\u017e tr\u00e9novat. Tak\u017ee jsem v\u0161echno prodala, nakoupila vybaven\u00ed a za\u010dala se naplno v\u011bnovat fotografii. Tu jsem d\u011blat mohla.&nbsp;<\/p>\n\n\n\n<p>Kdy\u017e jsem byla v nemocnici, potkala jsem se s Terezou, kter\u00e1 studovala produkci. M\u011bla po v\u00e1\u017en\u00e9 autonehod\u011b podobn\u011b jako j\u00e1. Sedly jsme si na prvn\u00ed dobrou a str\u00e1vily spole\u010dn\u011b dva m\u011bs\u00edce na Malvazink\u00e1ch. Dalo by se \u0159\u00edct, \u017ee jsme se se\u0161ly ve spr\u00e1vn\u00fd \u010das na spr\u00e1vn\u00e9m m\u00edst\u011b (jestli se to d\u00e1 v\u016fbec \u0159\u00edct o rehabilita\u010dn\u00edm odd\u011blen\u00ed :))) Byla to pr\u00e1v\u011b Terka, kter\u00e1 m\u011b sezn\u00e1mila s re\u017eis\u00e9rem absolventsk\u00e9ho filmu, kter\u00fd pr\u00e1v\u011b p\u0159ipravovali na FAMU. Tam jsem za\u010dala fotku vn\u00edmat velmi intenzivn\u011b.<\/p>\n\n\n\n<p><strong>Z\u00a0toho asi moc pen\u011bz nebylo\u2026<\/strong><\/p>\n\n\n\n<p>V\u016fbec, d\u011blala jsem to zadarmo \ud83d\ude42 Ale vzpom\u00edn\u00e1m na to moc r\u00e1da \u2013 byli jsme t\u00fdm asi patn\u00e1cti lid\u00ed, dva t\u00fddny jsme p\u0159eb\u00fdvali v\u00a0jedn\u00e9 m\u00edstnosti, ve kter\u00e9 jsme spole\u010dn\u011b va\u0159ili a pracovali. P\u0159esto\u017ee jsem z\u00a0tohoto focen\u00ed nem\u011bla ani korunu, bylo pro m\u016fj dal\u0161\u00ed \u017eivot naprosto kl\u00ed\u010dov\u00e9. Pr\u00e1v\u011b tahle p\u0159\u00edle\u017eitost mne posunula sm\u011brem k\u00a0rozhodnut\u00ed, \u017ee p\u0159esn\u011b tuhle pr\u00e1ci chci d\u011blat. Dal\u0161\u00ed filmov\u00e1 zak\u00e1zka u\u017e placen\u00e1 byla. Fotky jsem odevzdala a producent byl tak nad\u0161en\u00fd, \u017ee mi zaplatil n\u011bkolikan\u00e1sobek domluven\u00e9 sumy. To byla motivace!<\/p>\n\n\n\n<p>D\u011blala jsem si jm\u00e9no, p\u0159ich\u00e1zely dal\u0161\u00ed zak\u00e1zky. V\u00fdrazn\u00fdm hybatelem, kter\u00fd rozhodl o m\u00e9 dal\u0161\u00ed \u017eivotn\u00ed etap\u011b, byla pr\u00e1ce na filmu Fotograf o Janu Saudkovi. M\u011bla jsem p\u0159\u00edle\u017eitost jej portr\u00e9tovat v&nbsp;jeho vlastn\u00edm ateli\u00e9ru a potkala spoustu zn\u00e1m\u00fdch herc\u016f a dal\u0161\u00edch lid\u00ed od filmu. Jana Saudka v&nbsp;tomto filmu ztv\u00e1rnil Karel Roden.<\/p>\n\n\n\n<p><strong>Studovala jsi fotografii?<\/strong><\/p>\n\n\n\n<p>Jeliko\u017e po nehod\u011b u\u017e mi zbyla jen fotka, zjistila jsem, \u017ee abych dos\u00e1hla sv\u00fdch sn\u016f, mus\u00edm se je\u0161t\u011b hodn\u011b u\u010dit. Fotografickou \u0161kolu jako takovou nem\u00e1m \u2013 ani st\u0159edn\u00ed, ani vy\u0161\u0161\u00ed odbornou. Nikdy jsem to takhle necht\u011bla. Tak\u017ee nezbylo ne\u017e si ud\u011blat n\u011bjak\u00fd soukrom\u00fd kurz.&nbsp;<\/p>\n\n\n\n<p>Absolvovala jsem p\u016flro\u010dn\u00ed kurz v IDIF \u2013 Institut digit\u00e1ln\u00ed fotografie, kter\u00fd vede Ond\u0159ej Neff, otec vynikaj\u00edc\u00edho fotoreport\u00e9ra Davida Neffa. S&nbsp;Davidem jsme n\u011bkolikr\u00e1t debatovali o fotk\u00e1ch, d\u011blal v\u00e1le\u010dnou report\u00e1\u017en\u00ed fotku a toho \u010dasu mne jeho pr\u00e1ce l\u00e1kala; evokovala ve mn\u011b spojen\u00ed cestov\u00e1n\u00ed \u2013 fotka \u2013 dobrodru\u017estv\u00ed \u2013 adrenalin.&nbsp;<\/p>\n\n\n\n<p>Hodn\u011b mi daly i retu\u0161\u00e9rsk\u00e9 pr\u00e1ce ve studiu Stanislava Petery. Standa m\u00e1 akademii, kter\u00e1 \u0161kol\u00ed profesion\u00e1ly v&nbsp;oblasti \u00fapravy, mont\u00e1\u017e\u00ed, velkomont\u00e1\u017e\u00ed<br>fotografi\u00ed.&nbsp;<\/p>\n\n\n\n<p><strong>Co ti studium p\u0159ineslo?<\/strong><\/p>\n\n\n\n<p>V&nbsp;IDIFu jsem absolvovala p\u016flro\u010dn\u00ed kurz, kter\u00fd \u010dlov\u011bku p\u0159edev\u0161\u00edm objasn\u00ed sm\u011br, j\u00edm\u017e se chce vydat. Pak u\u017e je to sp\u00ed\u0161 o vlastn\u00edm samostudiu a zdokonalov\u00e1n\u00ed. \u0160kola nau\u010d\u00ed fotografa pravidla, a pokud je u\u010ditel \u0161ikovn\u00fd, dok\u00e1\u017ee vysv\u011btlit tak\u00e9 to, jak\u00fdm zp\u016fsobem dan\u00e1 pravidla spr\u00e1vn\u011b poru\u0161ovat. Potom m\u016f\u017eou vzniknout velmi origin\u00e1ln\u00ed d\u00edla.&nbsp;<\/p>\n\n\n\n<p>Studium, n\u00e1sledn\u00e9 samostudium a zku\u0161enosti s&nbsp;focen\u00edm pro film mi zajistily pr\u00e1ci v \u010cesk\u00e9 televizi, ve kter\u00e9 jsem od roku 2015 profesn\u011b str\u00e1vila t\u0159i<br>roky.<\/p>\n\n\n\n<p><strong>Musela jsi d\u011blat konkurz?<\/strong><\/p>\n\n\n\n<p>Musela. Podm\u00ednkou pro uchaze\u010de byla st\u0159edn\u00ed nebo vysok\u00e1 \u0161kola se zam\u011b\u0159en\u00edm na fotku. Do konkurzu se p\u0159ihl\u00e1silo asi 400 fotograf\u016f z&nbsp;cel\u00e9 republiky. P\u0159esto\u017ee j\u00e1 jsem specializovanou \u0161kolu ve sv\u00e9m CV nem\u011bla, nakonec rozhodly v\u00fdsledky m\u00e9 pr\u00e1ce a p\u0159ijali m\u011b.<\/p>\n\n\n\n<p><strong>Nelze nepolo\u017eit tuto ot\u00e1zku\u2026 Co d\u011bl\u00e1 fotograf \u010cesk\u00e9 televize?<\/strong><\/p>\n\n\n\n<p>V\u00fdstupem fotografa pro \u010ceskou televizi jsou tiskov\u00e9 konference, podpisy smluv, fotoreporty d\u016fle\u017eit\u00fdch m\u00edtink\u016f. Produktov\u00e9 fotografie \u2013 \u010cesk\u00e1 televize m\u00e1 vlastn\u00ed e-shop. Samostatnou kapitolou jsou fotky z&nbsp;nat\u00e1\u010den\u00ed \u2013 to prob\u00edh\u00e1 t\u0159eba m\u011bs\u00edc, p\u0159i\u010dem\u017e je vytipovan\u00fdch p\u011bt dn\u00ed, kter\u00e9 se fot\u00ed. Fot\u00ed se z&nbsp;pohledu kamery, fotky jdou do novin k&nbsp;rozhovor\u016fm a n\u00e1sledn\u011b do archivu \u010cT. Pak se fot\u00ed promo fotky k&nbsp;po\u0159ad\u016fm a \u0161t\u00e1bov\u00e9 \u2013 z\u00e1kulisn\u00ed fotky. Jeden den fot\u00edm v Ch\u00e1nov\u011b (seri\u00e1l MOST) a druh\u00fd den jsem na Piazzet\u011b N\u00e1rodn\u00edho divadla na festivalu Zlat\u00e1 Praha.&nbsp;<\/p>\n\n\n\n<p>S fo\u0165\u00e1kem jsem se pod\u00edvala na r\u016fzn\u00e1 m\u00edsta, poprv\u00e9 jsem f\u00e1rala asi 130 m pod povrch v Rakovnick\u00fdch dolech, kdy\u017e se nat\u00e1\u010dela Dukla 61. R\u00e1da vzpom\u00edn\u00e1m na seri\u00e1l RAPL, milovala jsem z\u00e1kulisn\u00ed focen\u00ed Stardance. Pr\u00e1ce je to tedy velmi pestr\u00e1 a \u010dasov\u011b pom\u011brn\u011b n\u00e1ro\u010dn\u00e1.<\/p>\n\n\n\n<p><strong>Kolik m\u00e1 televize takov\u00fdch fotograf\u016f?<\/strong><\/p>\n\n\n\n<p>St\u00e1l\u00e9 fotografy m\u00e1 \u010cT t\u0159i, pak je\u0161t\u011b p\u00e1r extern\u00edch spolupracovn\u00edk\u016f z&nbsp;r\u016fzn\u00fdch region\u016f. Kdy\u017e jsem byla v&nbsp;nejv\u011bt\u0161\u00edm z\u00e1p\u0159ahu, jezdila jsem po cel\u00e9 zemi a pracovala od r\u00e1na do ve\u010dera, o sobot\u00e1ch i ned\u011bl\u00edch. Tohle skon\u010dilo v&nbsp;roce 2018, kdy jsem ot\u011bhotn\u011bla.<\/p>\n\n\n\n<p><strong>To se asi skloubit nedalo\u2026<\/strong><\/p>\n\n\n\n<p>Ono je to mnohem slo\u017eit\u011bj\u0161\u00ed. Osud mi nad\u011blil rovnou dvoj\u010data, tak\u017ee v&nbsp;kombinaci s&nbsp;m\u00fdm zdravotn\u00edm stavem a n\u00e1sledky po nehod\u011b jsem \u0161la rovnou na rizikov\u00e9 t\u011bhotenstv\u00ed. Holky se narodily v&nbsp;b\u0159eznu 2019, v&nbsp;l\u00e9t\u011b jsem za\u010dala tu\u0161it, \u017ee se mnou nen\u00ed n\u011bco v&nbsp;po\u0159\u00e1dku a na podzim mi n\u00e1sledkem t\u011bhotenstv\u00ed a porodu znovu praskla p\u00e1nev a m\u016fj zdravotn\u00ed stav se vr\u00e1til do bodu nula. \u010cekala mne dal\u0161\u00ed operace, dal\u0161\u00ed rehabilitace. Velmi silnou oporou mi byla rodina, tedy hlavn\u011b m\u00e1ma s&nbsp;t\u00e1tou a br\u00e1cha, kte\u0159\u00ed se skv\u011ble starali o m\u011b i o holky. Kdy\u017e nad t\u00edm tak p\u0159em\u00fd\u0161l\u00edm, museli se starat o t\u0159i batolata \ud83d\ude42&nbsp;<\/p>\n\n\n\n<p><strong>Nepl\u00e1nuje\u0161 n\u00e1vrat?<\/strong><\/p>\n\n\n\n<p>M\u011bla jsem se vracet p\u0159ed rokem, ale pracovn\u00ed pom\u011br jsme ukon\u010dili. Te\u010f, kdy\u017e m\u00e1m dvoj\u010data, by to bylo velmi n\u00e1ro\u010dn\u00e9. Nechci d\u00e1vat p\u0159ednost kari\u00e9\u0159e p\u0159ed rodinou, nav\u00edc je\u0161t\u011b nejsem \u00fapln\u011b fit. Ale d\u00edky tomu, \u017ee v&nbsp;Praze jsem si vybudovala jm\u00e9no, produk\u010dn\u00ed spole\u010dnosti u\u017e m\u011b znaj\u00ed a pr\u00e1ce v&nbsp;t\u00e9to bran\u017ei je. A snad bude. T\u0159eba loni jsem fotila film Jej\u00ed t\u011blo, kter\u00fd p\u016fjde do kin letos na podzim. P\u0159\u00ed\u0161t\u00ed t\u00fdden n\u00e1s \u010dek\u00e1 focen\u00ed plak\u00e1tu, tak dr\u017ete palce, a\u0165 se n\u00e1m povede \ud83d\ude42 Nikam to netla\u010d\u00edm, po\u010dk\u00e1m, co p\u0159ijde. Nab\u00eddky st\u00e1le na\u0161t\u011bst\u00ed m\u00e1m.<\/p>\n\n\n\n<p><strong>Kdy p\u0159i\u0161el n\u00e1pad na prodej vlastn\u00edch od\u011bv\u016f?<\/strong><\/p>\n\n\n\n<p>I k&nbsp;tomuto jsem musela doj\u00edt\u2026 Kdy\u017e jsem zjistila, \u017ee s&nbsp;kari\u00e9rou v&nbsp;\u010cT je konec, za\u010dala jsem p\u0159em\u00fd\u0161let, co budu d\u011blat d\u00e1l. P\u016fvodn\u011b jsem cht\u011bla prod\u00e1vat vlastn\u00ed fotky, kter\u00fdch m\u00e1m pln\u00fd archiv a v\u011bt\u0161inu z&nbsp;nich jsem nikde nezve\u0159ejnila. V&nbsp;t\u00e9 dob\u011b jsem za\u010dala \u0159e\u0161it svoji identitu \u2013 brand, pod kter\u00fdm bych podnikala. Pak jednoho dne p\u0159i\u0161el n\u00e1pad na zna\u010dku SU. Dala jsem si ji patentovat, zaregistrovala str\u00e1nku suoriginal.cz a postupn\u011b za\u010dala plnit soci\u00e1ln\u00ed s\u00edt\u011b. Na SU za\u010dala reagovat velk\u00e1 spousta lid\u00ed, ka\u017ed\u00fd za\u010dal spont\u00e1nn\u011b vym\u00fd\u0161let kombinace s&nbsp;t\u00edmto motivem. A tak jsem za\u010dala vyr\u00e1b\u011bt origin\u00e1ln\u00ed oble\u010den\u00ed. Prvn\u00ed byla tri\u010dka, potom mikiny, tepl\u00e1ky\u2026<\/p>\n\n\n\n<p><strong>Co znamen\u00e1 SU?<\/strong><\/p>\n\n\n\n<p>SU vze\u0161lo z&nbsp;m\u00e9 \u017eivotn\u00ed cesty. Jak m\u00e1m naps\u00e1no i na sv\u00fdch str\u00e1nk\u00e1ch: <em>SU je p\u0159edev\u0161\u00edm existen\u010dn\u00ed ot\u00e1zka. Radost ze \u017eivota. Cogito, ergo sum&#8230; MYSL\u00cdM, TEDY SU! Od nehody na motorce, kter\u00e1 mi oto\u010dila \u017eivotem o 360\u00b0, jsem si p\u0159edsevzala, \u017ee budu, \u017ee budu cokoliv a budu to r\u00e1da.<\/em><\/p>\n\n\n\n<p>Nehoda mi toho v&nbsp;\u017eivot\u011b hodn\u011b vzala, ale taky paradoxn\u011b dala. Uv\u011bdomila jsem si, \u017ee je t\u0159eba si v\u00e1\u017eit ka\u017ed\u00e9 vte\u0159iny, kterou tu \u010dlov\u011bk je. S&nbsp;pokorou a \u00factou prost\u011b SU \ud83d\ude42<\/p>\n\n\n\n<p><strong>Je to n\u00e1ro\u010dn\u00e1 pr\u00e1ce?<\/strong><\/p>\n\n\n\n<p>Nikdy jsem si neuv\u011bdomila, na kolika \u017eidl\u00edch budu t\u00edm sv\u00fdm smontovan\u00fdm zadkem muset sed\u011bt. Podnik\u00e1n\u00ed tohoto typu nen\u00ed o prodeji od stolu. Mus\u00edm vymyslet vlastn\u00ed st\u0159ih, nechat jej u\u0161\u00edt (m\u00e1m lok\u00e1ln\u00ed d\u00edlnu tady v&nbsp;Blansku). N\u00e1sledn\u011b ud\u011blat grafiku, na plotteru oble\u010den\u00ed potisknout. Pak mus\u00edm produkty nafotit, d\u00e1t na e-shop i s&nbsp;popisky, v&nbsp;neposledn\u00ed \u0159ad\u011b prodat, to znamen\u00e1 v\u011bnovat se marketingu. Pak m\u016f\u017eu kone\u010dn\u011b zbo\u017e\u00ed zabalit a poslat.<\/p>\n\n\n\n<p><strong>Nekupuj\u00ed tv\u00e9 produkty hlavn\u011b z\u00e1kazn\u00edci z&nbsp;Moravy, pro kter\u00e9 je ono SU podstatn\u011b p\u0159irozen\u011bj\u0161\u00ed?<\/strong><\/p>\n\n\n\n<p>M\u00e1m mnoho z\u00e1kazn\u00edk\u016f z&nbsp;\u010cech, hlavn\u011b z&nbsp;Prahy \u2013 tady m\u00e1m mnoho p\u0159\u00e1tel, kte\u0159\u00ed byli prvn\u00ed, ale od nich jsem z\u00edskala dal\u0161\u00ed, kter\u00fdm se moje oble\u010den\u00ed l\u00edb\u00ed. Bav\u00ed m\u011b spojovat tyto dva zd\u00e1nliv\u011b nespojiteln\u00e9 \u201esv\u011bty\u201c \u2013 \u010cechy a Moravu.<\/p>\n\n\n\n<p><strong>Co t\u011b nyn\u00ed \u017eiv\u00ed v\u00edce \u2013 fotka nebo SU?<\/strong><\/p>\n\n\n\n<p>M\u00e1m zase dva \u00favazky. \u017div\u00ed m\u011b jak fotka, tak SU, ale abych pravdu \u0159ekla, budov\u00e1n\u00ed zna\u010dky je hodn\u011b o pen\u011bz\u00edch. Tak\u017ee te\u010f je to sp\u00ed\u0161 fotka \u2013 z&nbsp;dobr\u00e9 zak\u00e1zky financuji SU, proto\u017ee v\u011b\u0159\u00edm, \u017ee investuji do spr\u00e1vn\u00e9 v\u011bci a budoucnosti m\u00fdch dvou dcer.<\/p>\n\n\n\n<p><strong>Martin M\u00fcller<\/strong><\/p>\n","protected":false},"excerpt":{"rendered":"<p>Skoro nikdo j\u00ed ne\u0159ekne jinak ne\u017e Buchta. M\u00ed\u0161a je fotografka, pracovala pro film a \u010ceskou televizi, ale taky je maminkou<\/p>\n","protected":false},"author":1,"featured_media":7445,"comment_status":"open","ping_status":"closed","sticky":false,"template":"","format":"standard","meta":[],"categories":[14],"tags":[],"_links":{"self":[{"href":"https:\/\/www.monitor-bk.cz\/index.php?rest_route=\/wp\/v2\/posts\/7443"}],"collection":[{"href":"https:\/\/www.monitor-bk.cz\/index.php?rest_route=\/wp\/v2\/posts"}],"about":[{"href":"https:\/\/www.monitor-bk.cz\/index.php?rest_route=\/wp\/v2\/types\/post"}],"author":[{"embeddable":true,"href":"https:\/\/www.monitor-bk.cz\/index.php?rest_route=\/wp\/v2\/users\/1"}],"replies":[{"embeddable":true,"href":"https:\/\/www.monitor-bk.cz\/index.php?rest_route=%2Fwp%2Fv2%2Fcomments&post=7443"}],"version-history":[{"count":1,"href":"https:\/\/www.monitor-bk.cz\/index.php?rest_route=\/wp\/v2\/posts\/7443\/revisions"}],"predecessor-version":[{"id":7446,"href":"https:\/\/www.monitor-bk.cz\/index.php?rest_route=\/wp\/v2\/posts\/7443\/revisions\/7446"}],"wp:featuredmedia":[{"embeddable":true,"href":"https:\/\/www.monitor-bk.cz\/index.php?rest_route=\/wp\/v2\/media\/7445"}],"wp:attachment":[{"href":"https:\/\/www.monitor-bk.cz\/index.php?rest_route=%2Fwp%2Fv2%2Fmedia&parent=7443"}],"wp:term":[{"taxonomy":"category","embeddable":true,"href":"https:\/\/www.monitor-bk.cz\/index.php?rest_route=%2Fwp%2Fv2%2Fcategories&post=7443"},{"taxonomy":"post_tag","embeddable":true,"href":"https:\/\/www.monitor-bk.cz\/index.php?rest_route=%2Fwp%2Fv2%2Ftags&post=7443"}],"curies":[{"name":"wp","href":"https:\/\/api.w.org\/{rel}","templated":true}]}}