{"id":7440,"date":"2022-01-23T09:01:00","date_gmt":"2022-01-23T08:01:00","guid":{"rendered":"https:\/\/www.monitor-bk.cz\/?p=7440"},"modified":"2023-03-03T09:02:40","modified_gmt":"2023-03-03T08:02:40","slug":"jsou-mrtvi-jen-ti-na-nez-jiz-vsichni-zapomneli-v-blansku-pred-80-lety","status":"publish","type":"post","link":"https:\/\/www.monitor-bk.cz\/?p=7440","title":{"rendered":"Jsou mrtv\u00ed jen Ti, na n\u011b\u017e ji\u017e v\u0161ichni zapomn\u011bli! V Blansku p\u0159ed 80 lety"},"content":{"rendered":"\n<p><strong>Blansko v dob\u011b okupace a 2. sv\u011btov\u00e9 v\u00e1lky za\u017eilo mnoh\u00e1 p\u0159\u00edko\u0159\u00ed. N\u011bmeck\u00e9 vojensk\u00e9 jednotky konaly v\u0161e pro to, aby likvidovaly \u010desk\u00fd jazyk a kulturu.&nbsp;<\/strong><\/p>\n\n\n\n<p>Slovansk\u00e1 \u00fazem\u00ed dle Generalplan Ost, m\u011bla b\u00fdt podrobena germanizaci a velk\u00e1 \u010d\u00e1st zlikvidov\u00e1na nebo vyst\u011bhov\u00e1na na Ural. U Slovan\u016f, kte\u0159\u00ed podle n\u011bmeck\u00fdch pl\u00e1n\u016f sm\u011bli z\u016fstat v &#8222;n\u011bmeck\u00e9m \u017eivotn\u00edm prostoru&#8220;, bylo po\u010d\u00edt\u00e1no s t\u00edm, \u017ee budou slou\u017eit jako otroci v n\u011bmeck\u00fdch tov\u00e1rn\u00e1ch \u010di na zem\u011bd\u011blsk\u00fdch velkostatc\u00edch n\u011bmeck\u00fdch majitel\u016f, p\u0159i\u010dem\u017e nebudou moci m\u00edt d\u011bti a dojde tak k jejich p\u0159irozen\u00e9mu vymizen\u00ed. U \u010d\u00e1sti tzv. &#8222;rasov\u011b vhodn\u00fdch&#8220; Slovan\u016f m\u011blo doj\u00edt k jejich pon\u011bm\u010den\u00ed. Pro oblast Protektor\u00e1tu \u010cechy a Morava existovalo \u201eKone\u010dn\u00e9 \u0159e\u0161en\u00ed \u010desk\u00e9 ot\u00e1zky\u201c, m\u011blo se jednat p\u0159ev\u00e1\u017en\u011b o germanizaci, ale s t\u00edm souviselo vyko\u0159is\u0165ov\u00e1n\u00ed lidsk\u00fdch, hospod\u00e1\u0159sk\u00fdch a p\u0159\u00edrodn\u00edch zdroj\u016f, pr\u016fmyslu a zem\u011bd\u011blstv\u00ed ve prosp\u011bch nacistick\u00e9ho N\u011bmecka.<\/p>\n\n\n\n<p>V \u010dervnu 1941 za\u00fato\u010dilo N\u011bmecko na Sov\u011btsk\u00fd svaz, z\u00e1rove\u0148 se v \u010cech\u00e1ch zvy\u0161ovalo p\u016fsoben\u00ed n\u00e1rodn\u00edho odboje. Hitler pova\u017eoval \u0159\u00ed\u0161sk\u00e9ho protektora Neuratha za p\u0159\u00edli\u0161 slab\u00e9ho, a byl proto vysl\u00e1n zastupuj\u00edc\u00ed \u0159\u00ed\u0161sk\u00fd protektor Reinhard Heydrich. Ten byl ji\u017e zn\u00e1m sv\u00fdm nekompromisn\u00edm \u0159e\u0161en\u00edm \u017eidovsk\u00e9 ot\u00e1zky. Ihned po sv\u00e9m n\u00e1stupu do \u00fa\u0159adu 27. z\u00e1\u0159\u00ed 1941 nechal zatknout p\u0159edsedu vl\u00e1dy Eli\u00e1\u0161e, 28. 10. 1941, na den sv V\u00e1clava, vyhl\u00e1sil stann\u00e9 pr\u00e1vo. Po\u010dalo c\u00edlen\u00e9 vra\u017ed\u011bn\u00ed. Heydrich prohl\u00e1sil, \u017ee \u201e\u010cesk\u00fd n\u00e1rod nebude m\u00edt po skon\u010den\u00ed v\u00e1lky na map\u011b m\u00edsto\u201c. N\u011bmci zab\u00edjeli \u010desk\u00e9 obyvatele, studenty, elitu, voj\u00e1ky a odboj\u00e1\u0159e. V brn\u011bnsk\u00fdch Kounicov\u00fdch kolej\u00edch se st\u0159\u00edlelo tak \u010dasto, \u017ee i m\u00edstn\u00ed nejprve mysleli, \u017ee je to jen vojensk\u00e9 cvi\u010den\u00ed. Na podzim roku 1941 za\u010daly prvn\u00ed transporty v\u0161ech obyvatel \u017eidovsk\u00e9ho p\u016fvodu.<\/p>\n\n\n\n<p>Do transport\u016f museli nastoupit i \u017did\u00e9 z Blanska, kter\u00e9 m\u011blo z\u016fstat \u201eJudefrei\u201c. Bohu\u017eel v\u00edme jen velmi m\u00e1lo o na\u0161ich b\u00fdval\u00fdch blanensk\u00fdch spoluob\u010danech. Dle z\u00e1znam\u016f Br\u00e1nsk\u00e9ho existuje soupis ze z\u00e1\u0159\u00ed 1939, kdy v Blansku, Olomu\u010danech, Vav\u0159inci a Jedovic\u00edch \u017eili:<\/p>\n\n\n\n<p><strong>Basch Karel MUDr., 1885, Baschov\u00e1 Franti\u0161ka, 1879, Braun Armin, 1887, Braunov\u00e1 Hana, 1926, Braunov\u00e1 Kate\u0159ina, 1889, Broch Ernest, 1912, Broch Isidor, 1881, Brochov\u00e1 Ela, 1919, Brochov\u00e1 Vilem\u00edna 1889, \u010cuprov\u00e1 &#8211; Singerov\u00e1 Gr\u00e9ta, 1902, Flinkerov\u00e1 Franti\u0161ka, 1899, Greiner Hugo, 1908, Gumpl Otto, 1899, Hochwaldov\u00e1 &#8211; Zv\u011b\u0159inov\u00e1 Helena, 1911, Ippen Karel MUDr., 1868, Ippenov\u00e1 Marie, 1878, Kol\u00ednsk\u00e1 Valerie, 1888, Kohn Adolf, 1878, Kohnov\u00e1 Franti\u0161ka, 1882, Lax Ladislav, 1898, Laxov\u00e1 Helena, 1934, Laxov\u00e1 Herm\u00edna 1913, Laxov\u00e1 Zde\u0148ka, 1899, Orvan Eugen, 1894, Stiassn\u00fd Ernest, 1918, Stiassn\u00fd Pavel 1922, Ing. Tauber Bed\u0159ich, 1907, Vinar Arno\u0161t, Vinarov\u00e1 Anna, Vinarov\u00e1 Herm\u00edna. Soupis v\u0161ak nen\u00ed \u00fapln\u00fd, chyb\u00ed n\u011bkter\u00e1 sm\u00ed\u0161en\u00e1 man\u017eelstv\u00ed a d\u011bti. V\u011bt\u0161ina zahynula v koncentra\u010dn\u00edch t\u00e1borech Terez\u00edn a Osv\u011btim.&nbsp;<\/strong><\/p>\n\n\n\n<p>Za zm\u00ednku stoj\u00ed dramatick\u00fd osud, kter\u00fd za\u017eil b\u011bhem okupace pan Ing. Tauber (1907 &#8211; 1996), narozen v Poho\u0159elic\u00edch. Jeho str\u00fdc &#8211; Michael Hermann Tauber (1881 &#8211; 1942) \u017eil v Boskovic\u00edch jako vrchn\u00ed bern\u00ed spr\u00e1vce a a\u017e do transportu v b\u0159eznu 1942 byl p\u0159edsedou \u017didovsk\u00e9 n\u00e1bo\u017eensk\u00e9 obce v Boskovic\u00edch, zahynul v roce 1942 ve Var\u0161avsk\u00e9m Ghettu. Bed\u0159ich Tauber vystudoval na brn\u011bnsk\u00e9 technice elektroin\u017een\u00fdrstv\u00ed, pozd\u011bji se orientoval na ekonomiku. Ve 30. letech \u017eil i pracoval v Blansku, kde se sezn\u00e1mil se svoj\u00ed budouc\u00ed \u017eenou katolick\u00e9ho vyzn\u00e1n\u00ed &#8211; Aloisi\u00ed Tauber (1900 &#8211; 1982), kter\u00e1 ze sv\u00e9ho prvn\u00edho man\u017eelstv\u00ed m\u011bla ji\u017e dva syny (Milo\u0161e a Zdenka Grubera). Bydleli v rodinn\u00e9m domku v tehdej\u0161\u00ed \u010celakovsk\u00e9ho ulice \u010d\u00edslo 516, kter\u00e1 d\u0159\u00edve kolmo \u00fastila do Ro\u017emit\u00e1lovy ulice naproti domu \u010dp.39\/8. V dubnu 1939 se dali z politicko &#8211; spole\u010densk\u00fdch d\u016fvod\u016f rozv\u00e9st, aby man\u017eelka se syny nebyli vystaveni perzekuci, vztah v\u0161ak nad\u00e1le trval. Tauber se odst\u011bhoval za prac\u00ed do Brna, od po\u010d\u00e1tku 2. sv\u011btov\u00e9 v\u00e1lky 1939 se na\u0159\u00edzen\u00ed ohledn\u011b perzekuce \u017did\u016f st\u00e1le stup\u0148ovala. 19. z\u00e1\u0159\u00ed 1941 byli v\u0161ichni brn\u011bn\u0161t\u00ed \u017did\u00e9 nuceni nosit \u017elutou hv\u011bzdu s n\u00e1pisem \u201eJUDE\u201c, nosili ji v\u0161ak hrd\u011b. Velk\u00e9 nesn\u00e1ze po\u010daly 26.09.1941 &#8211; v Protektor\u00e1tu \u010cechy a Morava bylo vyhl\u00e1\u0161eno stann\u00e9 pr\u00e1vo a tzv.\u201eprvn\u00ed heydrichi\u00e1da\u201c. Cel\u00fd \u010cesk\u00fd n\u00e1rod p\u0159\u00edchodem Reinharda Heydricha za\u010dal platit t\u011b\u017ekou a krvavou da\u0148.&nbsp;<\/p>\n\n\n\n<p>26. listopadu 1941 dostal pan Tauber p\u0159\u00edkaz dostavit se na shroma\u017edi\u0161t\u011b ve \u0161kole v Merhautov\u011b ulici &#8211; tehdy Senefelderov\u011b &#8211; do transportu s odjezdem 2. prosince. V noci z 1 na 2. prosince Bed\u0159ich se svou sestrou Katarinou Tauber &#8211; kterou rozpadem man\u017eelstv\u00ed postihl stejn\u00fd osud &#8211; podnikli velice riskantn\u00ed krok &#8211; odjeli t\u00e9\u017ee noci do Blanska. Zde zat\u00edm marn\u011b hledali \u00fakryt. Ode\u0161li tedy do Olomu\u010dan, kde se skr\u00fdvali. \u017dili tak\u00e9 v ilegalit\u011b v Rudici, odtud se ale op\u011bt vr\u00e1tili do Olomu\u010dan. Mezit\u00edm 29. prosince 1941 do\u0161lo na \u010desk\u00e9m \u00fazem\u00ed k v\u00fdsadku operace ANTROPOID, SILVER A, SILVER B a N\u011bmci tu\u0161\u00edc\u00ed p\u0159\u00edtomnost para\u0161utist\u016f v\u0161ude zost\u0159ili hl\u00eddky. Ka\u017ed\u00e9 m\u011bsto i vesnice byly pe\u010dliv\u011b hl\u00edd\u00e1ny, situace se stala t\u00edm v\u00edc riskantn\u00ed a nebezpe\u010dnou. 2.\u00fanora 1942 museli sourozenci Taubrovi opustit Olomu\u010dany. P\u011b\u0161ky p\u0159es zasn\u011b\u017een\u00e9 a zamrzl\u00e9 kopce se vydali do Adamova, odkud pak nave\u010der odjeli vlakem do \u017didenic. Noc p\u0159e\u010dkali v Husovic\u00edch, sestra se ukryla v byt\u011b p\u0159\u00e1tel v J\u00e1nsk\u00e9 ulici, Bed\u0159ich pak \u017eil ileg\u00e1ln\u011b v Jugosl\u00e1vsk\u00e9 ulici \u010d\u00edslo 39. Pan Tauber byl celou osobn\u00ed a politickou situac\u00ed natolik ztr\u00e1pen\u00fd, \u017ee uva\u017eoval o pokusu uprchnout do \u0160v\u00fdcarska. P\u00ed\u0161e se 25. kv\u011bten 1942.<\/p>\n\n\n\n<p>Po atent\u00e1tu na Heydricha 27. kv\u011btna 1942 n\u00e1sledovaly op\u011bt krvela\u010dn\u00e9 honby na \u010desk\u00e9 obyvatelstvo &#8211; tzv. \u201edruh\u00e1 heydrichi\u00e1da\u201c. Z obavy p\u0159ed prozrazen\u00edm i mo\u017en\u00fdmi n\u00e1sledky pro majitelku bytu, ve kter\u00e9m se skr\u00fdval, se cht\u011bl vydat dobrovoln\u011b do rukou Gestapa. 04.06. 1942 Heydrich um\u00edr\u00e1 a Hitler zu\u0159\u00ed, ihned vol\u00e1 po odplat\u011b &#8211; Lidice, Le\u017e\u00e1ky a s nimi stovky dal\u0161\u00edch lid\u00ed jsou nav\u017edy odstran\u011bny ze sv\u011bta. Katarina Tauber se sama vyd\u00e1v\u00e1 z Brna na nesnadnou cestu do V\u00eddn\u011b. Cesta do c\u00edle se snad zda\u0159ila, ale dobrovoln\u011b se p\u0159ihl\u00e1sila k transportu do koncentra\u010dn\u00edho t\u00e1bora, kde zahynula (to se v\u0161ak pan Tauber dozv\u00ed a\u017e po v\u00e1lce). Pan\u00ed Aloisie Taubrov\u00e1 si 23.\u010dervna 1941 odhodlan\u011b p\u0159ijela do Brna pro sv\u00e9ho mu\u017ee. P\u0159esv\u011bd\u010dila ho, aby se ukryl v jej\u00edm byt\u011b v Blansku. Oba synov\u00e9 pr\u00fd p\u0159ipravili pro sv\u00e9ho otce \u00fakryt. P\u011b\u0161ky se ve\u010der odebere do Blanska p\u0159es Sob\u011b\u0161ice a Vranov. N\u011bkolik parn\u00fdch letn\u00edch dn\u00ed p\u0159eb\u00fdval na p\u016fd\u011b statku, nakonec se vyd\u00e1 do bytu, kde v\u0161ak k jeho p\u0159ekvapen\u00ed je\u0161t\u011b nebyl zcela dokon\u010den \u00fakryt. V zadn\u00ed st\u011bn\u011b domu vysekali synov\u00e9 mal\u00fd otvor, ve kter\u00e9m se sotva dalo sed\u011bt. P\u0159ed touto skr\u00fd\u0161\u00ed st\u00e1la sk\u0159\u00ed\u0148, jej\u00ed zadn\u00ed st\u011bna se dala odsunovat. V p\u0159\u00edpad\u011b ne\u010dekan\u00fdch n\u00e1v\u0161t\u011bv \u010di jak\u00e9hokoliv nebezpe\u010d\u00ed se musel schovat za sk\u0159\u00edn\u00ed nebo se kr\u010dil v sekret\u00e1\u0159i i n\u011bkolik hodin. Krom\u011b man\u017eelky a obou syn\u016f o n\u011bm do konce v\u00e1lky v\u011bd\u011blo jen n\u011bkolik v\u011brn\u00fdch lid\u00ed. Star\u0161\u00ed z obou syn\u016f (Milo\u0161 Gruber nar 20. 8. 1923) dostal p\u0159\u00edkaz k tot\u00e1ln\u00edmu nasazen\u00ed na nucenou pr\u00e1ci do \u0158\u00ed\u0161e &#8211; do n\u011bmeck\u00e9 leteck\u00e9 tov\u00e1rny. Proto\u017ee se stal \u010dlenem sabot\u00e1\u017en\u00ed skupiny, kter\u00e1 byla odhalena, byl posl\u00e1n do Osv\u011btimi, kde zahynul 5.3.1943. V dob\u011b v\u00e1lky to bylo pro pan\u00ed Taubrovou i pana Taubra velmi bolestn\u00e9.&nbsp;<\/p>\n\n\n\n<p>Obt\u00ed\u017en\u00e9 bylo vyj\u00edt s p\u0159id\u011blen\u00fdm j\u00eddlem na l\u00edstky pro 2 osoby, kdy\u017e ve skute\u010dnosti \u017eili v dom\u00e1cnosti 3 dosp\u011bl\u00ed, sch\u00e1zely v\u00fd\u017eivn\u00e9 potraviny. N\u011bmeck\u00e9 \u00fa\u0159ady n\u011bkolikr\u00e1t p\u0159edvolaly pan\u00ed Taubrovou do brn\u011bnsk\u00e9 \u00fa\u0159adovny Gestapa, vy\u017e\u00e1dali si Bed\u0159ichovu fotografii a zm\u00ednili se o tom, \u017ee maj\u00ed spolehlivou stopu jej\u00edho b\u00fdval\u00e9ho man\u017eela, kter\u00e1 vede do Ma\u010farska. Z\u00e1rove\u0148 si n\u011bkdo ciz\u00ed pad\u011blal sv\u016fj rodn\u00fd list na jeho jm\u00e9no, tak\u017ee Gestapo bylo st\u00e1le ve st\u0159ehu. Pan\u00ed Taubrov\u00e1 musela n\u011bkolikr\u00e1t na brn\u011bnsk\u00e9m Gestapu vysv\u011btlovat, \u017ee s man\u017eelem nem\u00e1 n\u011bkolik let kontakt. Bed\u0159ich Tauber tak\u00e9 \u017eil ka\u017ed\u00fdm okam\u017eikem v obrovsk\u00e9m psychick\u00e9m nap\u011bt\u00ed, vedl si podrobn\u00fd den\u00edk o \u017eivot\u011b a pr\u016fb\u011bhu v\u00e1lky. V\u011b\u0159il v por\u00e1\u017eku Osy, z\u016fstal velk\u00fdm vlastencem, zaj\u00edmal se o geografii, literaturu, pokud to \u0161lo, dop\u0159\u00e1l si i poslech hudby. D\u00edky speci\u00e1ln\u011b upraven\u00e9mu r\u00e1diu poslouchal moskevsk\u00e9, lond\u00fdnsk\u00e9 i n\u011bmeck\u00e9 zpravodajstv\u00ed, zahrani\u010dn\u00ed vys\u00edl\u00e1n\u00ed mu zprost\u0159edkovalo zdroj cenn\u00fdch informac\u00ed o postupu fronty a dodalo psychickou podporu. Poslech zahrani\u010dn\u00edho vys\u00edl\u00e1n\u00ed byl zak\u00e1z\u00e1n pod hrozbou trestu smrti. V\u0161e pe\u010dliv\u011b zaznamen\u00e1val, n\u011bkter\u00e9 \u00favahy i stenograficky.&nbsp;<\/p>\n\n\n\n<p>Krom\u011b Gestapa a v\u0161udyp\u0159\u00edtomn\u00fdch udava\u010d\u016f, byly velkou hrozbou r\u016fzn\u00e9 nemoci, jako ledvinov\u00e1 kolika, obrna l\u00edcn\u00edho nervu nebo otrava krve. Na samotn\u00e9m konci v\u00e1lky &#8211; 4. kv\u011btna 1945 &#8211; se v dom\u011b objevili dva nacist\u00e9 s \u010desk\u00fdm \u010detn\u00edkem. M\u011bli ud\u00e1n\u00ed o st\u0159eln\u00fdch zbran\u00edch v dom\u011b, prov\u00e1d\u011bli prohl\u00eddku, dokonce cht\u011bli vid\u011bt i sk\u0159\u00ed\u0148, kde se pan Tauber stihl schovat. Pan\u00ed jim sk\u0159\u00ed\u0148 otev\u0159ela a sd\u011blila, \u017ee ji tedy rozsek\u00e1, aby vid\u011bli, \u017ee v n\u00ed nic nen\u00ed a t\u00edm nejsp\u00ed\u0161 Gestapo odradila od dal\u0161\u00ed prohl\u00eddky. K dovr\u0161en\u00ed \u0159et\u011bzu \u0161\u0165astn\u00fdch n\u00e1hod se stalo, \u017ee p\u0159i bombardov\u00e1n\u00ed Blanska spojeneck\u00fdmi letadly spadla jedna bomba t\u011bsn\u011b vedle krytu, av\u0161ak neexplodovala a byla objevena a\u017e po osvobozen\u00ed. Pan Tauber po osvobozen\u00ed sov\u011btskou arm\u00e1dou 8. kv\u011btna 1945 ani nedopsal v\u011btu v den\u00edku. \u017dena ho po 3 letech vyvedla na ulici a musela ho podp\u00edrat, proto\u017ee v\u00e1\u017eil pouh\u00fdch 48 kilo. Po v\u00e1lce se rodina p\u0159est\u011bhovala do Brna, pan Tauber Blansko pravideln\u011b nav\u0161t\u011bvoval, do\u017eil se 89 let. Velik\u00fd d\u00edk a na\u0161i poklonu si zaslou\u017e\u00ed za odhodlanost a state\u010dnost blanensk\u00e1 roda\u010dka pan\u00ed Aloisie Taubrov\u00e1. Jej\u00ed hrdinsk\u00fd \u010din lze v dne\u0161n\u00ed dob\u011b jen zt\u011b\u017eka pochopit, schov\u00e1vala sv\u00e9ho man\u017eela bez v\u011bdom\u00ed bl\u00edzk\u00e9 rodiny a n\u011bkter\u00fdch p\u0159\u00e1tel. Riskovala \u017eivot sv\u016fj i sv\u00fdch d\u011bt\u00ed a bl\u00edzk\u00fdch v nejt\u011b\u017e\u0161\u00edch dob\u00e1ch, jak\u00e9 \u010desk\u00e9 zem\u011b za\u017eily. Jen proto, \u017ee si na v\u0161echny ty tich\u00e9 hrdiny a ob\u011bti, kter\u00e9 vedle na\u0161ich p\u0159edk\u016f sed\u011bli v lavici, byli obchodn\u00edky, l\u00e9ka\u0159i, \u017eeny v dom\u00e1cnosti, starci nebo d\u011btmi, nikdo doposud nevzpomn\u011bl &#8211; neznamen\u00e1, \u017ee jim p\u0159ipom\u00ednku ve 21. stolet\u00ed nedlu\u017e\u00edme\u2026<\/p>\n\n\n\n<p>Jak ji\u017e zazn\u011blo v sam\u00e9m za\u010d\u00e1tku &#8211; jsou mrtv\u00ed jen ti, na n\u011b\u017e ji\u017e v\u0161ichni zapomn\u011bli. V na\u0161ich srdc\u00edch v\u0161ak p\u0159ipom\u00ednka za\u017eehne sv\u011btlo nad\u011bje a NEZAPOMENEME!<\/p>\n\n\n\n<p><strong>Jana Rackov\u00e1<\/strong><\/p>\n","protected":false},"excerpt":{"rendered":"<p>Blansko v dob\u011b okupace a 2. sv\u011btov\u00e9 v\u00e1lky za\u017eilo mnoh\u00e1 p\u0159\u00edko\u0159\u00ed. N\u011bmeck\u00e9 vojensk\u00e9 jednotky konaly v\u0161e pro to, aby likvidovaly<\/p>\n","protected":false},"author":1,"featured_media":0,"comment_status":"open","ping_status":"closed","sticky":false,"template":"","format":"standard","meta":[],"categories":[1],"tags":[],"_links":{"self":[{"href":"https:\/\/www.monitor-bk.cz\/index.php?rest_route=\/wp\/v2\/posts\/7440"}],"collection":[{"href":"https:\/\/www.monitor-bk.cz\/index.php?rest_route=\/wp\/v2\/posts"}],"about":[{"href":"https:\/\/www.monitor-bk.cz\/index.php?rest_route=\/wp\/v2\/types\/post"}],"author":[{"embeddable":true,"href":"https:\/\/www.monitor-bk.cz\/index.php?rest_route=\/wp\/v2\/users\/1"}],"replies":[{"embeddable":true,"href":"https:\/\/www.monitor-bk.cz\/index.php?rest_route=%2Fwp%2Fv2%2Fcomments&post=7440"}],"version-history":[{"count":1,"href":"https:\/\/www.monitor-bk.cz\/index.php?rest_route=\/wp\/v2\/posts\/7440\/revisions"}],"predecessor-version":[{"id":7441,"href":"https:\/\/www.monitor-bk.cz\/index.php?rest_route=\/wp\/v2\/posts\/7440\/revisions\/7441"}],"wp:attachment":[{"href":"https:\/\/www.monitor-bk.cz\/index.php?rest_route=%2Fwp%2Fv2%2Fmedia&parent=7440"}],"wp:term":[{"taxonomy":"category","embeddable":true,"href":"https:\/\/www.monitor-bk.cz\/index.php?rest_route=%2Fwp%2Fv2%2Fcategories&post=7440"},{"taxonomy":"post_tag","embeddable":true,"href":"https:\/\/www.monitor-bk.cz\/index.php?rest_route=%2Fwp%2Fv2%2Ftags&post=7440"}],"curies":[{"name":"wp","href":"https:\/\/api.w.org\/{rel}","templated":true}]}}