{"id":7351,"date":"2021-11-09T22:00:27","date_gmt":"2021-11-09T21:00:27","guid":{"rendered":"https:\/\/www.monitor-bk.cz\/?p=7351"},"modified":"2021-11-09T22:00:27","modified_gmt":"2021-11-09T21:00:27","slug":"uvodnik-nejista-sezona","status":"publish","type":"post","link":"https:\/\/www.monitor-bk.cz\/?p=7351","title":{"rendered":"\u00davodn\u00edk: Nejist\u00e1 sez\u00f3na"},"content":{"rendered":"\n<figure class=\"wp-block-image size-large\"><img decoding=\"async\" loading=\"lazy\" width=\"800\" height=\"533\" src=\"https:\/\/www.monitor-bk.cz\/wp-content\/uploads\/2019\/11\/10_web-800x533.jpg\" alt=\"\" class=\"wp-image-5734\" srcset=\"https:\/\/www.monitor-bk.cz\/wp-content\/uploads\/2019\/11\/10_web-800x533.jpg 800w, https:\/\/www.monitor-bk.cz\/wp-content\/uploads\/2019\/11\/10_web-120x80.jpg 120w, https:\/\/www.monitor-bk.cz\/wp-content\/uploads\/2019\/11\/10_web-300x200.jpg 300w, https:\/\/www.monitor-bk.cz\/wp-content\/uploads\/2019\/11\/10_web-768x512.jpg 768w\" sizes=\"(max-width: 800px) 100vw, 800px\" \/><figcaption>Svatomartinsk\u00fd ko\u0161t 2019<\/figcaption><\/figure>\n\n\n\n<p><strong>P\u0159edposledn\u00ed m\u011bs\u00edc v roce je tady a soud\u011b dle kalend\u00e1\u0159e akc\u00ed n\u00e1s rozhodn\u011b ne\u010dek\u00e1 \u017e\u00e1dn\u00e1 nuda. Listopad je pom\u011brn\u011b na\u0161lapan\u00fd nejr\u016fzn\u011bj\u0161\u00ed kulturou, a p\u0159esto\u017ee n\u011bkter\u00e9 tradi\u010dn\u00ed ud\u00e1losti letos budou chyb\u011bt, m\u016f\u017eeme se t\u011b\u0161it na slu\u0161n\u00fd v\u00fdb\u011br akc\u00ed venku i uvnit\u0159. Pokud to tedy okolnosti dovol\u00ed\u2026&nbsp;<\/strong><\/p>\n\n\n\n<p>V\u0161ichni sledujeme zpr\u00e1vy a moc dob\u0159e v\u00edme, co se d\u011bje. Nemocn\u00fdch je op\u011bt v\u00edc a v\u00edc, zp\u0159\u00eds\u0148uj\u00ed se epidemiologick\u00e1 opat\u0159en\u00ed, a aby \u010dlov\u011bk odhadl, jak\u00e1 bude situace za t\u00fdden nebo nedejbo\u017ee za m\u011bs\u00edc, musel by absolvovat kurz v\u011b\u0161t\u011bn\u00ed z k\u0159i\u0161\u0165\u00e1lov\u00e9 koule. Nechci b\u00fdt \u0161patn\u00fdm prorokem, ale podobn\u00e1 situace tu byla loni. V\u011b\u0159me, \u017ee tentokr\u00e1t se to obejde bez v\u00fdrazn\u011bj\u0161\u00edch omezen\u00ed v podnik\u00e1n\u00ed, z\u00e1bav\u011b i sportu, p\u0159esto\u017ee zat\u00edm to tak p\u0159\u00edli\u0161 nevypad\u00e1.<\/p>\n\n\n\n<p>Moc mne mrz\u00ed, \u017ee letos neprob\u011bhne Svatomartinsk\u00fd ko\u0161t na Skaln\u00edm ml\u00fdn\u011b. Tato akce se v\u017edy t\u011b\u0161ila velk\u00e9 \u00fa\u010dasti ve\u0159ejnosti, nab\u00edzela velmi zaj\u00edmav\u00fd program a \u0161lo o jednu z nejv\u011bt\u0161\u00edch listopadov\u00fdch ud\u00e1lost\u00ed v regionu. Od po\u0159adatel\u016f jsem zjistil, \u017ee akci letos neuspo\u0159\u00e1dali pr\u00e1v\u011b s ohledem na situaci kolem covidu. Tento krok jde pochopit. Jedn\u00e1 se o soukrom\u00e9ho po\u0159adatele, kter\u00fd v\u0161e chyst\u00e1 dlouho dop\u0159edu a t\u00fdden p\u0159ed akc\u00ed se m\u016f\u017ee jeho pr\u00e1ce zhroutit jako domek z karet. Podle slov Tom\u00e1\u0161e Mokr\u00e9ho z po\u0159\u00e1daj\u00edc\u00ed agentury teamagency sehr\u00e1l d\u016fle\u017eitou roli p\u0159i rozhodov\u00e1n\u00ed tak\u00e9 fakt, \u017ee na jednom m\u00edst\u011b by se shrom\u00e1\u017edilo zhruba 1.500 lid\u00ed, co\u017e se mu zd\u00e1lo v dob\u011b, kdy st\u00e1le trv\u00e1 nebezpe\u010d\u00ed n\u00e1kazy, nep\u0159\u00edli\u0161 rozumn\u00e9. Doufejme, \u017ee p\u0159\u00ed\u0161t\u00ed rok si tuto skv\u011blou akci u\u017eijeme u\u017e v norm\u00e1ln\u00edm re\u017eimu\u2026<\/p>\n\n\n\n<p>Vid\u00edte. \u010clov\u011bk by si vzhledem k na\u0159\u00edzen\u00edm skoro myslel, \u017ee na kulturu, sport a dal\u0161\u00ed hromadn\u00e9 akce bychom mohli j\u00edt bez rou\u0161ky \u010di respir\u00e1toru. Svoji logiku by to p\u0159ece m\u011blo \u2013 pokud n\u011bkam chci, mus\u00edm p\u0159edlo\u017eit bezinfek\u010dnost. T\u00edmto lejstrem dokazuji, \u017ee jsem zdrav\u00fd \u010dlov\u011bk, a tud\u00ed\u017e nikoho kolem sebe nem\u016f\u017eu nakazit. Pro\u010d tedy mus\u00edme m\u00edt ochranu \u00fast v kin\u011b, v divadle, na koncert\u011b, na z\u00e1pase?&nbsp;<\/p>\n\n\n\n<p>Jestli to n\u00e1hodou nen\u00ed t\u00edm, \u017ee se povinn\u00e9 testov\u00e1n\u00ed t\u00fdk\u00e1 pouze t\u011bch, kte\u0159\u00ed nemaj\u00ed o\u010dkov\u00e1n\u00ed, i kdy\u017e ze statistik vypl\u00fdv\u00e1, \u017ee o\u010dkovan\u00fd \u010dlov\u011bk m\u016f\u017ee b\u00fdt tak\u00e9 naka\u017een\u00fd a nemoc p\u0159en\u00e1\u0161et na ostatn\u00ed (a\u0165 u\u017e na ty s te\u010dkou, \u010di bez). \u017dijeme v zemi, kde o\u010dkov\u00e1n\u00ed proti covidu (na rozd\u00edl od jin\u00fdch nemoc\u00ed) nen\u00ed povinn\u00e9, ka\u017ed\u00fd m\u00e1 tedy pr\u00e1vo se rozhodnout a jeho rozhodnut\u00ed by m\u011blo b\u00fdt ostatn\u00edmi respektov\u00e1no. Nech\u00e1m stranou polemiky, pro\u010d n\u011bkte\u0159\u00ed lid\u00e9 necht\u011bj\u00ed podstoupit vakc\u00ednu, ale pokud maj\u00ed mo\u017enost volby, pro\u010d na n\u011b pohl\u00ed\u017eet skrz prsty? Z druh\u00e9 strany \u00fapln\u011b stejn\u011b nech\u00e1pu jedince, kte\u0159\u00ed o\u010dkovan\u00fdm nad\u00e1vaj\u00ed do ovc\u00ed a v mnoha p\u0159\u00edpadech je \u010dastuj\u00ed slovy, kter\u00e1 se nedaj\u00ed publikovat ani v hanbat\u00fdch \u010dasopisech.&nbsp;<\/p>\n\n\n\n<p>S koncem roku a za\u010d\u00e1tkem toho nov\u00e9ho se bl\u00ed\u017e\u00ed plesov\u00e1 sez\u00f3na. S kamar\u00e1dy muzikanty se p\u0159ipravujeme na to, \u017ee m\u016f\u017ee dopadnout podobn\u011b jako ta leto\u0161n\u00ed. Sice nebude \u00fapln\u00fd z\u00e1kaz kulturn\u00edch akc\u00ed, ale jak vid\u00edme u\u017e nyn\u00ed, po\u0159adatel\u016fm se za p\u0159\u00edsn\u00fdch podm\u00ednek akce d\u011blat necht\u011bj\u00ed a ru\u0161\u00ed je. Pro\u010d? To je jednoduch\u00e9. P\u016fjdete na ples tan\u010dit v rou\u0161k\u00e1ch \u010di respir\u00e1torech? V\u011bt\u0161ina z v\u00e1s rad\u011bji z\u016fstane doma. Na ples p\u0159ijde pouze p\u00e1r odv\u00e1\u017elivc\u016f (= smutn\u00e1 kapela), co\u017e znamen\u00e1 m\u00e1lo prodan\u00fdch vstupenek (= smutn\u00fd po\u0159adatel) a atmosf\u00e9ra v tak\u0159ka pr\u00e1zdn\u00e9m s\u00e1lu bude m\u00edrn\u011b \u0159e\u010deno zvl\u00e1\u0161tn\u00ed (= smutn\u00fd div\u00e1k). A nejhor\u0161\u00ed na tom je, \u017ee pokud plesy nebudou, p\u0159ijde spousta lid\u00ed \u2013 nap\u0159\u00edklad muzikant\u016f nebo v\u00fd\u0161e zm\u00edn\u011bn\u00fdch po\u0159adatel\u016f \u2013 o jist\u00fd p\u0159\u00edjem, ov\u0161em tentokr\u00e1t bez jak\u00e9koli st\u00e1tn\u00ed n\u00e1hrady. P\u0159ece nic zak\u00e1z\u00e1no nebude\u2026<\/p>\n\n\n\n<p>R\u00e1d bych z\u016fstal optimistou, ale vzhledem k podobenstv\u00ed ke sc\u00e9n\u00e1\u0159i z lo\u0148sk\u00e9ho roku mi to moc nejde. Ale dokud to okolnosti dovol\u00ed, bu\u010fme r\u00e1di, \u017ee se m\u016f\u017eeme setk\u00e1vat. Uvid\u00edme se na n\u011bkter\u00e9 z listopadov\u00fdch akc\u00ed v Blansku.<\/p>\n\n\n\n<p><strong>Martin M\u00fcller<\/strong><\/p>\n","protected":false},"excerpt":{"rendered":"<p>P\u0159edposledn\u00ed m\u011bs\u00edc v roce je tady a soud\u011b dle kalend\u00e1\u0159e akc\u00ed n\u00e1s rozhodn\u011b ne\u010dek\u00e1 \u017e\u00e1dn\u00e1 nuda. Listopad je pom\u011brn\u011b na\u0161lapan\u00fd<\/p>\n","protected":false},"author":1,"featured_media":5734,"comment_status":"open","ping_status":"closed","sticky":false,"template":"","format":"standard","meta":[],"categories":[4],"tags":[],"_links":{"self":[{"href":"https:\/\/www.monitor-bk.cz\/index.php?rest_route=\/wp\/v2\/posts\/7351"}],"collection":[{"href":"https:\/\/www.monitor-bk.cz\/index.php?rest_route=\/wp\/v2\/posts"}],"about":[{"href":"https:\/\/www.monitor-bk.cz\/index.php?rest_route=\/wp\/v2\/types\/post"}],"author":[{"embeddable":true,"href":"https:\/\/www.monitor-bk.cz\/index.php?rest_route=\/wp\/v2\/users\/1"}],"replies":[{"embeddable":true,"href":"https:\/\/www.monitor-bk.cz\/index.php?rest_route=%2Fwp%2Fv2%2Fcomments&post=7351"}],"version-history":[{"count":1,"href":"https:\/\/www.monitor-bk.cz\/index.php?rest_route=\/wp\/v2\/posts\/7351\/revisions"}],"predecessor-version":[{"id":7352,"href":"https:\/\/www.monitor-bk.cz\/index.php?rest_route=\/wp\/v2\/posts\/7351\/revisions\/7352"}],"wp:featuredmedia":[{"embeddable":true,"href":"https:\/\/www.monitor-bk.cz\/index.php?rest_route=\/wp\/v2\/media\/5734"}],"wp:attachment":[{"href":"https:\/\/www.monitor-bk.cz\/index.php?rest_route=%2Fwp%2Fv2%2Fmedia&parent=7351"}],"wp:term":[{"taxonomy":"category","embeddable":true,"href":"https:\/\/www.monitor-bk.cz\/index.php?rest_route=%2Fwp%2Fv2%2Fcategories&post=7351"},{"taxonomy":"post_tag","embeddable":true,"href":"https:\/\/www.monitor-bk.cz\/index.php?rest_route=%2Fwp%2Fv2%2Ftags&post=7351"}],"curies":[{"name":"wp","href":"https:\/\/api.w.org\/{rel}","templated":true}]}}