{"id":7334,"date":"2021-10-26T19:14:13","date_gmt":"2021-10-26T17:14:13","guid":{"rendered":"https:\/\/www.monitor-bk.cz\/?p=7334"},"modified":"2021-10-26T19:14:13","modified_gmt":"2021-10-26T17:14:13","slug":"uvodnik-o-participativnim-rozpoctu","status":"publish","type":"post","link":"https:\/\/www.monitor-bk.cz\/?p=7334","title":{"rendered":"\u00davodn\u00edk: O participativn\u00edm rozpo\u010dtu"},"content":{"rendered":"\n<figure class=\"wp-block-image size-large\"><img decoding=\"async\" loading=\"lazy\" width=\"800\" height=\"450\" src=\"https:\/\/www.monitor-bk.cz\/wp-content\/uploads\/2021\/10\/park_web-800x450.jpg\" alt=\"\" class=\"wp-image-7335\" srcset=\"https:\/\/www.monitor-bk.cz\/wp-content\/uploads\/2021\/10\/park_web-800x450.jpg 800w, https:\/\/www.monitor-bk.cz\/wp-content\/uploads\/2021\/10\/park_web-300x169.jpg 300w, https:\/\/www.monitor-bk.cz\/wp-content\/uploads\/2021\/10\/park_web-142x80.jpg 142w, https:\/\/www.monitor-bk.cz\/wp-content\/uploads\/2021\/10\/park_web-768x432.jpg 768w, https:\/\/www.monitor-bk.cz\/wp-content\/uploads\/2021\/10\/park_web.jpg 1063w\" sizes=\"(max-width: 800px) 100vw, 800px\" \/><\/figure>\n\n\n\n<p><strong>P\u0159ed t\u0159emi lety byl Blansku p\u0159edstaven projekt Spole\u010dn\u011b PRO Blansko, kter\u00fd dal ob\u010dan\u016fm m\u011bsta mo\u017enost se pod\u00edlet na pl\u00e1nov\u00e1n\u00ed investic ve m\u011bst\u011b. O tom, zda je tato mo\u017enost pro ob\u010dany p\u0159\u00ednosn\u00e1 \u010di nikoliv, jsme se mohli p\u0159esv\u011bd\u010dit ji\u017e v p\u0159edchoz\u00edch dvou ro\u010dn\u00edc\u00edch. I letos budeme hlasovat o projekt, kter\u00fd bychom cht\u011bli realizovat a podobn\u011b jako v p\u0159edchoz\u00edch ro\u010dn\u00edc\u00edch p\u016fjde o \u010d\u00e1stku a\u017e 600.000 K\u010d.<\/strong><\/p>\n\n\n\n<p>Mus\u00edm p\u0159iznat, \u017ee od za\u010d\u00e1tku jsem byl k cel\u00e9 v\u011bci m\u00edrn\u011b skeptick\u00fd. P\u0159ece jen jsme byli cel\u00e1 l\u00e9ta zvykl\u00ed na to, \u017ee o m\u011bstsk\u00fdch investic\u00edch rozhoduj\u00ed v\u00fdhradn\u011b \u00fa\u0159edn\u00edci. Nav\u00edc se mi zd\u00e1la uvoln\u011bn\u00e1 \u010d\u00e1stka pom\u011brn\u011b n\u00edzk\u00e1 a projekty, kter\u00e9 se objevily v prvn\u00edm ro\u010dn\u00edku, mne p\u0159\u00edli\u0161 nezaujaly. Ze \u010dty\u0159 \u201esout\u011b\u017e\u00edc\u00edch\u201c jsem nakonec zvolil zast\u0159e\u0161en\u00ed na Dukle, jeliko\u017e jsem tam po\u0159\u00e1dal koncerty a jak\u00e9koli zveleben\u00ed tohoto prostoru jsem pova\u017eoval za prosp\u011b\u0161n\u00e9 (to ostatn\u011b trv\u00e1 dodnes, jeliko\u017e st\u00e1vaj\u00edc\u00ed \u0159e\u0161en\u00ed \u010derven\u00e9 klece, jej\u00edm\u017e zast\u0159e\u0161en\u00edm kape na muzikanty voda a v p\u0159\u00edpad\u011b slunn\u00e9ho po\u010das\u00ed zase pere slunko na div\u00e1ky, mi p\u0159ijde m\u00edrn\u011b \u0159e\u010deno nedota\u017een\u00e9).<\/p>\n\n\n\n<p>V prvn\u00edm participativn\u00edm rozpo\u010dtu nakonec vyhr\u00e1l projekt Zast\u0159e\u0161en\u00ed postrann\u00ed \u010d\u00e1sti sportovn\u00edho are\u00e1lu za kulturn\u00edm domem na T\u011bchov\u011b, a to s pom\u011brn\u011b velk\u00fdm n\u00e1skokem. Zde se toti\u017e projevila s\u00edla m\u011bstsk\u00e9 \u010d\u00e1sti, kter\u00e1 se chopila p\u0159\u00edle\u017eitosti, zmobilizovala sv\u00e9 s\u00edly a sv\u00fdm hlasem podpo\u0159ila tuto akci v\u011bt\u0161ina jejich obyvatel. Na rozd\u00edl od obyvatel m\u011bsta, kte\u0159\u00ed z\u016fstali v hlasov\u00e1n\u00ed pom\u011brn\u011b zdr\u017eenliv\u00ed. Jen pro up\u0159esn\u011bn\u00ed \u2013 platn\u00fdch hlas\u016f bylo odevzd\u00e1no 831, z toho 530 respondent\u016f hlasovalo pro T\u011bchov. V\u016fbec nic proti T\u011bchovsk\u00fdm nem\u00e1m, naopak jsem jim v\u00edt\u011bzstv\u00ed moc p\u0159\u00e1l. Jen mi p\u0159i\u0161la trochu \u00fasm\u011bvn\u00e1 skute\u010dnost, \u017ee zat\u00edmco na vesnici dr\u017e\u00ed lid\u00e9 pospolu, ve dvacetitis\u00edcov\u00e9m st\u0159edu nikoliv.<\/p>\n\n\n\n<p>Loni u\u017e byla situace o n\u011bco lep\u0161\u00ed. Mezi sebou sout\u011b\u017eilo hned deset projekt\u016f a do hlasov\u00e1n\u00ed se zapojilo 1026 ob\u010dan\u016f. Zv\u00edt\u011bzil projekt Lavi\u010dky pro oddech i setk\u00e1v\u00e1n\u00ed generac\u00ed. Letos prob\u011bhla tak\u00e9 realizace a m\u016f\u017eu \u0159\u00edct, \u017ee mn\u011b osobn\u011b se hn\u00edzda s lavi\u010dkami moc l\u00edb\u00ed a pova\u017euji je za p\u0159\u00edjemn\u00e9 o\u017eiven\u00ed m\u011bsta. Mimochodem \u2013 jen o 45 hlas\u016f m\u00e9n\u011b m\u011bl projekt Zast\u0159e\u0161en\u00ed posezen\u00ed na h\u0159i\u0161ti Klepa\u010dov.<\/p>\n\n\n\n<p>M\u00edrnou v\u00fdhradu bych m\u011bl k syst\u00e9mu hlasov\u00e1n\u00ed. Pokud jste je\u0161t\u011b nem\u011bli tu \u010dest, nast\u00edn\u00edm v\u00e1m jej. Pokud z jak\u00e9hokoli d\u016fvodu nem\u016f\u017eete hlasovat p\u0159es internet, nezbyde v\u00e1m ne\u017e hlasovat formou anketn\u00edho l\u00edstku, kter\u00fd bude p\u0159\u00edlohou Zpravodaje, a kter\u00fd mus\u00edte doru\u010dit na m\u011bstsk\u00fd \u00fa\u0159ad. Druhou (a \u010dast\u011bji pou\u017e\u00edvanou) metodou je potom hlasov\u00e1n\u00ed elektronicky p\u0159es Mobiln\u00ed Rozhlas. Zde uvid\u00edte konkr\u00e9tn\u00ed projekty a dostanete mo\u017enost d\u00e1t hned t\u0159i hlasy, ov\u0161em ka\u017ed\u00fd pouze jednomu z nich. Mn\u011b osobn\u011b se tohle p\u0159\u00edli\u0161 nel\u00edb\u00ed, byl bych rad\u011bji, kdybych mohl zv\u00fdhodnit sv\u00e9ho favorita t\u0159eba hned t\u0159emi hlasy, p\u0159\u00edpadn\u011b umo\u017enit darovat hlas pouze jeden. V\u017edy\u0165 bude stejn\u011b jen jeden v\u00edt\u011bz, tak k \u010demu to vlastn\u011b je? P\u0159ijde mi to stejn\u00e9, jako byste mohli p\u0159i parlamentn\u00edch volb\u00e1ch krou\u017ekovat na v\u00edce volebn\u00edch l\u00edstc\u00edch\u2026 Jakmile m\u00e1te hotovo, mus\u00edte vyplnit jm\u00e9no, adresu bydli\u0161t\u011b a telefonn\u00ed \u010d\u00edslo, n\u00e1sleduje pohlav\u00ed a v\u011bkov\u00e1 skupina. A je hotovo. Posledn\u00ed kroky se mi v\u0161ak zdaj\u00ed pom\u011brn\u011b zbyte\u010dn\u00e9. Mnohem pohodln\u011bj\u0161\u00ed by byla jednor\u00e1zov\u00e1 registrace p\u0159es Facebook, Google \u010di jin\u00e9 platformy. Podobn\u011b, jako tomu je v Boskovic\u00edch. T\u0159eba se jednou do\u010dk\u00e1me\u2026<\/p>\n\n\n\n<p>Pokud v\u00e1s zaj\u00edm\u00e1, jak\u00e9 projekty se p\u0159ihl\u00e1sily letos (v\u011b\u0159\u00edm, \u017ee ano), na \u0161est\u00e9 stran\u011b tohoto vyd\u00e1n\u00ed si m\u016f\u017eete o leto\u0161n\u00edm ro\u010dn\u00edku participativn\u00edho rozpo\u010dtu detailn\u011b p\u0159e\u010d\u00edst. Je\u0161t\u011b v\u00edce se o jednotliv\u00fdch sout\u011b\u017e\u00edc\u00edch rozepisuje m\u011bstsk\u00fd web.<\/p>\n\n\n\n<p>Kdy\u017e jsme u t\u011bch investic\u2026 Je mi naprosto jasn\u00e9, \u017ee je krajn\u011b nepohodln\u00e9 jezdit rozkopan\u00fdm m\u011bstem, ale kdy\u017e to vezmu z druh\u00e9 strany, nepamatuju si, \u017ee by v na\u0161em m\u011bst\u011b n\u011bkdy prob\u00edhalo tolik stavebn\u00edch prac\u00ed v re\u017eii m\u011bsta. A to i v dob\u011b, kdy musel st\u00e1tn\u00ed apar\u00e1t citeln\u011b sahat na pen\u00edze kraj\u016fm a obc\u00edm. Jsem tedy r\u00e1d, \u017ee projekt participativn\u00edho rozpo\u010dtu v Blansku z\u016fstal v nezm\u011bn\u011bn\u00e9 podob\u011b i letos.<\/p>\n\n\n\n<p>Uzn\u00e1v\u00e1m, \u017ee i p\u0159es prvotn\u00ed skepsi se mi projekt participativn\u00edho rozpo\u010dtu l\u00edb\u00ed. Dost\u00e1v\u00e1me tak jedine\u010dnou p\u0159\u00edle\u017eitost pod\u00edlet se na investic\u00edch, kter\u00e9 vymysleli na\u0161i spoluob\u010dan\u00e9 pro n\u00e1s. A tak\u00e9 p\u0159\u00edle\u017eitost vymyslet smyslupln\u00fd projekt a p\u0159edstavit jej \u0161irok\u00e9 ve\u0159ejnosti. Za m\u011b tedy palec nahoru, a to i p\u0159es lehce nepohodlnou formu hlasov\u00e1n\u00ed, na kter\u00e9m se jist\u011b d\u00e1 je\u0161t\u011b pracovat.<\/p>\n\n\n\n<p><strong>Martin M\u00fcller<\/strong><\/p>\n","protected":false},"excerpt":{"rendered":"<p>P\u0159ed t\u0159emi lety byl Blansku p\u0159edstaven projekt Spole\u010dn\u011b PRO Blansko, kter\u00fd dal ob\u010dan\u016fm m\u011bsta mo\u017enost se pod\u00edlet na pl\u00e1nov\u00e1n\u00ed investic<\/p>\n","protected":false},"author":1,"featured_media":7335,"comment_status":"open","ping_status":"closed","sticky":false,"template":"","format":"standard","meta":[],"categories":[4],"tags":[],"_links":{"self":[{"href":"https:\/\/www.monitor-bk.cz\/index.php?rest_route=\/wp\/v2\/posts\/7334"}],"collection":[{"href":"https:\/\/www.monitor-bk.cz\/index.php?rest_route=\/wp\/v2\/posts"}],"about":[{"href":"https:\/\/www.monitor-bk.cz\/index.php?rest_route=\/wp\/v2\/types\/post"}],"author":[{"embeddable":true,"href":"https:\/\/www.monitor-bk.cz\/index.php?rest_route=\/wp\/v2\/users\/1"}],"replies":[{"embeddable":true,"href":"https:\/\/www.monitor-bk.cz\/index.php?rest_route=%2Fwp%2Fv2%2Fcomments&post=7334"}],"version-history":[{"count":1,"href":"https:\/\/www.monitor-bk.cz\/index.php?rest_route=\/wp\/v2\/posts\/7334\/revisions"}],"predecessor-version":[{"id":7336,"href":"https:\/\/www.monitor-bk.cz\/index.php?rest_route=\/wp\/v2\/posts\/7334\/revisions\/7336"}],"wp:featuredmedia":[{"embeddable":true,"href":"https:\/\/www.monitor-bk.cz\/index.php?rest_route=\/wp\/v2\/media\/7335"}],"wp:attachment":[{"href":"https:\/\/www.monitor-bk.cz\/index.php?rest_route=%2Fwp%2Fv2%2Fmedia&parent=7334"}],"wp:term":[{"taxonomy":"category","embeddable":true,"href":"https:\/\/www.monitor-bk.cz\/index.php?rest_route=%2Fwp%2Fv2%2Fcategories&post=7334"},{"taxonomy":"post_tag","embeddable":true,"href":"https:\/\/www.monitor-bk.cz\/index.php?rest_route=%2Fwp%2Fv2%2Ftags&post=7334"}],"curies":[{"name":"wp","href":"https:\/\/api.w.org\/{rel}","templated":true}]}}