{"id":7293,"date":"2021-06-21T11:51:39","date_gmt":"2021-06-21T09:51:39","guid":{"rendered":"https:\/\/www.monitor-bk.cz\/?p=7293"},"modified":"2021-06-21T11:51:40","modified_gmt":"2021-06-21T09:51:40","slug":"jiri-crha-premosteni-je-naprosto-mimoradny-projekt","status":"publish","type":"post","link":"https:\/\/www.monitor-bk.cz\/?p=7293","title":{"rendered":"Ji\u0159\u00ed Crha: P\u0159emost\u011bn\u00ed je naprosto mimo\u0159\u00e1dn\u00fd projekt"},"content":{"rendered":"\n<figure class=\"wp-block-image size-large\"><img decoding=\"async\" loading=\"lazy\" width=\"800\" height=\"533\" src=\"https:\/\/www.monitor-bk.cz\/wp-content\/uploads\/2021\/06\/JC_premosteni_web-800x533.jpg\" alt=\"\" class=\"wp-image-7294\" srcset=\"https:\/\/www.monitor-bk.cz\/wp-content\/uploads\/2021\/06\/JC_premosteni_web-800x533.jpg 800w, https:\/\/www.monitor-bk.cz\/wp-content\/uploads\/2021\/06\/JC_premosteni_web-300x200.jpg 300w, https:\/\/www.monitor-bk.cz\/wp-content\/uploads\/2021\/06\/JC_premosteni_web-120x80.jpg 120w, https:\/\/www.monitor-bk.cz\/wp-content\/uploads\/2021\/06\/JC_premosteni_web-768x512.jpg 768w, https:\/\/www.monitor-bk.cz\/wp-content\/uploads\/2021\/06\/JC_premosteni_web.jpg 1134w\" sizes=\"(max-width: 800px) 100vw, 800px\" \/><\/figure>\n\n\n\n<p><strong>Blansko \u010dek\u00e1 bezesporu nejv\u011bt\u0161\u00ed investi\u010dn\u00ed akce posledn\u00edch let, kterou je p\u0159emost\u011bn\u00ed na Star\u00e9 Blansko. Kolik to bude st\u00e1t? Jak\u00e1 budou omezen\u00ed? Kdy bude stavba hotov\u00e1? Podrobn\u011b se k cel\u00e9 investici vyj\u00e1d\u0159il starosta m\u011bsta Ji\u0159\u00ed Crha.<\/strong><\/p>\n\n\n\n<p><strong>Kdy se zrodila my\u0161lenka na p\u0159emost\u011bn\u00ed?&nbsp;<\/strong><\/p>\n\n\n\n<p>J\u00e1 s\u00e1m se p\u0159emost\u011bn\u00edm na Star\u00e9 Blansko zab\u00fdv\u00e1m zhruba od doby, kdy jsem se do Blanska vr\u00e1til z kraje coby nov\u00fd m\u00edstostarosta, to bylo v roce 2010. U\u017e tehdy jsme pl\u00e1n na vybudov\u00e1n\u00ed p\u0159emost\u011bn\u00ed m\u011bli ve sv\u00e9m volebn\u00edm programu. Historicky se ale p\u0159emost\u011bn\u00ed \u0159e\u0161ilo daleko d\u0159\u00edve. S\u00e1m si vzpom\u00edn\u00e1m, \u017ee minim\u00e1ln\u011b v roce 1996 nebo 1997, kdy\u017e se elektrifikovala tra\u0165. A\u017e na \u00farovni Ministerstva dopravy ov\u0161em tehdy n\u011bco podobn\u00e9ho nebylo vysly\u0161eno. Co v\u00edm, prvn\u00ed n\u00e1pady tohoto typu v Blansku kolovaly snad u\u017e v 60. letech minul\u00e9ho stolet\u00ed. I proto jsem r\u00e1d, \u017ee se p\u0159\u00edpravy na tento projekt kone\u010dn\u011b poda\u0159ilo dot\u00e1hnout a\u017e k \u00fasp\u011b\u0161n\u011b ukon\u010den\u00e9mu v\u00fdb\u011brov\u00e9mu \u0159\u00edzen\u00ed. Kl\u00ed\u010dov\u00e9 bylo, aby se v\u0161e poda\u0159ilo zkoordinovat s pl\u00e1novanou v\u00fdlukou na trati, kter\u00e1 za\u010dne letos v prosinci. Pokud by se to nepovedlo, mysl\u00edm, \u017ee p\u0159emost\u011bn\u00ed by se d\u00e1l jen pl\u00e1novalo je\u0161t\u011b \u0159adu let.<\/p>\n\n\n\n<p><strong>Jak dlouho trvala p\u0159\u00edprava tohoto projektu?<\/strong><\/p>\n\n\n\n<p>Memorandum s krajem Blansko podepisovalo v dubnu 2016. Od t\u00e9 doby m\u011bsto za\u010dalo vykupovat pozemky a pracovat na projektov\u00e9 p\u0159\u00edprav\u011b. V posledn\u00edch dvou letech se v\u0161e v\u00fdrazn\u011b zintenzivnilo.<\/p>\n\n\n\n<p><strong>Co bylo v r\u00e1mci p\u0159\u00edprav z va\u0161eho pohledu nejslo\u017eit\u011bj\u0161\u00ed?<\/strong><\/p>\n\n\n\n<p>Nejslo\u017eit\u011bj\u0161\u00ed pro n\u00e1s byl asi v\u00fdkup n\u011bkter\u00fdch pozemk\u016f a tak\u00e9 to, abychom na p\u0159emost\u011bn\u00ed z\u00edskali pot\u0159ebn\u00e9 finance ve v\u00fd\u0161i 264 milion\u016f korun. Tomu p\u0159edch\u00e1zela \u0159ada jedn\u00e1n\u00ed a osobn\u00edch sch\u016fzek nejen se z\u00e1stupci kraje, ale tak\u00e9 na Ministerstvu dopravy, St\u00e1tn\u00edm fondu dopravn\u00ed infrastruktury nebo na Spr\u00e1v\u011b \u017eeleznic. &nbsp;<\/p>\n\n\n\n<p><strong>Co financov\u00e1n\u00ed? Kolik pen\u011bz bude muset vydat m\u011bsto Blansko ze sv\u00e9ho rozpo\u010dtu?<\/strong><\/p>\n\n\n\n<p>I kdy\u017e vysout\u011b\u017een\u00e1 cena dosahuje 264 milion\u016f korun, p\u0159\u00edmo z m\u011bstsk\u00e9 kasy budeme p\u0159emost\u011bn\u00ed financovat asi \u0161esti miliony korun. Touto \u010d\u00e1stkou m\u011bsto p\u0159isp\u011bje na spolufinancov\u00e1n\u00ed nov\u00fdch chodn\u00edk\u016f a osv\u011btlen\u00ed souvisej\u00edc\u00edch se stavbou p\u0159emost\u011bn\u00ed. Dal\u0161\u00ed zhruba dv\u011b des\u00edtky milion\u016f korun u\u017e ale m\u011bsto investovalo do v\u00fdkupu pozemk\u016f a projektov\u00e9 dokumentace.\u00a0<\/p>\n\n\n\n<p><strong>Cel\u00fd \u010dl\u00e1nek si p\u0159e\u010dtete v ti\u0161t\u011bn\u00e9m vyd\u00e1n\u00ed, ke sta\u017een\u00ed na <\/strong><a href=\"https:\/\/www.monitor-bk.cz\/noviny\/mon1221_web.pdf\"><strong>TOMTO ODKAZU<\/strong><\/a><\/p>\n","protected":false},"excerpt":{"rendered":"<p>Blansko \u010dek\u00e1 bezesporu nejv\u011bt\u0161\u00ed investi\u010dn\u00ed akce posledn\u00edch let, kterou je p\u0159emost\u011bn\u00ed na Star\u00e9 Blansko. Kolik to bude st\u00e1t? Jak\u00e1 budou<\/p>\n","protected":false},"author":1,"featured_media":7294,"comment_status":"open","ping_status":"closed","sticky":false,"template":"","format":"standard","meta":[],"categories":[55,16],"tags":[],"_links":{"self":[{"href":"https:\/\/www.monitor-bk.cz\/index.php?rest_route=\/wp\/v2\/posts\/7293"}],"collection":[{"href":"https:\/\/www.monitor-bk.cz\/index.php?rest_route=\/wp\/v2\/posts"}],"about":[{"href":"https:\/\/www.monitor-bk.cz\/index.php?rest_route=\/wp\/v2\/types\/post"}],"author":[{"embeddable":true,"href":"https:\/\/www.monitor-bk.cz\/index.php?rest_route=\/wp\/v2\/users\/1"}],"replies":[{"embeddable":true,"href":"https:\/\/www.monitor-bk.cz\/index.php?rest_route=%2Fwp%2Fv2%2Fcomments&post=7293"}],"version-history":[{"count":1,"href":"https:\/\/www.monitor-bk.cz\/index.php?rest_route=\/wp\/v2\/posts\/7293\/revisions"}],"predecessor-version":[{"id":7295,"href":"https:\/\/www.monitor-bk.cz\/index.php?rest_route=\/wp\/v2\/posts\/7293\/revisions\/7295"}],"wp:featuredmedia":[{"embeddable":true,"href":"https:\/\/www.monitor-bk.cz\/index.php?rest_route=\/wp\/v2\/media\/7294"}],"wp:attachment":[{"href":"https:\/\/www.monitor-bk.cz\/index.php?rest_route=%2Fwp%2Fv2%2Fmedia&parent=7293"}],"wp:term":[{"taxonomy":"category","embeddable":true,"href":"https:\/\/www.monitor-bk.cz\/index.php?rest_route=%2Fwp%2Fv2%2Fcategories&post=7293"},{"taxonomy":"post_tag","embeddable":true,"href":"https:\/\/www.monitor-bk.cz\/index.php?rest_route=%2Fwp%2Fv2%2Ftags&post=7293"}],"curies":[{"name":"wp","href":"https:\/\/api.w.org\/{rel}","templated":true}]}}