{"id":7282,"date":"2021-05-24T09:37:00","date_gmt":"2021-05-24T07:37:00","guid":{"rendered":"https:\/\/www.monitor-bk.cz\/?p=7282"},"modified":"2021-06-07T09:39:33","modified_gmt":"2021-06-07T07:39:33","slug":"uvodnik-o-absenci-kultury","status":"publish","type":"post","link":"https:\/\/www.monitor-bk.cz\/?p=7282","title":{"rendered":"\u00davodn\u00edk: O absenci kultury"},"content":{"rendered":"\n<figure class=\"wp-block-image size-large\"><img decoding=\"async\" loading=\"lazy\" width=\"800\" height=\"457\" src=\"https:\/\/www.monitor-bk.cz\/wp-content\/uploads\/2019\/06\/01_web-800x457.jpg\" alt=\"\" class=\"wp-image-5569\" srcset=\"https:\/\/www.monitor-bk.cz\/wp-content\/uploads\/2019\/06\/01_web-800x457.jpg 800w, https:\/\/www.monitor-bk.cz\/wp-content\/uploads\/2019\/06\/01_web-140x80.jpg 140w, https:\/\/www.monitor-bk.cz\/wp-content\/uploads\/2019\/06\/01_web-300x171.jpg 300w, https:\/\/www.monitor-bk.cz\/wp-content\/uploads\/2019\/06\/01_web-768x439.jpg 768w, https:\/\/www.monitor-bk.cz\/wp-content\/uploads\/2019\/06\/01_web.jpg 1565w\" sizes=\"(max-width: 800px) 100vw, 800px\" \/><\/figure>\n\n\n\n<p><strong>K t\u00e9matu pro dne\u0161n\u00ed \u00favodn\u00edk mne p\u0159ivedl \u0159editel Kultury Blansko V\u00edtek \u0160ujan, kdy\u017e jsme spolu vedli rozhovor v rubrice Na k\u00e1v\u011b s\u2026 v minul\u00e9m \u010d\u00edsle Monitoru. Bavili jsme se mimo jin\u00e9 o tom, jak t\u011b\u017ek\u00e9 je provozovat kulturu v dob\u011b, kdy je vl\u00e1dou zak\u00e1z\u00e1no se sch\u00e1zet. Cel\u00fd n\u00e1\u0161 rozhovor mo\u017en\u00e1 i v\u00e1s inspiroval k zamy\u0161len\u00ed, co to vlastn\u011b kultura je.<\/strong><\/p>\n\n\n\n<p>Nen\u00ed t\u0159eba zd\u016fraz\u0148ovat, \u017ee bez kultury jsme u\u017e v\u00edce ne\u017e sedm m\u011bs\u00edc\u016f. Zav\u0159en\u00e1 jsou kina, koncertn\u00ed s\u00e1ly, galerie, divadla, ale i diskot\u00e9ky a bavit se p\u0159i muzice je n\u00e1m znemo\u017en\u011bno i na soukrom\u00fdch oslav\u00e1ch, by\u0165 jen pro p\u00e1r lid\u00ed. I tohle je ned\u00edln\u00e1 sou\u010d\u00e1st izolace, kterou n\u00e1m p\u0159ipravila epidemie koronaviru. A to n\u00e1m bylo na za\u010d\u00e1tku \u0159\u00edjna \u0159e\u010deno, \u017ee jde o opat\u0159en\u00ed, kter\u00e9 bude trvat jen 14 dn\u00ed\u2026<\/p>\n\n\n\n<p>U\u017e loni na ja\u0159e, kdy prob\u00edhala prvn\u00ed covidov\u00e1 vlna, jsme se s kamar\u00e1dy muzikanty na zkou\u0161ce bavili o tom, \u017ee v dob\u011b, kdy je n\u00e1m kultura odep\u0159ena, se projevuje, \u017ee jde o jakousi spole\u010denskou nadstavbu. Jeden m\u016fj kamar\u00e1d v t\u00e9 dob\u011b dokonce prohl\u00e1sil, \u017ee je nyn\u00ed jasn\u011b vid\u011bt, jak je kultura zbyte\u010dn\u00e1, a \u017ee se bez n\u00ed d\u00e1 \u017e\u00edt. A potom se n\u011bkdy na podzim tehdej\u0161\u00ed ministr zdravotnictv\u00ed Roman Prymula vyj\u00e1d\u0159il ve smyslu, \u017ee kultura je pouhou volno\u010dasovou z\u00e1le\u017eitost\u00ed.&nbsp;<\/p>\n\n\n\n<p>Toto tvrzen\u00ed je, trouf\u00e1m si \u0159\u00edct, velice ne\u0161\u0165astn\u00e9. Sice asi ch\u00e1pu, pro\u010d to pan plukovn\u00edk takto vy\u0159kl, ale nebylo to nam\u00edst\u011b. Dle m\u00e9ho n\u00e1zoru nem\u016f\u017eeme pova\u017eovat za kulturu pouze to, \u017ee jdeme do kina nebo na koncert. Ano, to volno\u010dasov\u00e1 aktivita bezesporu je a k tomuto \u00fa\u010delu n\u00e1m slou\u017e\u00ed kluby, s\u00e1ly, galerie a dal\u0161\u00ed budovy. Pod pojmem kultura se v\u0161ak skr\u00fdv\u00e1 n\u011bco mnohem v\u00edc. Kultura je n\u011bco hluboko v n\u00e1s, n\u011bco, co pro\u017e\u00edv\u00e1me spole\u010dn\u011b s ostatn\u00edmi lidmi. N\u011bco, co v n\u00e1s bud\u00ed hlubok\u00e9 emoce, nut\u00ed n\u00e1s p\u0159em\u00fd\u0161let, d\u011bl\u00e1 n\u00e1m radost, je spou\u0161t\u011b\u010dem sm\u00edchu i pl\u00e1\u010de. Jde v prvn\u00ed \u0159ad\u011b o du\u0161evn\u00ed napln\u011bn\u00ed, o n\u011bco, co lidi formuje a \u010din\u00ed je tolik unik\u00e1tn\u00edmi. Kultura je bohatstv\u00edm, kter\u00e9 nen\u00ed obchodovateln\u00e9, p\u0159itom pat\u0159\u00ed k t\u011bm nejcenn\u011bj\u0161\u00edm v\u011bcem v na\u0161em \u017eivot\u011b.<\/p>\n\n\n\n<p>V Monitoru \u010d. 7 jsme se v\u011bnovali t\u00e9matu covid a podnikatel\u00e9 a o jednu z odpov\u011bd\u00ed jsem po\u017e\u00e1dal i sv\u00e9ho kamar\u00e1da Martina \u0160t\u011bp\u00e1nka, kter\u00fd se podobn\u011b jako j\u00e1 v kulturn\u00ed bran\u017ei \u017eiv\u00ed. Ten mimo jin\u00e9 napsal: \u201eCh\u00e1pu, \u017ee kultura je to posledn\u00ed, co \u010dlov\u011bk k \u017eivotu pot\u0159ebuje. M\u00e1me co j\u00edst, tak co? Ale p\u0159esto\u2026 Kultura dod\u00e1v\u00e1 potravu du\u0161evn\u00ed a i t\u00e9, mysl\u00edm si, je t\u0159eba. M\u00e1m ov\u0161em obavu, \u017ee znovu nastartovat tento druh podnik\u00e1n\u00ed bude trvat velmi dlouho. Jak u\u017e jsem psal, kultura neum\u00ed fungovat jako obchod s nepravidelnou otev\u00edrac\u00ed dobou. Hlad po n\u00ed zat\u00edm ur\u010dit\u011b je, ale ob\u00e1v\u00e1m se, \u017ee pomali\u010dku miz\u00ed, nebo\u0165 poslucha\u010d si zvykne a \u010dasem mu absence ani nijak vadit nebude. V\u00edm, \u017ee je pozastaveno takov\u00fdch a mnohem d\u016fle\u017eit\u011bj\u0161\u00edch odv\u011btv\u00ed mnoho a mohu si \u0159\u00edkat, \u017ee jsme v\u0161ichni na jedn\u00e9 lodi, ale\u2026\u201c<\/p>\n\n\n\n<p>J\u00e1 osobn\u011b bych se neb\u00e1l. V\u011b\u0159\u00edm a c\u00edt\u00edm ze sv\u00e9ho okol\u00ed, \u017ee po kultu\u0159e je obrovsk\u00fd hlad. \u010clov\u011bk je v prvn\u00ed \u0159ad\u011b tvorem spole\u010densk\u00fdm a kultura je \u00fa\u017easn\u00fdm n\u00e1strojem, kter\u00fd dok\u00e1\u017ee lidi stmelit a ud\u011blat jim radost. A t\u00edm nemysl\u00edm pouze muziku, n\u00fdbr\u017e dal\u0161\u00edch XY odv\u011btv\u00ed, kter\u00e9 se kultu\u0159e v\u011bnuj\u00ed a tvo\u0159\u00ed hodnoty, kter\u00e9 mohou b\u00fdt na rozd\u00edl t\u0159eba od chleba se s\u00e1dlem trval\u00e9 a mohou na\u0161im \u017eivot\u016fm slou\u017eit roky.<\/p>\n\n\n\n<p>V\u00edte, u\u017e jsem si zvykl na (v mnoha p\u0159\u00edpadech zcela nesmysln\u00e1) opat\u0159en\u00ed serv\u00edrovan\u00e1 shora, ale ob\u010das je\u0161t\u011b po\u0159\u00e1d sk\u0159\u00edpu zuby. Dodnes mi t\u0159eba nen\u00ed jasn\u00e9, pro\u010d v supermarketu m\u016f\u017ee b\u00fdt hlava na hlav\u011b (viz t\u0159eba blanensk\u00fd Kaufland, kter\u00fdkoli v\u0161edn\u00ed den v dob\u011b mezi osmou rann\u00ed a \u0161estou ve\u010dern\u00ed) a koncert \u010di v\u00fdstava prob\u011bhnout nemohou ani tehdy, kdy bude omezen po\u010det \u00fa\u010dastn\u00edk\u016f a zachov\u00e1ny ve\u0161ker\u00e9 bezpe\u010dnostn\u00ed opat\u0159en\u00ed v\u010detn\u011b povinnosti respir\u00e1tor\u016f a nutn\u00e9ho testov\u00e1n\u00ed.&nbsp;<\/p>\n\n\n\n<p>Mocip\u00e1ni naho\u0159e z\u0159ejm\u011b ve sv\u00e9 kr\u00e1tkozrakosti a omezenosti tohle nevid\u00ed, a tak odsunuj\u00ed kulturu a\u017e na posledn\u00ed kolej, \u010d\u00edm\u017e bohu\u017eel trp\u00ed hlavn\u011b statis\u00edce lid\u00ed, kte\u0159\u00ed v\u011bd\u00ed, \u017ee nejen \u017evancem je \u010dlov\u011bk \u017eiv. Proto\u017ee bez kultury p\u0159ece p\u0159e\u017eijeme, no ne?&nbsp;<\/p>\n\n\n\n<p>Jen\u017ee stejn\u011b jako bez kultury bychom p\u0159e\u017eili i bez lid\u00ed, kte\u0159\u00ed n\u00e1m ji odp\u00edraj\u00ed.<\/p>\n\n\n\n<p><strong>Martin M\u00fcller<\/strong><\/p>\n","protected":false},"excerpt":{"rendered":"<p>K t\u00e9matu pro dne\u0161n\u00ed \u00favodn\u00edk mne p\u0159ivedl \u0159editel Kultury Blansko V\u00edtek \u0160ujan, kdy\u017e jsme spolu vedli rozhovor v rubrice Na<\/p>\n","protected":false},"author":1,"featured_media":5569,"comment_status":"open","ping_status":"closed","sticky":false,"template":"","format":"standard","meta":[],"categories":[4],"tags":[],"_links":{"self":[{"href":"https:\/\/www.monitor-bk.cz\/index.php?rest_route=\/wp\/v2\/posts\/7282"}],"collection":[{"href":"https:\/\/www.monitor-bk.cz\/index.php?rest_route=\/wp\/v2\/posts"}],"about":[{"href":"https:\/\/www.monitor-bk.cz\/index.php?rest_route=\/wp\/v2\/types\/post"}],"author":[{"embeddable":true,"href":"https:\/\/www.monitor-bk.cz\/index.php?rest_route=\/wp\/v2\/users\/1"}],"replies":[{"embeddable":true,"href":"https:\/\/www.monitor-bk.cz\/index.php?rest_route=%2Fwp%2Fv2%2Fcomments&post=7282"}],"version-history":[{"count":1,"href":"https:\/\/www.monitor-bk.cz\/index.php?rest_route=\/wp\/v2\/posts\/7282\/revisions"}],"predecessor-version":[{"id":7283,"href":"https:\/\/www.monitor-bk.cz\/index.php?rest_route=\/wp\/v2\/posts\/7282\/revisions\/7283"}],"wp:featuredmedia":[{"embeddable":true,"href":"https:\/\/www.monitor-bk.cz\/index.php?rest_route=\/wp\/v2\/media\/5569"}],"wp:attachment":[{"href":"https:\/\/www.monitor-bk.cz\/index.php?rest_route=%2Fwp%2Fv2%2Fmedia&parent=7282"}],"wp:term":[{"taxonomy":"category","embeddable":true,"href":"https:\/\/www.monitor-bk.cz\/index.php?rest_route=%2Fwp%2Fv2%2Fcategories&post=7282"},{"taxonomy":"post_tag","embeddable":true,"href":"https:\/\/www.monitor-bk.cz\/index.php?rest_route=%2Fwp%2Fv2%2Ftags&post=7282"}],"curies":[{"name":"wp","href":"https:\/\/api.w.org\/{rel}","templated":true}]}}