{"id":7272,"date":"2021-05-05T13:15:00","date_gmt":"2021-05-05T11:15:00","guid":{"rendered":"https:\/\/www.monitor-bk.cz\/?p=7272"},"modified":"2021-05-05T20:20:43","modified_gmt":"2021-05-05T18:20:43","slug":"ockovat-se-mohou-lide-od-padesati-let","status":"publish","type":"post","link":"https:\/\/www.monitor-bk.cz\/?p=7272","title":{"rendered":"O\u010dkovat se mohou lid\u00e9 od pades\u00e1ti let"},"content":{"rendered":"\n<figure class=\"wp-block-image size-large\"><img decoding=\"async\" loading=\"lazy\" width=\"800\" height=\"532\" src=\"https:\/\/www.monitor-bk.cz\/wp-content\/uploads\/2021\/05\/ocko_web-800x532.jpg\" alt=\"\" class=\"wp-image-7273\" srcset=\"https:\/\/www.monitor-bk.cz\/wp-content\/uploads\/2021\/05\/ocko_web-800x532.jpg 800w, https:\/\/www.monitor-bk.cz\/wp-content\/uploads\/2021\/05\/ocko_web-300x199.jpg 300w, https:\/\/www.monitor-bk.cz\/wp-content\/uploads\/2021\/05\/ocko_web-120x80.jpg 120w, https:\/\/www.monitor-bk.cz\/wp-content\/uploads\/2021\/05\/ocko_web-768x511.jpg 768w, https:\/\/www.monitor-bk.cz\/wp-content\/uploads\/2021\/05\/ocko_web.jpg 1134w\" sizes=\"(max-width: 800px) 100vw, 800px\" \/><\/figure>\n\n\n\n<p><strong>O\u010dkov\u00e1n\u00ed proti onemocn\u011bn\u00ed covid-19, kter\u00e9 zaji\u0161\u0165uj\u00ed l\u00e9ka\u0159i a zdravotn\u00ed sestry Nemocnice Blansko ve sportovn\u00ed hale na ulici \u00dadoln\u00ed, nab\u00edr\u00e1 na obr\u00e1tk\u00e1ch. Po n\u011bkolika t\u00fddnech, kdy p\u0159ich\u00e1zely pon\u011bkud skromn\u00e9 dod\u00e1vky o\u010dkovac\u00ed l\u00e1tky, jsou t\u00fddenn\u00ed po\u010dty lahvi\u010dek s vakc\u00ednou Pfizer ji\u017e optimisti\u010dt\u011bj\u0161\u00ed.&nbsp;<\/strong><\/p>\n\n\n\n<p>Za\u010dalo se o\u010dkovat v Nemocnici Blansko a 6. dubna se v\u0161e p\u0159esunulo do velkokapacitn\u00edho o\u010dkovac\u00edho centra ve sportovn\u00ed hale. Tam je p\u0159ipraveno m\u00edsto pro t\u0159i o\u010dkovac\u00ed t\u00fdmy, kter\u00e9 by v p\u0159\u00edpad\u011b dostate\u010dn\u00e9ho mno\u017estv\u00ed vakc\u00edn zvl\u00e1dly nao\u010dkovat a\u017e 900 z\u00e1jemc\u016f denn\u011b. S organizac\u00ed pom\u00e1haj\u00ed zam\u011bstnanci informa\u010dn\u00edho centra Blanka, hasi\u010di a policist\u00e9.&nbsp;<\/p>\n\n\n\n<p>Zat\u00edmco v prvn\u00edm o\u010dkovac\u00edm t\u00fddnu v polovin\u011b \u00fanora bylo k dispozici 240 d\u00e1vek, v t\u00fddnu od 10. kv\u011btna jich zdravotn\u00ed sestry aplikuj\u00ed t\u00e9m\u011b\u0159 2000. Doposud m\u00e1 Nemocnice Blansko za sebou skoro 9 000 vakcinac\u00ed, a\u0165 u\u017e v budov\u011b nemocnice, nebo ve sportovn\u00ed hale. Nyn\u00ed plat\u00ed jednoduch\u00e9 pravidlo: \u010d\u00edm v\u00edce z\u00e1jemc\u016f se zaregistruje k o\u010dkovac\u00edmu m\u00edstu ve sportovn\u00ed hale na \u00dadoln\u00ed, t\u00edm v\u00edce vakc\u00edn blanensk\u00e1 nemocnice dostane p\u0159id\u011bleno.&nbsp;<\/p>\n\n\n\n<p>Ka\u017ed\u00fd z\u00e1jemce o o\u010dkov\u00e1n\u00ed se mus\u00ed nejprve zaregistrovat v centr\u00e1ln\u00edm syst\u00e9mu na adrese https:\/\/registrace.mzcr.cz\/. Nejd\u0159\u00edve se za\u010dali o\u010dkovat senio\u0159i nad 80 let a zdravotni\u010dt\u00ed pracovn\u00edci, n\u00e1sledn\u011b se v\u011bkov\u00e1 hranice postupn\u011b sni\u017eovala, p\u0159i\u010dem\u017e v sou\u010dasn\u00e9 dob\u011b se o\u010dkov\u00e1n\u00ed nab\u00edz\u00ed v\u0161em osob\u00e1m od 50 let, d\u00e1le pak lidem s chronick\u00fdm onemocn\u011bn\u00edm, pracovn\u00edk\u016fm v soci\u00e1ln\u00edch slu\u017eb\u00e1ch, lidem pe\u010duj\u00edc\u00edm o osobu bl\u00edzkou v III. nebo IV. stupni z\u00e1vislosti, akademick\u00fdm pracovn\u00edk\u016fm. Rezerva\u010dn\u00ed syst\u00e9m pro v\u00fdb\u011br term\u00ednu d\u00e1v\u00e1 p\u0159ednost v\u017edy star\u0161\u00edm ob\u010dan\u016fm.&nbsp;<\/p>\n\n\n\n<p>K o\u010dkov\u00e1n\u00ed je vhodn\u00e9 p\u0159in\u00e9st s sebou vypln\u011bn\u00fd zdravotn\u00ed dotazn\u00edk, kter\u00fd najdete na webu nemocnice, ov\u0161em kdo nem\u00e1 mo\u017enost tisku, m\u016f\u017ee se pro n\u011bj zastavit v M\u011bstsk\u00e9 knihovn\u011b Blansko. Jej\u00ed zam\u011bstnanci v\u0161em z\u00e1jemc\u016fm o o\u010dkov\u00e1n\u00ed r\u00e1di pomohou i s vypln\u011bn\u00edm tohoto dotazn\u00edku, stejn\u011b jako se samotnou registrac\u00ed. V otev\u00edrac\u00ed dob\u011b knihovny jsou v\u00e1m k dispozici osobn\u011b nebo na telefonn\u00edm \u010d\u00edsle 770 152 286.<\/p>\n\n\n\n<figure class=\"wp-block-image size-large\"><img decoding=\"async\" loading=\"lazy\" width=\"800\" height=\"532\" src=\"https:\/\/www.monitor-bk.cz\/wp-content\/uploads\/2021\/05\/ocko2_web-800x532.jpg\" alt=\"\" class=\"wp-image-7274\" srcset=\"https:\/\/www.monitor-bk.cz\/wp-content\/uploads\/2021\/05\/ocko2_web-800x532.jpg 800w, https:\/\/www.monitor-bk.cz\/wp-content\/uploads\/2021\/05\/ocko2_web-300x199.jpg 300w, https:\/\/www.monitor-bk.cz\/wp-content\/uploads\/2021\/05\/ocko2_web-120x80.jpg 120w, https:\/\/www.monitor-bk.cz\/wp-content\/uploads\/2021\/05\/ocko2_web-768x511.jpg 768w, https:\/\/www.monitor-bk.cz\/wp-content\/uploads\/2021\/05\/ocko2_web.jpg 1134w\" sizes=\"(max-width: 800px) 100vw, 800px\" \/><figcaption>O\u010dkovac\u00ed centrum v hale na \u00dadoln\u00ed<\/figcaption><\/figure>\n\n\n\n<p class=\"has-vivid-red-color has-text-color has-medium-font-size\"><strong>Ambulance v provozu, chirurgick\u00e9 z\u00e1kroky znovu zah\u00e1jeny<\/strong><\/p>\n\n\n\n<p>Pl\u00e1novan\u00e9 opera\u010dn\u00ed v\u00fdkony byly na z\u00e1klad\u011b vl\u00e1dn\u00edch opat\u0159en\u00ed pozastaveny ve v\u0161ech nemocnic\u00edch, tedy i v t\u00e9 blanensk\u00e9. Nyn\u00ed se provoz odd\u011blen\u00ed jednodenn\u00ed chirurgie postupn\u011b vrac\u00ed k norm\u00e1lu. \u201eV kv\u011btnu se bude operovat v\u017edy t\u0159i dny v t\u00fddnu a douf\u00e1me, \u017ee v \u010dervnu ji\u017e pojedeme naplno,\u201c \u0159\u00edk\u00e1 \u0159editelka Nemocnice Blansko Vladim\u00edra Danihelkov\u00e1.&nbsp;<\/p>\n\n\n\n<p>Specializovan\u00e9 ambulance ji\u017e tak\u00e9 v\u0161echny norm\u00e1ln\u011b funguj\u00ed. Otev\u0159elo se i rehabilita\u010dn\u00ed odd\u011blen\u00ed, na n\u011b\u017e jsou p\u0159ij\u00edm\u00e1ni pacienti po operac\u00edch pohybov\u00e9ho apar\u00e1tu. V kv\u011btnu se po\u010d\u00edt\u00e1 zat\u00edm je\u0161t\u011b s omezenou kapacitou (20 l\u016f\u017eek), v \u010dervnu s pln\u00fdm provozem (30 l\u016f\u017eek). Na z\u00e1\u0159\u00ed se pak chyst\u00e1 zah\u00e1jen\u00ed provozu rehabilita\u010dn\u00edho odd\u011blen\u00ed B, kter\u00e9 bude disponovat dvan\u00e1cti l\u016f\u017eky.&nbsp;<\/p>\n\n\n\n<p>Zdravotn\u00edci z uzav\u0159en\u00fdch odd\u011blen\u00ed se v uplynul\u00fdch m\u011bs\u00edc\u00edch zapojili do p\u00e9\u010de o covidov\u00e9 pacienty a pom\u00e1hali v testovac\u00edm a o\u010dkovac\u00edm centru. Maxim\u00e1ln\u00ed po\u010det hospitalizovan\u00fdch pacient\u016f s covidem byl p\u011bta\u0161edes\u00e1t, a to 10. b\u0159ezna. Koncem dubna po\u010det pacient\u016f poklesl pod dvacet, nicm\u00e9n\u011b za\u010d\u00e1tkem kv\u011btna ji\u017e op\u011bt vzrostl na t\u0159icet.&nbsp;<\/p>\n\n\n\n<p><strong>-mka-<\/strong><\/p>\n","protected":false},"excerpt":{"rendered":"<p>O\u010dkov\u00e1n\u00ed proti onemocn\u011bn\u00ed covid-19, kter\u00e9 zaji\u0161\u0165uj\u00ed l\u00e9ka\u0159i a zdravotn\u00ed sestry Nemocnice Blansko ve sportovn\u00ed hale na ulici \u00dadoln\u00ed, nab\u00edr\u00e1 na<\/p>\n","protected":false},"author":1,"featured_media":7273,"comment_status":"open","ping_status":"closed","sticky":false,"template":"","format":"standard","meta":[],"categories":[84],"tags":[],"_links":{"self":[{"href":"https:\/\/www.monitor-bk.cz\/index.php?rest_route=\/wp\/v2\/posts\/7272"}],"collection":[{"href":"https:\/\/www.monitor-bk.cz\/index.php?rest_route=\/wp\/v2\/posts"}],"about":[{"href":"https:\/\/www.monitor-bk.cz\/index.php?rest_route=\/wp\/v2\/types\/post"}],"author":[{"embeddable":true,"href":"https:\/\/www.monitor-bk.cz\/index.php?rest_route=\/wp\/v2\/users\/1"}],"replies":[{"embeddable":true,"href":"https:\/\/www.monitor-bk.cz\/index.php?rest_route=%2Fwp%2Fv2%2Fcomments&post=7272"}],"version-history":[{"count":3,"href":"https:\/\/www.monitor-bk.cz\/index.php?rest_route=\/wp\/v2\/posts\/7272\/revisions"}],"predecessor-version":[{"id":7279,"href":"https:\/\/www.monitor-bk.cz\/index.php?rest_route=\/wp\/v2\/posts\/7272\/revisions\/7279"}],"wp:featuredmedia":[{"embeddable":true,"href":"https:\/\/www.monitor-bk.cz\/index.php?rest_route=\/wp\/v2\/media\/7273"}],"wp:attachment":[{"href":"https:\/\/www.monitor-bk.cz\/index.php?rest_route=%2Fwp%2Fv2%2Fmedia&parent=7272"}],"wp:term":[{"taxonomy":"category","embeddable":true,"href":"https:\/\/www.monitor-bk.cz\/index.php?rest_route=%2Fwp%2Fv2%2Fcategories&post=7272"},{"taxonomy":"post_tag","embeddable":true,"href":"https:\/\/www.monitor-bk.cz\/index.php?rest_route=%2Fwp%2Fv2%2Ftags&post=7272"}],"curies":[{"name":"wp","href":"https:\/\/api.w.org\/{rel}","templated":true}]}}