{"id":7269,"date":"2021-05-06T10:11:00","date_gmt":"2021-05-06T08:11:00","guid":{"rendered":"https:\/\/www.monitor-bk.cz\/?p=7269"},"modified":"2021-05-05T10:13:15","modified_gmt":"2021-05-05T08:13:15","slug":"rekonstrukce-chodniku-v-horni-palave-je-v-dohledu","status":"publish","type":"post","link":"https:\/\/www.monitor-bk.cz\/?p=7269","title":{"rendered":"Rekonstrukce chodn\u00edku v Horn\u00ed Palav\u011b je v dohledu"},"content":{"rendered":"\n<figure class=\"wp-block-image size-large\"><img decoding=\"async\" loading=\"lazy\" width=\"800\" height=\"533\" src=\"https:\/\/www.monitor-bk.cz\/wp-content\/uploads\/2021\/05\/palava-800x533.jpg\" alt=\"\" class=\"wp-image-7270\" srcset=\"https:\/\/www.monitor-bk.cz\/wp-content\/uploads\/2021\/05\/palava-800x533.jpg 800w, https:\/\/www.monitor-bk.cz\/wp-content\/uploads\/2021\/05\/palava-300x200.jpg 300w, https:\/\/www.monitor-bk.cz\/wp-content\/uploads\/2021\/05\/palava-120x80.jpg 120w, https:\/\/www.monitor-bk.cz\/wp-content\/uploads\/2021\/05\/palava-768x512.jpg 768w, https:\/\/www.monitor-bk.cz\/wp-content\/uploads\/2021\/05\/palava.jpg 1134w\" sizes=\"(max-width: 800px) 100vw, 800px\" \/><\/figure>\n\n\n\n<p><strong>Obyvatel\u00e9 Horn\u00ed Palavy a p\u0159ilehl\u00fdch oblast\u00ed se po letech do\u010dkaj\u00ed opravy chodn\u00edku vedouc\u00edho pod\u00e9l potoka Palava. V\u017edy po de\u0161ti jej \u201ezdob\u00ed\u201c bl\u00e1to a lou\u017ee, a jestli\u017ee \u010dlov\u011bk nechce dom\u016f p\u0159in\u00e9st n\u00e1nosy bahna, mus\u00ed chodit po silnici. Pokud v zim\u011b napadne sn\u00edh, t\u011b\u017eko jej z neupraven\u00e9 cesty odhrnout.&nbsp;<\/strong><\/p>\n\n\n\n<p>\u00dasek od h\u0159i\u0161t\u011b pod\u00e9l proudu potoka a\u017e k jeho \u00fast\u00ed do podzem\u00ed, kter\u00fd vede kolem necel\u00fdch dvou des\u00edtek rodinn\u00fdch dom\u016f, je jedn\u00edm z posledn\u00edch m\u00edst v Blansku, na kter\u00e9 jakoby se p\u0159i v\u0161ech rekonstrukc\u00edch zapomn\u011blo. Chodn\u00edk vyu\u017e\u00edvaj\u00ed nejen obyvatel\u00e9 Horn\u00ed Palavy (mnohdy senio\u0159i, kte\u0159\u00ed maj\u00ed zna\u010dn\u00e9 probl\u00e9my s ch\u016fz\u00ed po t\u00e9to cest\u011b), ale tak\u00e9 lid\u00e9 ze Severu, d\u00e1le \u010d\u00e1ste\u010dn\u011b i ze Zborovc\u016f. Samoz\u0159ejm\u011b t\u00e9\u017e n\u00e1v\u0161t\u011bvn\u00edci rekrea\u010dn\u00ed oblasti Palava, kter\u00e1 je zejm\u00e9na v dob\u011b mimo\u0159\u00e1dn\u00fdch opat\u0159en\u00ed celkem v kurzu. Nav\u00edc se dokon\u010duje stavba bytov\u00fdch dom\u016f pod p\u0159ehradou, tud\u00ed\u017e se d\u00e1 o\u010dek\u00e1vat zv\u00fd\u0161en\u00fd pohyb chodc\u016f i motorov\u00fdch vozidel, a\u017e se do byt\u016f nast\u011bhuj\u00ed lid\u00e9. Proto je oprava chodn\u00edku ji\u017e skute\u010dn\u011b na m\u00edst\u011b.&nbsp;<\/p>\n\n\n\n<p>Prvn\u00ed etapu oprav se poda\u0159ilo zahrnout mezi leto\u0161n\u00ed investi\u010dn\u00ed akce. Nejprve je v\u0161ak nutn\u00e1 celkov\u00e1 rekonstrukce v\u0161ech in\u017een\u00fdrsk\u00fdch s\u00edt\u00ed, oprava mostk\u016f i ve\u0159ejn\u00e9ho osv\u011btlen\u00ed a vybudov\u00e1n\u00ed z\u00e1liv\u016f pro parkov\u00e1n\u00ed. \u201eKoordinace oprav v\u0161ech s\u00edt\u00ed je \u010dasov\u011b hodn\u011b n\u00e1ro\u010dn\u00e1. V t\u011bchto m\u00edstech nav\u00edc nejde o klasick\u00fd chodn\u00edk, ale o takzvanou komunikaci se sm\u00ed\u0161en\u00fdm provozem, kterou m\u00edstn\u00ed pou\u017e\u00edvaj\u00ed tak\u00e9 pro p\u0159\u00edjezd ke sv\u00fdm nemovitostem. N\u00e1klady na opravu \u00faseku dlouh\u00e9ho necel\u00fdch 250 metr\u016f se tak odhadem ur\u010dit\u011b vy\u0161plhaj\u00ed p\u0159es deset milion\u016f korun. Hlavn\u011b kv\u016fli slo\u017eit\u00e9 p\u0159\u00edprav\u011b projektu, nutnosti zkoordinovat v\u0161echny pr\u00e1ce a vysok\u00fdm n\u00e1klad\u016fm se tuto akci v uplynul\u00fdch letech zat\u00edm neda\u0159ilo za\u0159adit do rozpo\u010dtu,\u201c vysv\u011btlil vedouc\u00ed investi\u010dn\u00edho odd\u011blen\u00ed Marek \u0160tefan.<\/p>\n\n\n\n<p>\u201eJde o velkou investici do relativn\u011b kr\u00e1tk\u00e9ho \u00faseku chodn\u00edku. S ohledem na rostouc\u00ed po\u010det lid\u00ed, kte\u0159\u00ed se v t\u00e9to lokalit\u011b pohybuj\u00ed, jsme ji ale necht\u011bli d\u00e9le odkl\u00e1dat,\u201c podotkl starosta Blanska Ji\u0159\u00ed Crha.<\/p>\n\n\n\n<p>Pr\u00e1ce za\u010dnou je\u0161t\u011b letos na podzim. Do konce roku by m\u011bly b\u00fdt hotovy opravy a p\u0159elo\u017eky s\u00edt\u00ed. Na ja\u0159e pak v\u0161echny ostatn\u00ed pr\u00e1ce. \u201eKompletn\u00ed rekonstrukce tohoto \u00faseku tak potrv\u00e1 zhruba dvan\u00e1ct m\u011bs\u00edc\u016f. Jej\u00ed sou\u010d\u00e1st\u00ed bude p\u0159elo\u017een\u00ed a oprava v\u0161ech in\u017een\u00fdrsk\u00fdch s\u00edt\u00ed, oprava mostk\u016f, ve\u0159ejn\u00e9ho osv\u011btlen\u00ed, polo\u017een\u00ed nov\u00fdch povrch\u016f komunikace, v\u00fdsadba nov\u00e9 zelen\u011b a tak\u00e9 vytvo\u0159en\u00ed parkovac\u00edch z\u00e1liv\u016f,\u201c vyjmenovala tiskov\u00e1 mluv\u010d\u00ed m\u011bsta Pavla Kom\u00e1rkov\u00e1.&nbsp;<\/p>\n\n\n\n<p>Jeliko\u017e do zah\u00e1jen\u00ed oprav je\u0161t\u011b p\u00e1r m\u011bs\u00edc\u016f zb\u00fdv\u00e1, odd\u011blen\u00ed komun\u00e1ln\u00ed \u00fadr\u017eby zajist\u00ed v nejbli\u017e\u0161\u00edch t\u00fddnech alespo\u0148 do\u010dasn\u00e9 lok\u00e1ln\u00ed vyspr\u00e1vky v m\u00edstech, kde je stav chodn\u00edku po zim\u011b nejhor\u0161\u00ed.&nbsp;<\/p>\n\n\n\n<p>Na v\u00fd\u0161e vyjmenovan\u00e9 opravy by m\u011bla v roce 2023 nav\u00e1zat druh\u00e1 etapa rekonstrukce, je\u017e se zam\u011b\u0159\u00ed na \u00fasek od h\u0159i\u0161t\u011b sm\u011brem k p\u0159ehrad\u011b a\u017e po vy\u00fast\u011bn\u00ed cesty z Lov\u011bt\u00edna, kter\u00e1 spojuje ulici Horn\u00ed Palava s blanenskou nemocnic\u00ed.&nbsp;<\/p>\n\n\n\n<p><strong>-mka-&nbsp;<\/strong><\/p>\n","protected":false},"excerpt":{"rendered":"<p>Obyvatel\u00e9 Horn\u00ed Palavy a p\u0159ilehl\u00fdch oblast\u00ed se po letech do\u010dkaj\u00ed opravy chodn\u00edku vedouc\u00edho pod\u00e9l potoka Palava. V\u017edy po de\u0161ti jej<\/p>\n","protected":false},"author":1,"featured_media":7270,"comment_status":"open","ping_status":"closed","sticky":false,"template":"","format":"standard","meta":[],"categories":[55],"tags":[],"_links":{"self":[{"href":"https:\/\/www.monitor-bk.cz\/index.php?rest_route=\/wp\/v2\/posts\/7269"}],"collection":[{"href":"https:\/\/www.monitor-bk.cz\/index.php?rest_route=\/wp\/v2\/posts"}],"about":[{"href":"https:\/\/www.monitor-bk.cz\/index.php?rest_route=\/wp\/v2\/types\/post"}],"author":[{"embeddable":true,"href":"https:\/\/www.monitor-bk.cz\/index.php?rest_route=\/wp\/v2\/users\/1"}],"replies":[{"embeddable":true,"href":"https:\/\/www.monitor-bk.cz\/index.php?rest_route=%2Fwp%2Fv2%2Fcomments&post=7269"}],"version-history":[{"count":1,"href":"https:\/\/www.monitor-bk.cz\/index.php?rest_route=\/wp\/v2\/posts\/7269\/revisions"}],"predecessor-version":[{"id":7271,"href":"https:\/\/www.monitor-bk.cz\/index.php?rest_route=\/wp\/v2\/posts\/7269\/revisions\/7271"}],"wp:featuredmedia":[{"embeddable":true,"href":"https:\/\/www.monitor-bk.cz\/index.php?rest_route=\/wp\/v2\/media\/7270"}],"wp:attachment":[{"href":"https:\/\/www.monitor-bk.cz\/index.php?rest_route=%2Fwp%2Fv2%2Fmedia&parent=7269"}],"wp:term":[{"taxonomy":"category","embeddable":true,"href":"https:\/\/www.monitor-bk.cz\/index.php?rest_route=%2Fwp%2Fv2%2Fcategories&post=7269"},{"taxonomy":"post_tag","embeddable":true,"href":"https:\/\/www.monitor-bk.cz\/index.php?rest_route=%2Fwp%2Fv2%2Ftags&post=7269"}],"curies":[{"name":"wp","href":"https:\/\/api.w.org\/{rel}","templated":true}]}}