{"id":7263,"date":"2021-05-05T10:08:31","date_gmt":"2021-05-05T08:08:31","guid":{"rendered":"https:\/\/www.monitor-bk.cz\/?p=7263"},"modified":"2021-05-05T10:08:32","modified_gmt":"2021-05-05T08:08:32","slug":"uvodnik-kdo-si-pocka","status":"publish","type":"post","link":"https:\/\/www.monitor-bk.cz\/?p=7263","title":{"rendered":"\u00davodn\u00edk: Kdo si po\u010dk\u00e1&#8230;"},"content":{"rendered":"\n<figure class=\"wp-block-image size-large\"><img decoding=\"async\" loading=\"lazy\" width=\"800\" height=\"553\" src=\"https:\/\/www.monitor-bk.cz\/wp-content\/uploads\/2021\/05\/zacpa_web-800x553.jpg\" alt=\"\" class=\"wp-image-7264\" srcset=\"https:\/\/www.monitor-bk.cz\/wp-content\/uploads\/2021\/05\/zacpa_web-800x553.jpg 800w, https:\/\/www.monitor-bk.cz\/wp-content\/uploads\/2021\/05\/zacpa_web-300x207.jpg 300w, https:\/\/www.monitor-bk.cz\/wp-content\/uploads\/2021\/05\/zacpa_web-116x80.jpg 116w, https:\/\/www.monitor-bk.cz\/wp-content\/uploads\/2021\/05\/zacpa_web-768x531.jpg 768w, https:\/\/www.monitor-bk.cz\/wp-content\/uploads\/2021\/05\/zacpa_web-392x272.jpg 392w, https:\/\/www.monitor-bk.cz\/wp-content\/uploads\/2021\/05\/zacpa_web-130x90.jpg 130w, https:\/\/www.monitor-bk.cz\/wp-content\/uploads\/2021\/05\/zacpa_web.jpg 1134w\" sizes=\"(max-width: 800px) 100vw, 800px\" \/><\/figure>\n\n\n\n<p><strong>To, co se d\u011bje v Blansku v posledn\u00edch t\u00fddnech, by mohli \u0159idi\u010di nazvat peklem. Obzvl\u00e1\u0161\u0165 ti, kte\u0159\u00ed ka\u017ed\u00fd den jezd\u00ed r\u00e1no kolem sedm\u00e9 do Brna a odpoledne okolo p\u00e1t\u00e9 zp\u00e1tky. Kolona aut se t\u00e1hne od kruhov\u00e9ho objezdu u b\u00fdval\u00e9 po\u0161ty a\u017e za sklen\u00edky, aut jsou pln\u00e9 i bo\u010dn\u00ed uli\u010dky okolo Severky, \u0159idi\u010di jsou frustrovan\u00ed a tr\u00e1v\u00ed denn\u011b des\u00edtky minut zbyte\u010dn\u00e9ho \u010dek\u00e1n\u00ed v autech. To je realita ka\u017edodenn\u00edho \u017eivota v na\u0161em m\u011bst\u011b.<\/strong><\/p>\n\n\n\n<p>St\u0159ed Blanska je uzav\u0159en\u00fd. Tuto skute\u010dnost dost\u00e1v\u00e1 dennodenn\u011b poc\u00edtit ka\u017ed\u00fd, kdo \u0159\u00edd\u00ed motorov\u00e9 vozidlo. A pokud pat\u0159\u00edte k ne\u0161\u0165astn\u00edk\u016fm, kte\u0159\u00ed maj\u00ed nam\u00ed\u0159eno t\u0159eba na Lip\u016fvku, \u010dek\u00e1 v\u00e1s je\u0161t\u011b jeden chyt\u00e1k, a sice semafor v \u0160ebrov\u011b, kter\u00fd v\u00e1s takhle po r\u00e1nu dok\u00e1\u017ee zdr\u017eet dobr\u00fdch p\u011btadvacet minut! Kdy\u017e k tomu p\u0159i\u010dtete frontu v Blansku od Kauflandu a\u017e po kruhov\u00fd objezd u b\u00fdval\u00e9 po\u0161ty, v\u00fdsledkem je skoro hodina \u017eivota promarn\u011bn\u00e1 ve vozidle. Za tuto dobu se stihne \u017eensk\u00e1 \u010dty\u0159ikr\u00e1t namalovat a chlap si p\u0159e\u010dte dvakr\u00e1t noviny.&nbsp;<\/p>\n\n\n\n<p>A tak to m\u00e1me ka\u017ed\u00fd den&#8230;<\/p>\n\n\n\n<p>V Blansku se nab\u00edz\u00ed hned n\u011bkolik \u0159e\u0161en\u00ed, kter\u00e1 by pomohla ne\u0161\u0165astn\u00e9 dopravn\u00ed situaci. Jedn\u00edm z nich je zobousm\u011brn\u011bn\u00ed Seifertovy ulice. Nejsem s\u00e1m, koho to napadlo, dotaz byl vznesen i na m\u011bsto prost\u0159ednictv\u00edm rubriky Ot\u00e1zky a odpov\u011bdi. Odpov\u011b\u010f od tiskov\u00e9 mluv\u010d\u00ed Pavly Kom\u00e1rkov\u00e9 zn\u011bla n\u00e1sledovn\u011b: <em>\u201eZobousm\u011brn\u011bn\u00ed ulice Seifertovy nebylo zvoleno, nebo\u0165 zku\u0161enosti z d\u0159\u00edv\u011bj\u0161\u00edho oboustrann\u00e9ho u\u017eit\u00ed ulice nejsou \u00fapln\u011b dobr\u00e9. Probl\u00e9my v minulosti zp\u016fsobovalo odbo\u010dov\u00e1n\u00ed na k\u0159i\u017eovatce Seifertova x Sadov\u00e1, \u0159idi\u010di se tak\u00e9 pot\u00fdkali s &#8222;n\u00e1vykem&#8220; vj\u00ed\u017ed\u011bt do ulice i nad\u00e1le obousm\u011brn\u011b je\u0161t\u011b dlouho pot\u00e9, co byla op\u011bt zjednosm\u011brn\u011bna. Zainteresovan\u00e9 org\u00e1ny, v\u010detn\u011b m\u011bsta, se mj. z t\u011bchto d\u016fvod\u016f na podob\u011b dopravn\u00edho zna\u010den\u00ed, kter\u00e9 by umo\u017enilo obousm\u011brn\u00fd provoz Seifertovou ulic\u00ed, neshodly.\u201c<\/em><\/p>\n\n\n\n<p>Podle m\u00e9ho n\u00e1zoru by zobousm\u011brn\u011bn\u00ed sice situaci nevy\u0159e\u0161ilo, ale rozhodn\u011b by n\u00e1m usnadnilo \u017eivot. Komplikace p\u0159i odbo\u010dov\u00e1n\u00ed na k\u0159i\u017eovatce Seifertova X Sadov\u00e1 by se p\u0159i tro\u0161e dobr\u00e9 v\u016fle dala vy\u0159e\u0161it nap\u0159\u00edklad zna\u010dkami p\u0159ikazuj\u00edc\u00edmi sm\u011br j\u00edzdy, p\u0159\u00edpadn\u011b jinak (co t\u0159eba M\u011bstsk\u00e1 policie?). Po skon\u010den\u00ed p\u0159estavby centra a op\u011btovn\u00e9m zjednosm\u011brn\u011bn\u00ed by se mohl p\u0159ik\u00e1zan\u00fd sm\u011br j\u00edzdy z Palavy zv\u00fdraznit, p\u0159\u00edpadn\u011b op\u011bt v exponovan\u00fdch hodin\u00e1ch pohl\u00eddat p\u0159\u00edslu\u0161n\u00fdm org\u00e1nem, v\u0161ak by to bylo jen na p\u00e1r dn\u00ed\u2026 Ale jak vyplynulo z odpov\u011bdi m\u011bsta \u2013 neshodli se, a tak m\u00e1me smol\u00edka\u2026<\/p>\n\n\n\n<p>Nejv\u011bt\u0161\u00ed zdr\u017een\u00ed pro auta sm\u011b\u0159uj\u00edc\u00ed od Doln\u00ed Lhoty na Brno p\u0159edstavuje kruhov\u00fd objezd u b\u00fdval\u00e9 po\u0161ty. I tady je nasnad\u011b ot\u00e1zka, zda by provoz v tomto m\u00edst\u011b ne\u0161el n\u011bjak regulovat.&nbsp;<\/p>\n\n\n\n<p>I na tohle u\u017e se lid\u00e9 ptali a bylo jim na st\u00e1nk\u00e1ch blansko.cz odpov\u011bzeno Pavlou Kom\u00e1rkovou:&nbsp;<\/p>\n\n\n\n<p><em>\u201e\u2026regulovat dopravu na kruhov\u00e9m objezdu za asistence m\u011bstsk\u00e9 \u010di st\u00e1tn\u00ed policie nen\u00ed mo\u017en\u00e9. Policist\u00e9 mohou nastoupit p\u0159i nepr\u016fchodnosti jin\u00fdch typ\u016f k\u0159i\u017eovatek, kdy lze postupn\u011b regulovat dopravu v jednotliv\u00fdch sm\u011brech. Doprava na okru\u017en\u00ed k\u0159i\u017eovatce je regulov\u00e1na u\u017e z povahy tohoto typu k\u0159i\u017eovatky, p\u0159ednost maj\u00ed \u0159idi\u010di na kruhov\u00e9m objezdu. Snaha zm\u011bnit dan\u00e1 pravidla za asistence policie by byla sp\u00ed\u0161e matouc\u00ed, v praxi pak ve chv\u00edli, kdy do k\u0159i\u017eovatky \u00fast\u00ed komunikace ze \u0161esti sm\u011br\u016f, velmi obt\u00ed\u017en\u011b provediteln\u00e1.\u201c<\/em><\/p>\n\n\n\n<p>Tohle se pochopit ur\u010dit\u011b d\u00e1. Ale co takhle aspo\u0148 semafor pro p\u011b\u0161\u00ed, kte\u0159\u00ed m\u00ed\u0159\u00ed z vlaku na Ro\u017emit\u00e1lku, p\u0159\u00edpadn\u011b regulace chodc\u016f v tomto m\u00edst\u011b policistou? Mysl\u00edm, \u017ee tohle by situaci v\u00fdrazn\u011b pomohlo, chodc\u016f zde chod\u00ed nepo\u010d\u00edtan\u011b. A kdy\u017e mus\u00ed \u010dekat auta, mohou si ob\u010das po\u010dkat i p\u011b\u0161\u00ed.<\/p>\n\n\n\n<p>Dal\u0161\u00ed zdr\u017een\u00ed na tomto tahu prob\u00edh\u00e1 na k\u0159i\u017eovatce u Sportovn\u00edho ostrova, kde zprava i zleva \u010dekaj\u00edc\u00ed auta o\u010dima pros\u00ed o smilov\u00e1n\u00ed \u0161of\u00e9ry na hlavn\u00ed silnici, co\u017e se jim da\u0159\u00ed. V po\u0159\u00e1dku, proto\u017ee jinak by tam mohli taky st\u00e1t cel\u00fd den. I sem by se hodilo d\u00e1t aspo\u0148 semafor, ov\u0161em \u0159e\u0161en\u00ed m\u011blo st\u00e1t na tomto m\u00edst\u011b ji\u017e n\u011bkolik let. \u0158\u00edk\u00e1 se mu kruhov\u00e1 k\u0159i\u017eovatka a za jej\u00ed absenci m\u016f\u017eeme pod\u011bkovat t\u011bm, kte\u0159\u00ed jej\u00ed stavbu l\u00e9ta oddaluj\u00ed. Do\u010dk\u00e1me se j\u00ed letos na podzim.<\/p>\n\n\n\n<p>Parkov\u00e1n\u00ed ve m\u011bst\u011b je tak\u00e9 katastrof\u00e1ln\u00ed, moc mo\u017enost\u00ed n\u00e1m nezbylo. J\u00e1 s\u00e1m jsem si zvykl chodit nakupovat na n\u00e1m. Svobody, ale kde tu m\u00e1 \u010dlov\u011bk zaparkovat? Na Dukle je neust\u00e1le plno, zaparkovat kdekoli u Severky nebo v okoln\u00edch uli\u010dk\u00e1ch je prakticky nemo\u017en\u00e9. A tak auto nech\u00e1v\u00e1m na Divi\u0161ov\u00e9 ulici u \u0161kolky a zbytek dojdu p\u011b\u0161ky. Je mi skute\u010dn\u011b l\u00edto v\u0161ech, co provozuj\u00ed v centru obchod, proto\u017ee nyn\u00ed to pro n\u011b mus\u00ed b\u00fdt finan\u010dn\u00ed propad\u00e1k.<\/p>\n\n\n\n<p>Ch\u00e1pu, \u017ee rekonstrukce je pot\u0159ebn\u00e1, a \u017ee to bude v\u0161echno hezk\u00e9, a\u017e to bude opraven\u00e9\u2026 Ale \u017eijeme tady a te\u010f, je tu probl\u00e9m a ob\u010dan\u00e9 volaj\u00ed po n\u011bjak\u00e9m usnadn\u011bn\u00ed. N\u00e1m\u011bt\u016f je dost, nejsou v\u0161ak vysly\u0161eny. Je mil\u00e9, \u017ee na n\u011b m\u011bsto trp\u011bliv\u011b odpov\u00edd\u00e1 na internetu, ale j\u00e1 s\u00e1m bych byl mnohem rad\u011bji, kdyby se alespo\u0148 n\u011bkter\u00fd z nich poda\u0159ilo realizovat. Ka\u017ed\u00e1 snaha se cen\u00ed. Jen\u017ee snaha o \u0159e\u0161en\u00ed probl\u00e9mu je p\u0159esn\u011b to, co z odpov\u011bdi c\u00edtit nen\u00ed. Pouze vysv\u011btlov\u00e1n\u00ed, pro\u010d to nejde a v\u00fdzvy ke spole\u010dn\u00e9mu t\u011b\u0161en\u00ed se na \u010derven, a\u017e ta hr\u016fza skon\u010d\u00ed.&nbsp;<\/p>\n\n\n\n<p>Zat\u00edm tedy budeme muset \u010dekat, n\u011bkte\u0159\u00ed z n\u00e1s ka\u017ed\u00fd den. Ale to nevad\u00ed, v\u017edy\u0165 to bude trvat u\u017e jen necel\u00e9 dva m\u011bs\u00edce\u2026<\/p>\n\n\n\n<p><strong>Martin M\u00fcller<\/strong><\/p>\n","protected":false},"excerpt":{"rendered":"<p>To, co se d\u011bje v Blansku v posledn\u00edch t\u00fddnech, by mohli \u0159idi\u010di nazvat peklem. Obzvl\u00e1\u0161\u0165 ti, kte\u0159\u00ed ka\u017ed\u00fd den jezd\u00ed<\/p>\n","protected":false},"author":1,"featured_media":7264,"comment_status":"open","ping_status":"closed","sticky":false,"template":"","format":"standard","meta":[],"categories":[4],"tags":[],"_links":{"self":[{"href":"https:\/\/www.monitor-bk.cz\/index.php?rest_route=\/wp\/v2\/posts\/7263"}],"collection":[{"href":"https:\/\/www.monitor-bk.cz\/index.php?rest_route=\/wp\/v2\/posts"}],"about":[{"href":"https:\/\/www.monitor-bk.cz\/index.php?rest_route=\/wp\/v2\/types\/post"}],"author":[{"embeddable":true,"href":"https:\/\/www.monitor-bk.cz\/index.php?rest_route=\/wp\/v2\/users\/1"}],"replies":[{"embeddable":true,"href":"https:\/\/www.monitor-bk.cz\/index.php?rest_route=%2Fwp%2Fv2%2Fcomments&post=7263"}],"version-history":[{"count":1,"href":"https:\/\/www.monitor-bk.cz\/index.php?rest_route=\/wp\/v2\/posts\/7263\/revisions"}],"predecessor-version":[{"id":7265,"href":"https:\/\/www.monitor-bk.cz\/index.php?rest_route=\/wp\/v2\/posts\/7263\/revisions\/7265"}],"wp:featuredmedia":[{"embeddable":true,"href":"https:\/\/www.monitor-bk.cz\/index.php?rest_route=\/wp\/v2\/media\/7264"}],"wp:attachment":[{"href":"https:\/\/www.monitor-bk.cz\/index.php?rest_route=%2Fwp%2Fv2%2Fmedia&parent=7263"}],"wp:term":[{"taxonomy":"category","embeddable":true,"href":"https:\/\/www.monitor-bk.cz\/index.php?rest_route=%2Fwp%2Fv2%2Fcategories&post=7263"},{"taxonomy":"post_tag","embeddable":true,"href":"https:\/\/www.monitor-bk.cz\/index.php?rest_route=%2Fwp%2Fv2%2Ftags&post=7263"}],"curies":[{"name":"wp","href":"https:\/\/api.w.org\/{rel}","templated":true}]}}