{"id":7182,"date":"2021-02-10T14:26:06","date_gmt":"2021-02-10T13:26:06","guid":{"rendered":"http:\/\/www.monitor-bk.cz\/?p=7182"},"modified":"2021-02-10T14:26:07","modified_gmt":"2021-02-10T13:26:07","slug":"v-hale-na-udolni-ma-byt-ockovaci-centrum","status":"publish","type":"post","link":"https:\/\/www.monitor-bk.cz\/?p=7182","title":{"rendered":"V hale na \u00dadoln\u00ed m\u00e1 b\u00fdt o\u010dkovac\u00ed centrum"},"content":{"rendered":"\n<figure class=\"wp-block-image size-large\"><img decoding=\"async\" loading=\"lazy\" width=\"800\" height=\"485\" src=\"https:\/\/www.monitor-bk.cz\/wp-content\/uploads\/2021\/02\/udolni_web-800x485.jpg\" alt=\"\" class=\"wp-image-7183\" srcset=\"https:\/\/www.monitor-bk.cz\/wp-content\/uploads\/2021\/02\/udolni_web-800x485.jpg 800w, https:\/\/www.monitor-bk.cz\/wp-content\/uploads\/2021\/02\/udolni_web-300x182.jpg 300w, https:\/\/www.monitor-bk.cz\/wp-content\/uploads\/2021\/02\/udolni_web-132x80.jpg 132w, https:\/\/www.monitor-bk.cz\/wp-content\/uploads\/2021\/02\/udolni_web-768x466.jpg 768w, https:\/\/www.monitor-bk.cz\/wp-content\/uploads\/2021\/02\/udolni_web.jpg 1134w\" sizes=\"(max-width: 800px) 100vw, 800px\" \/><\/figure>\n\n\n\n<p><strong>Jedn\u00edm z hlavn\u00edch probl\u00e9m\u016f dne\u0161n\u00ed doby je o\u010dkov\u00e1n\u00ed proti nemoci covid-19. Krom\u011b nemocnice, kde ji\u017e bylo zah\u00e1jeno a m\u011blo by i nad\u00e1le pokra\u010dovat, se hledaj\u00ed i dal\u0161\u00ed prostory. V r\u00e1mci krajsk\u00e9 iniciativy bylo m\u011bsto osloveno, aby vytipovalo lokality na vybudov\u00e1n\u00ed velkokapacitn\u00edho o\u010dkovac\u00edho centra. Z n\u011bkolika navrhovan\u00fdch m\u00edst nakonec t\u00fdm, kter\u00fd je prohl\u00ed\u017eel, vybral prostory m\u011bstsk\u00e9 sportovn\u00ed haly v \u00dadoln\u00ed ulici. Jak veden\u00ed m\u011bsta uvedlo na sv\u00fdch str\u00e1nk\u00e1ch, dostaly se na prvn\u00ed m\u00edsto p\u0159ed p\u016fvodn\u011b vybran\u00fdm okresn\u00edm soudem, kter\u00fd m\u011bsto kraji nab\u00eddlo a p\u016fvodn\u011b avizovalo, \u017ee zde ji\u017e je v\u0161e dohodnuto. N\u00e1pad ale ztroskotal.<\/strong><\/p>\n\n\n\n<p>\u201eP\u016fvodn\u011b zaslan\u00e9 podm\u00ednky budova Okresn\u00edho soudu v Blansku spl\u0148ovala, nakonec ale byla d\u00e1na p\u0159ednost v\u011bt\u0161\u00edmu prostoru a tak\u00e9 tomu, \u017ee v t\u011blocvi\u010dn\u011b na \u00dadoln\u00ed ulici nebude fungov\u00e1n\u00ed o\u010dkovac\u00edho centra omezeno provozn\u00ed dobou, kterou by p\u0159i v\u00fdb\u011bru budovy soudu bylo nutn\u00e9 dodr\u017eovat kv\u016fli po\u017eadavk\u016fm justi\u010dn\u00ed str\u00e1\u017ee na zabezpe\u010den\u00ed budovy,\u201c p\u00ed\u0161e tajemn\u00edk m\u011bstsk\u00e9ho \u00fa\u0159adu Josef Kup\u010d\u00edk na webu. \u201eM\u011bstsk\u00e9 sportovn\u00ed za\u0159\u00edzen\u00ed nab\u00edz\u00ed z\u00e1zem\u00ed \u0161aten i dostate\u010dnou kapacitu soci\u00e1ln\u00edch za\u0159\u00edzen\u00ed, objekt spl\u0148uje tak\u00e9 dal\u0161\u00ed parametry. K parkov\u00e1n\u00ed lze nav\u00edc vyu\u017e\u00edt nedalek\u00fd prostor b\u00fdval\u00e9ho \u0161kv\u00e1rov\u00e9ho h\u0159i\u0161t\u011b,\u201c uvedl tamt\u00e9\u017e starosta Blanska Ji\u0159\u00ed Crha.<\/p>\n\n\n\n<p>Rozhodnut\u00ed ale vzbudilo bou\u0159i nevole. Pochopiteln\u011b zejm\u00e9na ze strany sportovn\u00ed ve\u0159ejnosti. Kapacity pro halov\u00fd sport sice nen\u00ed mo\u017eno v sou\u010dasnosti kv\u016fli proticovidov\u00fdm opat\u0159en\u00edm vyu\u017e\u00edvat, v\u0161ichni ale doufaj\u00ed, \u017ee zde nebudou na v\u011b\u010dn\u00e9 \u010dasy. Hala byla v provozu od odpoledne a\u017e do pozdn\u00edho ve\u010dera po cel\u00fd t\u00fdden, vyu\u017e\u00edv\u00e1na byla zejm\u00e9na d\u011btmi a ml\u00e1de\u017e\u00ed, \u0161koly zde m\u011bly v n\u011bkter\u00fdch dnech dopoledn\u00ed vyu\u010dov\u00e1n\u00ed. V\u00edkend zapl\u0148ovaly sout\u011b\u017en\u00ed z\u00e1pasy a turnaje.&nbsp; \u201eCh\u00e1pu sou\u010dasnou situaci, ale pou\u017e\u00edt toto za\u0159\u00edzen\u00ed na jin\u00e9 \u00fa\u010dely ne\u017e sport pova\u017euji za t\u011b\u017ek\u00fd h\u0159\u00edch, to st\u00e1le opakuji,\u201c je rozho\u0159\u010den Josef Vrba, jedna z hlavn\u00edch blanensk\u00fdch autorit v oblasti sportu. Ten je krom\u011b funkce p\u0159edsedy jednoty ASK tak\u00e9 hlavou Okresn\u00edho sdru\u017een\u00ed \u010cesk\u00e9 unie sportu, kter\u00e1 za\u0161ti\u0165uje v\u011bt\u0161inu sportovn\u00edch aktivit v regionu. V doty\u010dn\u00e9 velk\u00e9 t\u011blocvi\u010dn\u011b je z\u00e1zem\u00ed pro basketbal, florbal, volejbal, halov\u00fd fotbal a zimn\u00ed p\u0159\u00edpravu v cel\u00e9 \u0159ad\u011b dal\u0161\u00edch sport\u016f. Provoz \u0161aten a soci\u00e1ln\u00edch za\u0159\u00edzen\u00ed je nav\u00edc t\u011bsn\u011b spjat s tamn\u00ed ku\u017eelnou s mezin\u00e1rodn\u00edmi parametry. \u201eMysl\u00edm, \u017ee p\u0159i tro\u0161e dobr\u00e9 v\u016fle by se v p\u0159edem navrhovan\u00e9 budov\u011b soudu \u0159e\u0161en\u00ed na\u0161lo,\u201c je p\u0159esv\u011bd\u010den Vrba.<\/p>\n\n\n\n<p>Agiln\u00ed blanensk\u00fd odd\u00edl florbalu Atlas m\u00e1 v hale jedin\u00e9 odpov\u00eddaj\u00edc\u00ed podm\u00ednky ve m\u011bst\u011b na tr\u00e9ninky a hlavn\u011b vzhledem k rozloze h\u0159i\u0161t\u011b i na sout\u011b\u017en\u00ed z\u00e1pasy. Tr\u00e9ninky m\u00e1 rozlo\u017eeny skoro na cel\u00fd t\u00fdden. Sout\u011b\u017ee jsou sice moment\u00e1ln\u011b p\u0159eru\u0161eny, a zda budou pokra\u010dovat, je ot\u00e1zkou. P\u0159esto je z nastal\u00e9 situace p\u0159edseda odd\u00edlu Martin Pivoda zna\u010dn\u011b znepokojen. \u201eM\u00e1m strach, \u017ee se um\u00edst\u011bn\u00ed o\u010dkovac\u00edho centra do haly prot\u00e1hne i do podzimn\u00ed sez\u00f3ny a to by pro n\u00e1s bylo hodn\u011b vra\u017eedn\u00e9. Hlad po sportov\u00e1n\u00ed je velk\u00fd. Sice se sna\u017e\u00edme aspo\u0148 o individu\u00e1ln\u00ed udr\u017eov\u00e1n\u00ed fyzi\u010dky, ale to nejde do nekone\u010dna,\u201c pokyvuje hlavou. Podle jeho slov jsou na tom kolegov\u00e9 z dal\u0161\u00edch halov\u00fdch sport\u016f podobn\u011b.<\/p>\n\n\n\n<p>\u0158e\u0161en\u00ed, kter\u00e9 na kraji zvolili, je \u0161patn\u00e9. \u0158\u00edk\u00e1 to p\u0159edseda odd\u00edlu basketbalu Milan \u0160ev\u010d\u00edk, kter\u00fd je p\u0159esv\u011bd\u010den, \u017ee v Blansku by se na\u0161ly vhodn\u011bj\u0161\u00ed prostory. \u201ePodle ohlas\u016f ve\u0159ejnosti je jasn\u00e9, \u017ee v\u0161em se p\u016fvodn\u011b navrhovan\u00e9 \u0159e\u0161en\u00ed s budovou soudu zd\u00e1lo jako v\u00fdborn\u00e9. I zimn\u00ed stadion by se mohl vyu\u017e\u00edt sn\u00e1ze,\u201c mysl\u00ed si. Soci\u00e1ln\u00ed za\u0159\u00edzen\u00ed v hale podle n\u011bho nevyhovuje pro voz\u00ed\u010dk\u00e1\u0159e, nehled\u011b na hlavn\u00ed vchod, jeho\u017e schodi\u0161t\u011b je n\u00e1ro\u010dn\u00e9 pro lidi i s men\u0161\u00edm t\u011blesn\u00fdm handicapem. Basket pro paraplegiky u\u017e maj\u00ed v hale vyzkou\u0161en, ne\u0161lo to.&nbsp; Probl\u00e9mem, kter\u00fd \u0159e\u0161\u00ed v r\u00e1mci sv\u00e9ho odd\u00edlu, je nav\u00edc zaji\u0161t\u011bn\u00ed potenci\u00e1ln\u00edch n\u00e1hradn\u00edch tr\u00e9ninkov\u00fdch prostor. S rodi\u010di ji\u017e o situaci veden\u00ed klubu intenzivn\u011b jedn\u00e1. \u201eMy sice m\u016f\u017eeme vyu\u017e\u00edvat pro d\u011bti i men\u0161\u00ed t\u011blocvi\u010dny, ale n\u00e1klady na pron\u00e1jmy se velmi \u0159\u00e1dov\u011b nav\u00fd\u0161\u00ed,\u201c nel\u00edb\u00ed se mu. \u201ePosuzovatel\u016fm, kte\u0159\u00ed halu vyb\u00edrali, se patrn\u011b zal\u00edbila velk\u00e1 plocha, na ni\u017e by se um\u00edstily moduly, se kter\u00fdmi se pro podobn\u00e1 centra po\u010d\u00edt\u00e1. Nepo\u010d\u00edtali se z\u00e1pory, kter\u00e9 toto \u0159e\u0161en\u00ed p\u0159inese,\u201c mysl\u00ed si \u0160ev\u010d\u00edk.<\/p>\n\n\n\n<p>Podle avizovan\u00fdch informac\u00ed by m\u011blo b\u00fdt o\u010dkovac\u00ed centrum v hale v provozu minim\u00e1ln\u011b p\u016fl roku. Prohl\u00e1\u0161en\u00ed m\u011bsta, \u017ee jeho provoz by nem\u011bl poni\u010dit podlahu, t\u011b\u017eko obstoj\u00ed, t\u0159eba\u017ee je avizov\u00e1no, \u017ee na ni bude polo\u017eena ochrann\u00e1 vrstva. \u201eTechnick\u00e9 podm\u00ednky provozu te\u010f bude projedn\u00e1vat kraj s nemocnic\u00ed a m\u011bstem, pota\u017emo spole\u010dnost\u00ed Slu\u017eby Blansko, kter\u00e1 budovu spravuje,\u201c p\u00ed\u0161e se na blanensk\u00e9m webu. Do t\u011blocvi\u010dny je nav\u00edc v sou\u010dasnosti pouze jen jeden p\u0159\u00edstup p\u0159es strm\u00e9 schodi\u0161t\u011b a dlouhou chodbu. Zda by se zprovoznila jedin\u00e1 druh\u00e1 mo\u017enost vchodu p\u0159es vrata p\u0159istaven\u00e9 gar\u00e1\u017ee, kter\u00e1 je v sou\u010dasnosti vyu\u017e\u00edv\u00e1na jen jako sklad, je ot\u00e1zkou.&nbsp;<\/p>\n\n\n\n<p>A nen\u00ed to ot\u00e1zka jedin\u00e1. V souvislosti s blanenskou halou se nab\u00edz\u00ed dal\u0161\u00ed, dlouhodob\u011bj\u0161\u00ed.&nbsp; Nem\u011bla m\u00edt tato velk\u00e1 t\u011blocvi\u010dna, kter\u00e1 je jedin\u00fdm v\u011bt\u0161\u00edm sportovn\u00edm za\u0159\u00edzen\u00edm ve m\u011bst\u011b tohoto typu, ji\u017e d\u00e1vno zvl\u00e1\u0161tn\u00ed vchod s vlastn\u00edm vestibulem, soci\u00e1ln\u00edm za\u0159\u00edzen\u00edm, vlastn\u00edmi \u0161atnami a v\u011bt\u0161\u00edm hledi\u0161t\u011bm? Projekt m\u011bla tehdej\u0161\u00ed t\u011blov\u00fdchovn\u00e1 jednota \u010cKD zpracov\u00e1n ji\u017e skoro p\u0159ed dvaceti lety, z\u00e1klady byly ji\u017e dokonce vybudov\u00e1ny. V\u0161e ztroskotalo na nedostatku financ\u00ed, t\u011blov\u00fdchovn\u00e1 jednota nakonec z tohoto d\u016fvodu ve zna\u010dn\u00e9 ztr\u00e1t\u011b i ukon\u010dila \u010dinnost.&nbsp;<\/p>\n\n\n\n<p>Vybudov\u00e1n\u00ed p\u0159\u00edstavby se v minul\u00fdch letech objevovalo ve volebn\u00edch programech hned n\u011bkolika stran a uskupen\u00ed. V posledn\u00ed dob\u011b tato ot\u00e1zka tak trochu vy\u0161um\u011bla. Blansko, kter\u00e9 se st\u00e1le deklaruje jako m\u011bsto sportu, nem\u00e1 nad\u00e1le odpov\u00eddaj\u00edc\u00ed reprezentativn\u00ed sportovn\u00ed halu. A bohu\u017eel i ta, kter\u00e1 m\u00e1 aspo\u0148 odpov\u00eddaj\u00edc\u00ed velikost, m\u00e1 b\u00fdt nyn\u00ed vyu\u017eita na dobu bl\u00ed\u017ee neur\u010denou na jin\u00e9 ne\u017e sportovn\u00ed \u00fa\u010dely. A to je opravdu smutn\u00e9\u2026&nbsp;<\/p>\n\n\n\n<p><strong>Bohumil Hlav\u00e1\u010dek<\/strong><\/p>\n","protected":false},"excerpt":{"rendered":"<p>Jedn\u00edm z hlavn\u00edch probl\u00e9m\u016f dne\u0161n\u00ed doby je o\u010dkov\u00e1n\u00ed proti nemoci covid-19. Krom\u011b nemocnice, kde ji\u017e bylo zah\u00e1jeno a m\u011blo by<\/p>\n","protected":false},"author":1,"featured_media":7183,"comment_status":"open","ping_status":"closed","sticky":false,"template":"","format":"standard","meta":[],"categories":[4],"tags":[],"_links":{"self":[{"href":"https:\/\/www.monitor-bk.cz\/index.php?rest_route=\/wp\/v2\/posts\/7182"}],"collection":[{"href":"https:\/\/www.monitor-bk.cz\/index.php?rest_route=\/wp\/v2\/posts"}],"about":[{"href":"https:\/\/www.monitor-bk.cz\/index.php?rest_route=\/wp\/v2\/types\/post"}],"author":[{"embeddable":true,"href":"https:\/\/www.monitor-bk.cz\/index.php?rest_route=\/wp\/v2\/users\/1"}],"replies":[{"embeddable":true,"href":"https:\/\/www.monitor-bk.cz\/index.php?rest_route=%2Fwp%2Fv2%2Fcomments&post=7182"}],"version-history":[{"count":1,"href":"https:\/\/www.monitor-bk.cz\/index.php?rest_route=\/wp\/v2\/posts\/7182\/revisions"}],"predecessor-version":[{"id":7184,"href":"https:\/\/www.monitor-bk.cz\/index.php?rest_route=\/wp\/v2\/posts\/7182\/revisions\/7184"}],"wp:featuredmedia":[{"embeddable":true,"href":"https:\/\/www.monitor-bk.cz\/index.php?rest_route=\/wp\/v2\/media\/7183"}],"wp:attachment":[{"href":"https:\/\/www.monitor-bk.cz\/index.php?rest_route=%2Fwp%2Fv2%2Fmedia&parent=7182"}],"wp:term":[{"taxonomy":"category","embeddable":true,"href":"https:\/\/www.monitor-bk.cz\/index.php?rest_route=%2Fwp%2Fv2%2Fcategories&post=7182"},{"taxonomy":"post_tag","embeddable":true,"href":"https:\/\/www.monitor-bk.cz\/index.php?rest_route=%2Fwp%2Fv2%2Ftags&post=7182"}],"curies":[{"name":"wp","href":"https:\/\/api.w.org\/{rel}","templated":true}]}}