{"id":7171,"date":"2021-01-27T17:53:01","date_gmt":"2021-01-27T16:53:01","guid":{"rendered":"http:\/\/www.monitor-bk.cz\/?p=7171"},"modified":"2021-01-27T09:55:08","modified_gmt":"2021-01-27T08:55:08","slug":"zdravotnici-jsou-pripraveni-ockovat-seniory-ceka-se-na-vakciny","status":"publish","type":"post","link":"https:\/\/www.monitor-bk.cz\/?p=7171","title":{"rendered":"Zdravotn\u00edci jsou p\u0159ipraveni o\u010dkovat seniory. \u010cek\u00e1 se na vakc\u00edny"},"content":{"rendered":"\n<figure class=\"wp-block-image size-large\"><img decoding=\"async\" loading=\"lazy\" width=\"800\" height=\"534\" src=\"https:\/\/www.monitor-bk.cz\/wp-content\/uploads\/2021\/01\/ockovani2_web-800x534.jpg\" alt=\"\" class=\"wp-image-7172\" srcset=\"https:\/\/www.monitor-bk.cz\/wp-content\/uploads\/2021\/01\/ockovani2_web-800x534.jpg 800w, https:\/\/www.monitor-bk.cz\/wp-content\/uploads\/2021\/01\/ockovani2_web-300x200.jpg 300w, https:\/\/www.monitor-bk.cz\/wp-content\/uploads\/2021\/01\/ockovani2_web-120x80.jpg 120w, https:\/\/www.monitor-bk.cz\/wp-content\/uploads\/2021\/01\/ockovani2_web-768x513.jpg 768w, https:\/\/www.monitor-bk.cz\/wp-content\/uploads\/2021\/01\/ockovani2_web.jpg 1077w\" sizes=\"(max-width: 800px) 100vw, 800px\" \/><\/figure>\n\n\n\n<p><strong>O\u010dkov\u00e1n\u00ed proti koronaviru. Jedno z hybn\u00fdch t\u00e9mat ve spole\u010dnosti ji\u017e od V\u00e1noc. Jak je to tedy s o\u010dkov\u00e1n\u00edm senior\u016f v Blansku?&nbsp;<\/strong><\/p>\n\n\n\n<p>Podle vl\u00e1dn\u00edho na\u0159\u00edzen\u00ed se mohou nyn\u00ed registrovat k o\u010dkov\u00e1n\u00ed proti onemocn\u011bn\u00ed covid-19 lid\u00e9 nad 80 let. Po \u00favodn\u00edch pot\u00ed\u017e\u00edch s registrac\u00ed a zejm\u00e9na s rezervac\u00ed term\u00edn\u016f se zd\u00e1, \u017ee se situace trochu stabilizovala. V den, kdy se toti\u017e spustil celost\u00e1tn\u00ed registra\u010dn\u00ed syst\u00e9m (p\u00e1tek 15. ledna), se v n\u011bm Blansko neukazovalo. N\u011bkte\u0159\u00ed lid\u00e9 se tedy \u2013 ve snaze rezervovat si term\u00edn co nejd\u0159\u00edve \u2013 p\u0159ihl\u00e1sili do Brna. Kdy\u017e se druh\u00fd registra\u010dn\u00ed den Blansko, resp. blanensk\u00e1 nemocnice v syst\u00e9mu objevila, za\u010dali \u0159e\u0161it, zda se mohou p\u0159eobjednat na Blansko.&nbsp;<\/p>\n\n\n\n<p>Toto by podle velmi t\u011b\u017ece zji\u0161t\u011bn\u00fdch informac\u00ed m\u011blo j\u00edt pom\u011brn\u011b snadno do chv\u00edle, dokud \u010dlov\u011bk nedostane term\u00edn na jin\u00e9 m\u00edsto. I tehdy, kdy\u017e u\u017e byl seniorovi n\u011bjak\u00fd term\u00edn v Brn\u011b p\u0159id\u011blen, by m\u011blo j\u00edt m\u00edsto zm\u011bnit, ale je to pon\u011bkud slo\u017eit\u011bj\u0161\u00ed proces, kter\u00fd obn\u00e1\u0161\u00ed nap\u0159\u00edklad telefonickou domluvu na celost\u00e1tn\u00ed lince 1221.&nbsp;<\/p>\n\n\n\n<p>Jednou z po\u010d\u00e1te\u010dn\u00edch a pom\u011brn\u011b z\u00e1sadn\u00edch trhlin centr\u00e1ln\u00edho registru bylo tak\u00e9 to, \u017ee z\u00e1jemci o o\u010dkov\u00e1n\u00ed, kte\u0159\u00ed se v prvn\u00edm t\u00fddnu registrovali na n\u011bjak\u00e9 konkr\u00e9tn\u00ed m\u00edsto, musej\u00ed nyn\u00ed hl\u00eddat, kdy se jim v rezerva\u010dn\u00edm formul\u00e1\u0159i na internetu objev\u00ed voln\u00fd term\u00edn. Maj\u00ed tak o z\u00e1bavu postar\u00e1no\u2026 Od p\u00e1tku 22. ledna se zm\u011bnil syst\u00e9m v rezervac\u00edch. Kdo se p\u0159ihl\u00e1sil a\u017e od tohoto data, m\u016f\u017ee m\u00edt klidn\u011bj\u0161\u00ed sp\u00e1nek. Takzvan\u00fd PIN 2, kter\u00fd p\u016fvodn\u011b chodil v sms zpr\u00e1v\u011b hned p\u0159i \u00favodn\u00ed registraci, nyn\u00ed lidem p\u0159ijde a\u017e ve chv\u00edli, kdy se objev\u00ed voln\u00e9 term\u00edny na m\u00edst\u011b, kter\u00e9 si zvolili. Tato sms je tedy z\u00e1rove\u0148 informac\u00ed, kter\u00e1 hl\u00e1s\u00e1: \u201eObdr\u017eeli jsme vakc\u00edny, m\u016f\u017eete si vybrat term\u00edn.\u201c&nbsp;<\/p>\n\n\n\n<p>A jak je to s vakc\u00ednami? Jeliko\u017e je ka\u017ed\u00e9 o\u010dkovac\u00ed m\u00edsto pod\u0159\u00edzeno krajsk\u00e9 koordinaci, nezb\u00fdv\u00e1, ne\u017e \u010dekat, a\u017e bude o\u010dkovac\u00ed l\u00e1tka p\u0159id\u011blena. Kdy a v jak\u00e9m po\u010dtu, to bohu\u017eel v tuto chv\u00edli nen\u00ed jasn\u00e9. \u201eNemocnice Blansko je p\u0159ipravena 1. \u00fanora o\u010dkov\u00e1n\u00ed spustit, ov\u0161em skute\u010dn\u00e9 zah\u00e1jen\u00ed o\u010dkov\u00e1n\u00ed z\u00e1vis\u00ed na dod\u00e1vce vakc\u00edn, kterou neovlivn\u00edme. Jakmile budeme m\u00edt p\u0159esnou informaci o datu dod\u00e1n\u00ed a po\u010dtu d\u00e1vek, spust\u00ed se rezerva\u010dn\u00ed syst\u00e9m a lid\u00e9 si budou moci vybrat term\u00edn. O spu\u0161t\u011bn\u00ed rezervac\u00ed budeme ihned informovat,\u201c uji\u0161\u0165uje \u0159editelka Nemocnice Blansko Vladim\u00edra Danihelkov\u00e1.&nbsp;<\/p>\n\n\n\n<p><strong>-mka-<\/strong><\/p>\n","protected":false},"excerpt":{"rendered":"<p>O\u010dkov\u00e1n\u00ed proti koronaviru. Jedno z hybn\u00fdch t\u00e9mat ve spole\u010dnosti ji\u017e od V\u00e1noc. Jak je to tedy s o\u010dkov\u00e1n\u00edm senior\u016f v<\/p>\n","protected":false},"author":1,"featured_media":7172,"comment_status":"open","ping_status":"closed","sticky":false,"template":"","format":"standard","meta":[],"categories":[84],"tags":[],"_links":{"self":[{"href":"https:\/\/www.monitor-bk.cz\/index.php?rest_route=\/wp\/v2\/posts\/7171"}],"collection":[{"href":"https:\/\/www.monitor-bk.cz\/index.php?rest_route=\/wp\/v2\/posts"}],"about":[{"href":"https:\/\/www.monitor-bk.cz\/index.php?rest_route=\/wp\/v2\/types\/post"}],"author":[{"embeddable":true,"href":"https:\/\/www.monitor-bk.cz\/index.php?rest_route=\/wp\/v2\/users\/1"}],"replies":[{"embeddable":true,"href":"https:\/\/www.monitor-bk.cz\/index.php?rest_route=%2Fwp%2Fv2%2Fcomments&post=7171"}],"version-history":[{"count":1,"href":"https:\/\/www.monitor-bk.cz\/index.php?rest_route=\/wp\/v2\/posts\/7171\/revisions"}],"predecessor-version":[{"id":7173,"href":"https:\/\/www.monitor-bk.cz\/index.php?rest_route=\/wp\/v2\/posts\/7171\/revisions\/7173"}],"wp:featuredmedia":[{"embeddable":true,"href":"https:\/\/www.monitor-bk.cz\/index.php?rest_route=\/wp\/v2\/media\/7172"}],"wp:attachment":[{"href":"https:\/\/www.monitor-bk.cz\/index.php?rest_route=%2Fwp%2Fv2%2Fmedia&parent=7171"}],"wp:term":[{"taxonomy":"category","embeddable":true,"href":"https:\/\/www.monitor-bk.cz\/index.php?rest_route=%2Fwp%2Fv2%2Fcategories&post=7171"},{"taxonomy":"post_tag","embeddable":true,"href":"https:\/\/www.monitor-bk.cz\/index.php?rest_route=%2Fwp%2Fv2%2Ftags&post=7171"}],"curies":[{"name":"wp","href":"https:\/\/api.w.org\/{rel}","templated":true}]}}