{"id":6998,"date":"2020-08-12T11:12:21","date_gmt":"2020-08-12T09:12:21","guid":{"rendered":"http:\/\/www.monitor-bk.cz\/?p=6998"},"modified":"2020-08-12T11:16:39","modified_gmt":"2020-08-12T09:16:39","slug":"uvodnik-nic-neni-zadarmo-nove-ani-farmarske-trhy","status":"publish","type":"post","link":"https:\/\/www.monitor-bk.cz\/?p=6998","title":{"rendered":"\u00davodn\u00edk: Nic nen\u00ed zadarmo. Nov\u011b ani farm\u00e1\u0159sk\u00e9 trhy"},"content":{"rendered":"\n<figure class=\"wp-block-image size-large\"><img decoding=\"async\" loading=\"lazy\" width=\"800\" height=\"449\" src=\"https:\/\/www.monitor-bk.cz\/wp-content\/uploads\/2020\/08\/zelenina_web-800x449.jpg\" alt=\"\" class=\"wp-image-6999\" srcset=\"https:\/\/www.monitor-bk.cz\/wp-content\/uploads\/2020\/08\/zelenina_web-800x449.jpg 800w, https:\/\/www.monitor-bk.cz\/wp-content\/uploads\/2020\/08\/zelenina_web-300x169.jpg 300w, https:\/\/www.monitor-bk.cz\/wp-content\/uploads\/2020\/08\/zelenina_web-142x80.jpg 142w, https:\/\/www.monitor-bk.cz\/wp-content\/uploads\/2020\/08\/zelenina_web-768x431.jpg 768w, https:\/\/www.monitor-bk.cz\/wp-content\/uploads\/2020\/08\/zelenina_web.jpg 1191w\" sizes=\"(max-width: 800px) 100vw, 800px\" \/><\/figure>\n\n\n\n<p><strong>Farm\u00e1\u0159sk\u00e9 trhy v Blansku pro prodejce zdarma? To u\u017e je minulost, a\u010dkoliv na za\u010d\u00e1tku leto\u0161n\u00edho roku a opakovan\u011b je\u0161t\u011b na konci dubna \u010dl\u00e1nky na webu m\u011bsta zd\u016fraz\u0148ovaly, \u017ee pron\u00e1jem prodejn\u00ed plochy i st\u00e1nk\u016f je zdarma.&nbsp;<\/strong><\/p>\n\n\n\n<p>\tZa m\u00edsto prodejce v\u0161ak nyn\u00ed zaplat\u00ed dv\u011b st\u011b korun, pokud si p\u0159iveze sv\u016fj vlastn\u00ed st\u00e1nek, anebo dv\u011b st\u011b pades\u00e1t korun, jestli\u017ee vyu\u017eije d\u0159ev\u011bn\u00fd st\u00e1nek, kter\u00fd p\u0159iprav\u00ed zam\u011bstnanci kulturn\u00edho st\u0159ediska. Tato informace ale nen\u00ed ve\u0159ejn\u011b dostupn\u00e1.&nbsp;<\/p>\n\n\n\n<p>\tPorozhl\u00e9dla jsem se po webov\u00fdch str\u00e1nk\u00e1ch n\u011bkter\u00fdch dal\u0161\u00edch m\u011bst v republice a zjistila jsem, \u017ee je to r\u016fzn\u00e9; n\u011bkde se n\u00e1jem plat\u00ed, n\u011bkde ne. Pokud se ov\u0161em plat\u00ed, pak se jedn\u00e1 sp\u00ed\u0161e o \u010d\u00e1stky do stokoruny za den.&nbsp;<\/p>\n\n\n\n<p>\tCo\u017e o to. Dnes se plat\u00ed za v\u0161e, tak\u017ee je asi norm\u00e1ln\u00ed, \u017ee si \u010dlov\u011bk zaplat\u00ed za mo\u017enost m\u00edt n\u011bjak\u00fd v\u00fdd\u011blek. Obzvl\u00e1\u0161t\u011b tehdy, pokud si chce p\u016fj\u010dit st\u00e1nek. (Pominu fakt, \u017ee kdy\u017e si p\u0159iveze sv\u016fj st\u00e1nek, m\u011bsto s n\u00edm nem\u00e1 \u017e\u00e1dn\u00e9 v\u00fddaje. Naopak v z\u00e1jmu m\u011bsta je, aby na farm\u00e1\u0159sk\u00fdch trz\u00edch bylo firem co nejv\u00edce.) Zaveden\u00ed placen\u00ed n\u00e1jemn\u00e9ho nav\u00edc p\u0159ich\u00e1z\u00ed ne\u010dekan\u011b v dob\u011b po koronavirov\u00e9 karant\u00e9n\u011b, kdy bych sp\u00ed\u0161e p\u0159edpokl\u00e1dala \u00falevy na podobn\u00fdch poplatc\u00edch, vzhledem k finan\u010dn\u00edm ztr\u00e1t\u00e1m, kter\u00e9 jist\u011b farm\u00e1\u0159i kv\u016fli opat\u0159en\u00edm utrp\u011bli.&nbsp;<\/p>\n\n\n\n<p>\tVad\u00ed mi ale jin\u00e1 v\u011bc. Ve\u0159ejnosti je p\u0159edkl\u00e1d\u00e1no, \u017ee st\u00e1nka\u0159i nemus\u00ed platit \u017e\u00e1dn\u00e9 poplatky. Mnoz\u00ed nakupuj\u00edc\u00ed si tud\u00ed\u017e neuv\u011bdomuj\u00ed, \u017ee ceny za produkty mohou b\u00fdt o n\u011bco vy\u0161\u0161\u00ed, pokud se do nich zahrnuje n\u00e1jem za m\u00edsto.&nbsp;<\/p>\n\n\n\n<p>\tPotom doch\u00e1z\u00ed k situac\u00edm, kdy ztrat\u00ed z\u00e1kazn\u00edk z\u00e1brany a pom\u011brn\u011b hlasit\u011b komentuje cenu v\u00fdrobku, kter\u00e1 se mu zd\u00e1 p\u0159emr\u0161t\u011bn\u00e1, ani\u017e by si dok\u00e1zal spo\u010d\u00edtat, \u017ee krom\u011b v\u00fddaj\u016f na materi\u00e1l, \u010das str\u00e1ven\u00fd v\u00fdrobou produktu a st\u00e1n\u00edm na trhu je k cen\u011b nutno p\u0159ipo\u010d\u00edst n\u011bjakou pom\u011brnou \u010d\u00e1stku na n\u00e1jem prodejn\u00edho m\u00edsta.&nbsp;<\/p>\n\n\n\n<p>\tJestli\u017ee n\u011bkdo nedok\u00e1\u017ee ocenit ru\u010dn\u00ed pr\u00e1ci a bezosty\u0161n\u011b v bl\u00edzkosti prodejce pronese hl\u00e1\u0161ku, \u017ee on takov\u00e9 v\u011bci rozd\u00e1v\u00e1 zadarmo (sly\u0161ela jsem to na vlastn\u00ed u\u0161i), pak bych toho \u010dlov\u011bka cht\u011bla vid\u011bt, jak nad v\u00fdrobou n\u011bjak\u00e9ho produktu str\u00e1v\u00ed n\u011bkolik hodin, investuje pen\u00edze do materi\u00e1lu, zaplat\u00ed n\u00e1jem za st\u00e1nek a nap\u00ed\u0161e si na n\u011bj cedulku: Rozd\u00e1v\u00e1m zdarma. Ale to je zase na jinou debatu.&nbsp;<\/p>\n\n\n\n<p>\tDruh\u00fd z\u00e1drhel na m\u00edstn\u00edch farm\u00e1\u0159sk\u00fdch trz\u00edch vid\u00edm je\u0161t\u011b v tom ohledu, \u017ee a\u010dkoliv je doba jejich kon\u00e1n\u00ed stanovena na n\u011bjak\u00fd konkr\u00e9tn\u00ed \u010das (8 \u2013 14 hodin, p\u0159\u00edpadn\u011b nov\u011b 8 \u2013 16 hodin), naprost\u00e1 v\u011bt\u0161ina prodejc\u016f zmiz\u00ed t\u0159eba u\u017e v 11 hodin. A kdy\u017e z\u00e1kazn\u00edk vid\u00ed zd\u00e1lky pr\u00e1zdn\u00e9 st\u00e1nky, bl\u00ed\u017e zkr\u00e1tka nep\u0159ijde, aby se pod\u00edval na to, \u201eco na n\u011bj zbylo\u201c.&nbsp;<\/p>\n\n\n\n<p>\tZ\u00e1stupci kulturn\u00edho st\u0159ediska, kter\u00e9 m\u00e1 trhy na starosti, uv\u00e1d\u00ed, \u017ee prodejci se maj\u00ed zdr\u017eet a\u017e do konce nebo do vyprod\u00e1n\u00ed z\u00e1sob. Z n\u00e1m\u011bst\u00ed Republiky ov\u0161em po p\u00e1r hodin\u00e1ch prodeje miz\u00ed i ti, kte\u0159\u00ed rozhodn\u011b vyprod\u00e1no nemaj\u00ed. Ano, n\u011bkdo m\u016f\u017ee z osobn\u00edch d\u016fvod\u016f n\u011bkdy pot\u0159ebovat skon\u010dit d\u0159\u00edv, ale t\u0159i \u010dtvrtiny st\u00e1nka\u0159\u016f? Pak se mi zd\u00e1 trochu nef\u00e9r cht\u00edt poplatky za prodejn\u00ed plochu, kdy\u017e u\u017e nechod\u00ed \u017e\u00e1dn\u00ed z\u00e1kazn\u00edci. Toto by bylo fajn trochu ohl\u00eddat a p\u0159im\u011bt firmy, aby setrvaly a\u017e do konce.&nbsp;<\/p>\n\n\n\n<p><strong>-mka-<\/strong><\/p>\n","protected":false},"excerpt":{"rendered":"<p>Farm\u00e1\u0159sk\u00e9 trhy v Blansku pro prodejce zdarma? To u\u017e je minulost, a\u010dkoliv na za\u010d\u00e1tku leto\u0161n\u00edho roku a opakovan\u011b je\u0161t\u011b na<\/p>\n","protected":false},"author":1,"featured_media":6999,"comment_status":"open","ping_status":"closed","sticky":false,"template":"","format":"standard","meta":[],"categories":[4],"tags":[],"_links":{"self":[{"href":"https:\/\/www.monitor-bk.cz\/index.php?rest_route=\/wp\/v2\/posts\/6998"}],"collection":[{"href":"https:\/\/www.monitor-bk.cz\/index.php?rest_route=\/wp\/v2\/posts"}],"about":[{"href":"https:\/\/www.monitor-bk.cz\/index.php?rest_route=\/wp\/v2\/types\/post"}],"author":[{"embeddable":true,"href":"https:\/\/www.monitor-bk.cz\/index.php?rest_route=\/wp\/v2\/users\/1"}],"replies":[{"embeddable":true,"href":"https:\/\/www.monitor-bk.cz\/index.php?rest_route=%2Fwp%2Fv2%2Fcomments&post=6998"}],"version-history":[{"count":1,"href":"https:\/\/www.monitor-bk.cz\/index.php?rest_route=\/wp\/v2\/posts\/6998\/revisions"}],"predecessor-version":[{"id":7000,"href":"https:\/\/www.monitor-bk.cz\/index.php?rest_route=\/wp\/v2\/posts\/6998\/revisions\/7000"}],"wp:featuredmedia":[{"embeddable":true,"href":"https:\/\/www.monitor-bk.cz\/index.php?rest_route=\/wp\/v2\/media\/6999"}],"wp:attachment":[{"href":"https:\/\/www.monitor-bk.cz\/index.php?rest_route=%2Fwp%2Fv2%2Fmedia&parent=6998"}],"wp:term":[{"taxonomy":"category","embeddable":true,"href":"https:\/\/www.monitor-bk.cz\/index.php?rest_route=%2Fwp%2Fv2%2Fcategories&post=6998"},{"taxonomy":"post_tag","embeddable":true,"href":"https:\/\/www.monitor-bk.cz\/index.php?rest_route=%2Fwp%2Fv2%2Ftags&post=6998"}],"curies":[{"name":"wp","href":"https:\/\/api.w.org\/{rel}","templated":true}]}}