{"id":6967,"date":"2020-06-25T07:56:00","date_gmt":"2020-06-25T05:56:00","guid":{"rendered":"http:\/\/www.monitor-bk.cz\/?p=6967"},"modified":"2020-06-24T10:41:26","modified_gmt":"2020-06-24T08:41:26","slug":"blanenska-desitka-vyhodneji-jen-do-konce-cervna","status":"publish","type":"post","link":"https:\/\/www.monitor-bk.cz\/?p=6967","title":{"rendered":"Blanensk\u00e1 des\u00edtka: v\u00fdhodn\u011bji jen do konce \u010dervna"},"content":{"rendered":"\n<figure class=\"wp-block-image size-large\"><img decoding=\"async\" loading=\"lazy\" width=\"800\" height=\"534\" src=\"https:\/\/www.monitor-bk.cz\/wp-content\/uploads\/2020\/06\/desitka_web-800x534.jpg\" alt=\"\" class=\"wp-image-6968\" srcset=\"https:\/\/www.monitor-bk.cz\/wp-content\/uploads\/2020\/06\/desitka_web-800x534.jpg 800w, https:\/\/www.monitor-bk.cz\/wp-content\/uploads\/2020\/06\/desitka_web-300x200.jpg 300w, https:\/\/www.monitor-bk.cz\/wp-content\/uploads\/2020\/06\/desitka_web-120x80.jpg 120w, https:\/\/www.monitor-bk.cz\/wp-content\/uploads\/2020\/06\/desitka_web-768x512.jpg 768w, https:\/\/www.monitor-bk.cz\/wp-content\/uploads\/2020\/06\/desitka_web.jpg 850w\" sizes=\"(max-width: 800px) 100vw, 800px\" \/><\/figure>\n\n\n\n<p><strong>\tLeto\u0161n\u00ed rok je odli\u0161n\u00fd, velmi odli\u0161n\u00fd. V\u011bt\u0161ina kulturn\u00edch i sportovn\u00edch akc\u00ed byla z d\u016fvod\u016f preventivn\u00edch opat\u0159en\u00ed proti \u0161\u00ed\u0159en\u00ed viru Covid-19 odlo\u017eena nebo p\u0159\u00edmo zru\u0161ena. I kdy\u017e se nyn\u00ed restrikce postupn\u011b uvol\u0148uj\u00ed, p\u0159esto se spousty pravideln\u00fdch akc\u00ed letos nedo\u010dk\u00e1me! To se ov\u0161em net\u00fdk\u00e1 Blanensk\u00e9 des\u00edtky! Sv\u016fj term\u00edn nem\u011bn\u00ed, ani start neodkl\u00e1d\u00e1!<\/strong><\/p>\n\n\n\n<p>\tV sobotu 12. z\u00e1\u0159\u00ed 2020 vyb\u011bhneme a vyjedeme u\u017e do 7. ro\u010dn\u00edku! Tradi\u010dn\u011b jsou na v\u00fdb\u011br 3 sporty &#8211; b\u011bh, inline brusle a kolob\u011b\u017eky. Hlavn\u00ed z\u00e1vody v\u017edy na p\u0159esn\u00fdch a certifikovan\u00fdch 10 km, obl\u00edben\u00e9 d\u011btsk\u00e9 z\u00e1vody na 200 m, 400 m a 1500 m. St\u00e1le obl\u00edben\u011bj\u0161\u00ed jsou tak\u00e9 b\u011b\u017eeck\u00e9 \u0161tafety dvojic, kdy ka\u017ed\u00fd z dvojice ob\u011bhne 5 km. Se sv\u00fdm par\u0165\u00e1kem nebo par\u0165a\u010dkou pak bude vyhodnocen v kategori\u00edch&nbsp; mu\u017ei, \u017eeny nebo sm\u00ed\u0161en\u00e9 dvojice.<\/p>\n\n\n\n<p>\tP\u0159ihl\u00e1\u0161ky ji\u017e d\u00e1vno b\u011b\u017e\u00ed, tak podpo\u0159te Blanenskou des\u00edtku svoj\u00ed \u00fa\u010dast\u00ed! I letos bude k dispozici pro pobaven\u00ed d\u011bt\u00ed sk\u00e1kac\u00ed hrad, malov\u00e1n\u00ed na obli\u010dej a v\u00fdroba placek. Dosp\u011bl\u00ed si mohou otestovat nov\u00e9 modely osobn\u00edch voz\u016f \u0160koda, zap\u016fj\u010dit si kolob\u011b\u017eku i b\u011b\u017eeck\u00e9 boty, zm\u011b\u0159it si tlak nebo slo\u017een\u00ed t\u011bla, vyu\u017e\u00edt slu\u017eeb mas\u00e9r\u016f a fyzioterapeut\u016f, nebo se jen ob\u010derstvit z bohat\u00e9 nab\u00eddky a fandit ostatn\u00edm.<\/p>\n\n\n\n<p>\tCel\u00fdm sportovn\u00edm dnem provede p\u0159\u00edtomn\u00e9 v\u017edy usm\u011bvav\u00fd moder\u00e1tor \u010cesk\u00e9 televize Petr Kub\u00e1sek, kter\u00e9ho div\u00e1ci znaj\u00ed z nejednoho \u0161ampion\u00e1tu nebo Olympijsk\u00fdch her vys\u00edlan\u00fdch na \u010cT Sport.<\/p>\n\n\n\n<p>\tVe startovn\u00edm poli op\u011bt uvid\u00edte jak \u010desk\u00e9 reprezentanty, kte\u0159\u00ed budou \u00fato\u010dit na tra\u0165ov\u00e9 rekordy, tak sportovn\u00ed &#8222;za\u010d\u00e1te\u010dn\u00edky&#8220;, pro kter\u00e9 je rovinat\u00e1 trasa Blanensk\u00e9 des\u00edtky ide\u00e1ln\u00ed pro zvl\u00e1dnut\u00ed i bez top formy \ud83d\ude42 Naopak pro fajn\u0161mekry je nachyst\u00e1na trojkombinace, kdy jednotlivec s\u00e1m absolvuje 10 km jak na inline brusl\u00edch, tak na kolob\u011b\u017ece i b\u011b\u017eecky.<\/p>\n\n\n\n<p>Akce se kon\u00e1 za podpory m\u011bsta Blanska a pod z\u00e1\u0161titou starosty m\u011bsta Ing. Ji\u0159\u00edho Crhy. V\u00fdhodn\u011bj\u0161\u00ed registrace kon\u010d\u00ed 30.6. na www.blanenskadesitka.cz\/registrace<\/p>\n\n\n\n<p><strong>-r-<\/strong><\/p>\n","protected":false},"excerpt":{"rendered":"<p>Leto\u0161n\u00ed rok je odli\u0161n\u00fd, velmi odli\u0161n\u00fd. V\u011bt\u0161ina kulturn\u00edch i sportovn\u00edch akc\u00ed byla z d\u016fvod\u016f preventivn\u00edch opat\u0159en\u00ed proti \u0161\u00ed\u0159en\u00ed viru Covid-19<\/p>\n","protected":false},"author":1,"featured_media":6968,"comment_status":"open","ping_status":"closed","sticky":false,"template":"","format":"standard","meta":[],"categories":[6],"tags":[],"_links":{"self":[{"href":"https:\/\/www.monitor-bk.cz\/index.php?rest_route=\/wp\/v2\/posts\/6967"}],"collection":[{"href":"https:\/\/www.monitor-bk.cz\/index.php?rest_route=\/wp\/v2\/posts"}],"about":[{"href":"https:\/\/www.monitor-bk.cz\/index.php?rest_route=\/wp\/v2\/types\/post"}],"author":[{"embeddable":true,"href":"https:\/\/www.monitor-bk.cz\/index.php?rest_route=\/wp\/v2\/users\/1"}],"replies":[{"embeddable":true,"href":"https:\/\/www.monitor-bk.cz\/index.php?rest_route=%2Fwp%2Fv2%2Fcomments&post=6967"}],"version-history":[{"count":1,"href":"https:\/\/www.monitor-bk.cz\/index.php?rest_route=\/wp\/v2\/posts\/6967\/revisions"}],"predecessor-version":[{"id":6969,"href":"https:\/\/www.monitor-bk.cz\/index.php?rest_route=\/wp\/v2\/posts\/6967\/revisions\/6969"}],"wp:featuredmedia":[{"embeddable":true,"href":"https:\/\/www.monitor-bk.cz\/index.php?rest_route=\/wp\/v2\/media\/6968"}],"wp:attachment":[{"href":"https:\/\/www.monitor-bk.cz\/index.php?rest_route=%2Fwp%2Fv2%2Fmedia&parent=6967"}],"wp:term":[{"taxonomy":"category","embeddable":true,"href":"https:\/\/www.monitor-bk.cz\/index.php?rest_route=%2Fwp%2Fv2%2Fcategories&post=6967"},{"taxonomy":"post_tag","embeddable":true,"href":"https:\/\/www.monitor-bk.cz\/index.php?rest_route=%2Fwp%2Fv2%2Ftags&post=6967"}],"curies":[{"name":"wp","href":"https:\/\/api.w.org\/{rel}","templated":true}]}}