{"id":6961,"date":"2020-06-26T07:53:00","date_gmt":"2020-06-26T05:53:00","guid":{"rendered":"http:\/\/www.monitor-bk.cz\/?p=6961"},"modified":"2020-06-24T10:43:15","modified_gmt":"2020-06-24T08:43:15","slug":"namesti-republiky-je-pristupnejsi","status":"publish","type":"post","link":"https:\/\/www.monitor-bk.cz\/?p=6961","title":{"rendered":"N\u00e1m\u011bst\u00ed Republiky  je p\u0159\u00edstupn\u011bj\u0161\u00ed"},"content":{"rendered":"\n<figure class=\"wp-block-image size-large\"><img decoding=\"async\" loading=\"lazy\" width=\"800\" height=\"532\" src=\"https:\/\/www.monitor-bk.cz\/wp-content\/uploads\/2020\/06\/schody2_web-800x532.jpg\" alt=\"\" class=\"wp-image-6962\" srcset=\"https:\/\/www.monitor-bk.cz\/wp-content\/uploads\/2020\/06\/schody2_web-800x532.jpg 800w, https:\/\/www.monitor-bk.cz\/wp-content\/uploads\/2020\/06\/schody2_web-300x199.jpg 300w, https:\/\/www.monitor-bk.cz\/wp-content\/uploads\/2020\/06\/schody2_web-120x80.jpg 120w, https:\/\/www.monitor-bk.cz\/wp-content\/uploads\/2020\/06\/schody2_web-768x510.jpg 768w, https:\/\/www.monitor-bk.cz\/wp-content\/uploads\/2020\/06\/schody2_web.jpg 850w\" sizes=\"(max-width: 800px) 100vw, 800px\" \/><\/figure>\n\n\n\n<p><strong>Bezbari\u00e9rovost n\u00e1m\u011bst\u00ed Republiky pro ko\u010d\u00e1rky s d\u011btmi nyn\u00ed vy\u0159e\u0161ily nov\u00e9 kovov\u00e9 n\u00e1jezdy, kter\u00e9 veden\u00ed m\u011bsta nechalo instalovat na schody vedle Komer\u010dn\u00ed banky. N\u00e1jezdy urychl\u00ed cestu mezi n\u00e1m\u011bst\u00edm Republiky a Seifertovou ulic\u00ed; rodi\u010de s ko\u010d\u00e1rky, kter\u00e9 maj\u00ed vhodn\u00e9 rozp\u011bt\u00ed kol, aby se ve\u0161ly na dv\u011b samostatn\u00e9 li\u017einy, nemusej\u00ed \u00fasek obj\u00ed\u017ed\u011bt.&nbsp;<\/strong><\/p>\n\n\n\n<p>\t\u201eN\u00e1m\u011bst\u00ed Republiky je tepnou, p\u0159es kterou denn\u011b proud\u00ed tis\u00edce lid\u00ed. Z Wanklova n\u00e1m\u011bst\u00ed n\u00e1jezd m\u00e1me. N\u00e1m\u011bst\u00ed Republiky pak ale lid\u00e9 s ko\u010d\u00e1rky nebo lid\u00e9 na voz\u00edku sm\u011b\u0159uj\u00edc\u00ed d\u00e1le k nemocnici, \u0161kole a \u0161kolce na Rodkovsk\u00e9ho ulici a na dal\u0161\u00ed m\u00edsta museli obj\u00ed\u017ed\u011bt. To se nyn\u00ed zm\u011bnilo,\u201c komentoval zbudov\u00e1n\u00ed n\u00e1jezd\u016f starosta Blanska Ji\u0159\u00ed Crha.&nbsp;<\/p>\n\n\n\n<p><strong>-mka-<\/strong><\/p>\n","protected":false},"excerpt":{"rendered":"<p>Bezbari\u00e9rovost n\u00e1m\u011bst\u00ed Republiky pro ko\u010d\u00e1rky s d\u011btmi nyn\u00ed vy\u0159e\u0161ily nov\u00e9 kovov\u00e9 n\u00e1jezdy, kter\u00e9 veden\u00ed m\u011bsta nechalo instalovat na schody vedle<\/p>\n","protected":false},"author":1,"featured_media":6962,"comment_status":"open","ping_status":"closed","sticky":false,"template":"","format":"standard","meta":[],"categories":[55],"tags":[],"_links":{"self":[{"href":"https:\/\/www.monitor-bk.cz\/index.php?rest_route=\/wp\/v2\/posts\/6961"}],"collection":[{"href":"https:\/\/www.monitor-bk.cz\/index.php?rest_route=\/wp\/v2\/posts"}],"about":[{"href":"https:\/\/www.monitor-bk.cz\/index.php?rest_route=\/wp\/v2\/types\/post"}],"author":[{"embeddable":true,"href":"https:\/\/www.monitor-bk.cz\/index.php?rest_route=\/wp\/v2\/users\/1"}],"replies":[{"embeddable":true,"href":"https:\/\/www.monitor-bk.cz\/index.php?rest_route=%2Fwp%2Fv2%2Fcomments&post=6961"}],"version-history":[{"count":2,"href":"https:\/\/www.monitor-bk.cz\/index.php?rest_route=\/wp\/v2\/posts\/6961\/revisions"}],"predecessor-version":[{"id":6972,"href":"https:\/\/www.monitor-bk.cz\/index.php?rest_route=\/wp\/v2\/posts\/6961\/revisions\/6972"}],"wp:featuredmedia":[{"embeddable":true,"href":"https:\/\/www.monitor-bk.cz\/index.php?rest_route=\/wp\/v2\/media\/6962"}],"wp:attachment":[{"href":"https:\/\/www.monitor-bk.cz\/index.php?rest_route=%2Fwp%2Fv2%2Fmedia&parent=6961"}],"wp:term":[{"taxonomy":"category","embeddable":true,"href":"https:\/\/www.monitor-bk.cz\/index.php?rest_route=%2Fwp%2Fv2%2Fcategories&post=6961"},{"taxonomy":"post_tag","embeddable":true,"href":"https:\/\/www.monitor-bk.cz\/index.php?rest_route=%2Fwp%2Fv2%2Ftags&post=6961"}],"curies":[{"name":"wp","href":"https:\/\/api.w.org\/{rel}","templated":true}]}}