{"id":6856,"date":"2020-04-06T07:26:00","date_gmt":"2020-04-06T05:26:00","guid":{"rendered":"http:\/\/www.monitor-bk.cz\/?p=6856"},"modified":"2020-04-01T14:36:12","modified_gmt":"2020-04-01T12:36:12","slug":"setkani-s-kronikou-7-20","status":"publish","type":"post","link":"https:\/\/www.monitor-bk.cz\/?p=6856","title":{"rendered":"Setk\u00e1n\u00ed s kronikou 7\/20"},"content":{"rendered":"\n<figure class=\"wp-block-image size-large\"><img decoding=\"async\" loading=\"lazy\" width=\"1024\" height=\"682\" src=\"https:\/\/www.monitor-bk.cz\/wp-content\/uploads\/2017\/04\/knihovna-Blansko-1024x682.jpg\" alt=\"\" class=\"wp-image-3868\" srcset=\"https:\/\/www.monitor-bk.cz\/wp-content\/uploads\/2017\/04\/knihovna-Blansko-1024x682.jpg 1024w, https:\/\/www.monitor-bk.cz\/wp-content\/uploads\/2017\/04\/knihovna-Blansko-120x80.jpg 120w, https:\/\/www.monitor-bk.cz\/wp-content\/uploads\/2017\/04\/knihovna-Blansko-300x200.jpg 300w, https:\/\/www.monitor-bk.cz\/wp-content\/uploads\/2017\/04\/knihovna-Blansko-768x512.jpg 768w, https:\/\/www.monitor-bk.cz\/wp-content\/uploads\/2017\/04\/knihovna-Blansko.jpg 1400w\" sizes=\"(max-width: 1024px) 100vw, 1024px\" \/><\/figure>\n\n\n\n<p><strong>\tNahl\u00e9dli jsme do star\u00fdch blanensk\u00fdch kronik, jak\u00fdm zp\u016fsobem v minulosti prob\u00edhalo v\u00fdb\u011brov\u00e9 \u0159\u00edzen\u00ed nap\u0159\u00edklad na zbudov\u00e1n\u00ed vodovodu do ka\u0161ny na n\u00e1m\u011bst\u00ed Svobody. Zd\u00e1 se, \u017ee jedn\u00e1n\u00ed v t\u00e9 dob\u011b byla pom\u011brn\u011b transparentn\u00ed, ve\u0159ejnost se dozv\u011bd\u011bla p\u0159esn\u00e9 nab\u00eddky jednotliv\u00fdch firem. Za pozornost stoj\u00ed tak\u00e9 to, \u017ee vybran\u00e1 firma navrhla prov\u00e9st sv\u00e9 pr\u00e1ce za konkr\u00e9tn\u00ed \u010d\u00e1stku, ov\u0161em podle kroniky j\u00ed bylo nakonec ulo\u017eeno \u00fa\u010dtovat si \u010d\u00e1stku je\u0161t\u011b o 1500 K\u010d ni\u017e\u0161\u00ed. &nbsp;<\/strong><\/p>\n\n\n\n<p class=\"has-text-color has-vivid-red-color\"><strong>1928<\/strong><\/p>\n\n\n\n<p><strong>Hled\u00e1n\u00ed vodn\u00edch pramen\u016f z Ho\u0159ic<\/strong><\/p>\n\n\n\n<p>\tVe sch\u016fzi m\u011bst. rady dne 9. srpna 1928 usneseno na n\u00e1vrh radn\u00edch Roberta a Aug. Habe\u0161e sestaviti komisi pro zkoum\u00e1n\u00ed vodn\u00edch pramen\u016f na Ho\u0159ick\u00e9m kopci, je\u017e by byly z\u00e1sob\u00e1rnami vodn\u00edmi pro zam\u00fd\u0161len\u00fd vodovod m\u011bsta Blanska na lev\u00e9m b\u0159ehu Svitavy. Do komise jmenov\u00e1ni: hospod\u00e1\u0159 V. Nejezchleb, radn\u00ed Rob. Sta\u0159eck\u00fd, Fr. Sedl\u00e1\u010dek a Ant. Pol\u00e1\u0161ek s p\u0159izv\u00e1n\u00edm znalc\u016f J. \u0160t\u011brb\u00e1\u010dka a hajn\u00e9ho Ondrou\u0161ka.<\/p>\n\n\n\n<p><strong>P\u0159ed\u00e1n\u00ed vodovodu na St. Blansku do spr\u00e1vy obce<\/strong><\/p>\n\n\n\n<p>\tK n\u00e1vrhu hospod\u00e1\u0159e V. Nejezchleba usneseno ve sch\u016fzi m\u011bst. spr\u00e1vy 9. srpna 1928 pov\u011b\u0159iti p. Ant. Ku\u010deru, z\u00e1me\u010dn\u00edka na St. Blansku, spr\u00e1vou a dohledem na vodovod staroblanensk\u00fd a po\u017e\u00e1dati instalat\u00e9ra J. \u0160t\u011brb\u00e1\u010dka, aby jmenovan\u00e9mu p\u0159edal vodovod se v\u0161\u00edm p\u0159\u00edslu\u0161enstv\u00edm. Sou\u010dasn\u011b bude o vodovod pe\u010dovati i m\u011bstsk\u00fd hospod\u00e1\u0159 V. Nejezchleb.<\/p>\n\n\n\n<p><strong>Vodovod do ka\u0161ny na n\u00e1m\u011bst\u00ed&nbsp;<\/strong><br><strong>(nyn\u011bj\u0161\u00ed n\u00e1m\u011bst\u00ed Svobody \u2013 pozn. red.)<\/strong><\/p>\n\n\n\n<p>\tVe sch\u016fzi m\u011bst. rady dne 1. z\u00e1\u0159\u00ed 1928 bylo jednomysln\u011b usneseno prov\u00e9st z\u0159\u00edzen\u00ed nov\u00e9ho vodovodu pro ka\u0161nu na n\u00e1m\u011bst\u00ed z lou\u010dky za domem p. Rann\u00e9ho. M\u00e1 se z\u0159\u00edditi nov\u00e1 j\u00edmka a litinov\u00e9 potrub\u00ed a\u017e do ka\u0161ny na n\u00e1m\u011bst\u00ed dle n\u00e1vrhu a rozpo\u010dtu instalat\u00e9ra J. \u0160t\u011brb\u00e1\u010dka z Doln\u00ed Lhoty s tou zm\u011bnou, \u017ee potrub\u00ed nem\u00e1 m\u00edti sv\u011btlost 200 mm, jak v rozpo\u010dtu navr\u017eeno, ale toliko 80 mm, n\u00e1sledkem \u010deho\u017e se vyd\u00e1n\u00ed na potrub\u00ed zmen\u0161\u00ed o 22 400 K\u010d. Celkov\u00fd n\u00e1klad bude \u010diniti okrouhle 30 tis\u00edc K\u010d.<\/p>\n\n\n\n<p>\tBylo usneseno vyzvati k sout\u011b\u017ei se lh\u016ftou osmidenn\u00ed firmy: Emil K\u00e1\u0161 v Brn\u011b, Jan \u0160t\u011brb\u00e1\u010dek v Doln\u00ed Lhot\u011b, Samek Brno, Klein Brno a Val\u00e1ch a Vagner Brno. Celkov\u00fd n\u00e1klad se m\u00e1 uhraditi komun\u00e1ln\u00ed p\u016fj\u010dkou u n\u011bkter\u00e9 spo\u0159itelny. Stavba vodovodu m\u00e1 b\u00fdt provedena s nejv\u011bt\u0161\u00edm urychlen\u00edm. Rozpo\u010dty maj\u00ed dodati jednotliv\u00e9 firmy zdarma.<\/p>\n\n\n\n<p>\tVe sch\u016fzi m\u011bst. rady dne 13. z\u00e1\u0159\u00ed 1928 byly otev\u0159eny offerty (Oferta je n\u00e1vrh na uzav\u0159en\u00ed smlouvy. Jde o projev v\u016fle, kter\u00fd mus\u00ed b\u00fdt dostate\u010dn\u011b ur\u010dit\u00fd ohledn\u011b podstatn\u00fdch n\u00e1le\u017eitost\u00ed navrhovan\u00e9 smlouvy, mus\u00ed b\u00fdt konkr\u00e9tn\u011b adresov\u00e1n a mus\u00ed z n\u011bj vypl\u00fdvat v\u016fle navrhovatele \u2013 oferenta \u2013 pozn. red.) na z\u0159\u00edzen\u00ed vodovodu do ka\u0161ny na n\u00e1m\u011bst\u00ed. Offerta firmy Samuel Klein Brno zn\u00ed na 41 501 K\u010d, E. K\u00e1\u0161 Brno 35 710, a Jan \u0160t\u011brb\u00e1\u010dek, Dol. Lhota 33 531 K\u010d.<\/p>\n\n\n\n<p>\tM\u011bstsk\u00e1 rada se usnesla po\u017e\u00e1dati okresn\u00ed politickou spr\u00e1vu v Boskovic\u00edch za vodopr\u00e1vn\u00ed komisi.<\/p>\n\n\n\n<p>\tUsneseno na z\u00e1klad\u011b dodan\u00fdch t\u0159\u00ed offert zadati z\u0159\u00edzen\u00ed vodovodu pro ka\u0161nu na n\u00e1m\u011bst\u00ed podnikateli Janu \u0160t\u011brb\u00e1\u010dkovi, majiteli koncesse pro z\u0159izov\u00e1n\u00ed vodovod\u016f v Dol. Lhot\u011b za pau\u0161\u00e1ln\u00ed obnos 32 000 K\u010d, slovy t\u0159icet dva tis\u00edce korun \u010ds., za kter\u00fd\u017eto pen\u00edz povinnen jest Jan \u0160t\u011brb\u00e1\u010dek tento vodovod prov\u00e9sti se v\u0161\u00edm p\u0159\u00edslu\u0161enstv\u00edm a s \u00fapln\u00fdm vzorn\u00fdm proveden\u00edm dle offerty Jana \u0160t\u011brb\u00e1\u010dka ze dne 11. z\u00e1\u0159\u00ed 1928. Podnikatel jest povinnen z\u0159\u00edditi dle pokyn\u016f a p\u0159\u00edkaz\u016f stavebn\u00edho dozorce za\u0159\u00edzen\u00ed pro odbo\u010dky do ulic Ml\u00fdnsk\u00e9 a do ulice Sloupsk\u00e9, d\u00e1le na n\u00e1m\u011bst\u00ed sm\u011brem ji\u017en\u00edm za odbo\u010dkou ke ka\u0161n\u011b na n\u00e1m\u011bst\u00ed. Potrub\u00ed mus\u00ed b\u00fdti p\u0159ipojeno na ka\u0161nu tak, aby do ka\u0161ny voda dv\u011bma proudy vyt\u00e9kala zahrnuj\u00edc v to i proveden\u00e9 p\u0159ipojen\u00ed do ka\u0161ny a v ka\u0161n\u011b sam\u00e9.<\/p>\n\n\n\n<p>\tPodnikatel ru\u010d\u00ed po 2 roky za to, \u017ee vodovod bezvadn\u011b fungovati bude a ru\u010d\u00ed za pr\u00e1ci i materi\u00e1l bezv\u00fdmine\u010dn\u011b po 2 roky.<\/p>\n\n\n\n<p>\tSchv\u00e1len\u00fd obnos 32 tis\u00edce K\u010d je splatn\u00fd do m\u011bs\u00edce po \u00fa\u0159edn\u00ed kolaudaci vodovodu. Za pl\u00e1ny a rozpo\u010det nesm\u00ed p. \u0160t\u011brb\u00e1\u010dek ni\u010deho \u00fa\u010dtovati. S prac\u00ed na vodovod\u011b se za\u010dne v pond\u011bl\u00ed dne 17. z\u00e1\u0159\u00ed 1928 a cel\u00e9 d\u00edlo se dokon\u010d\u00ed nejd\u00e9le do 17. \u0159\u00edjna 1928 pod pokutou 100 K\u010d za ka\u017ed\u00fd prome\u0161kan\u00fd den. &#8211; Pr\u00e1ce byla dle ujedn\u00e1n\u00ed \u0159\u00e1dn\u011b a v\u010das provedena.<\/p>\n\n\n\n<p class=\"has-text-color has-vivid-red-color\"><strong>1929<\/strong><\/p>\n\n\n\n<p><strong>Blansko hodl\u00e1 z\u0159\u00edditi m\u011bstsk\u00fd vodovod<\/strong><\/p>\n\n\n\n<p>\tVe sch\u016fzi m\u011bstsk\u00e9 rady dne 13. \u010dervence 1929 usneseno jednati ohledn\u011b z\u00edsk\u00e1n\u00ed informac\u00ed o vodovodu pro m\u011bsto Blansko s profesorem Hlavinkou a jednati s obc\u00ed T\u011bchovem ohledn\u011b pramen\u016f na Kr\u00e1lovce a pokra\u010dovati v jedn\u00e1n\u00ed o z\u00edsk\u00e1n\u00ed pramen\u016f od obce Vav\u0159ince.<\/p>\n\n\n\n<p class=\"has-text-color has-vivid-red-color\"><strong>1930<\/strong><\/p>\n\n\n\n<p><strong>Obec pom\u00fd\u0161l\u00ed z\u0159\u00edditi vodovod<\/strong><\/p>\n\n\n\n<p>\tZemsk\u00fd \u00fa\u0159ad v Brn\u011b p\u0159\u00edpisem ze dne 7. 1. 1930 vyzval m\u011bsto Blansko, aby p\u0159isp\u011blo obnosem 63 tis\u00edc K\u010d na p\u0159\u00edpravn\u00e9 pr\u00e1ce na vybudov\u00e1n\u00ed skupinov\u00e9ho vodovodu z Velk\u00fdch Opatovic. Ve sch\u016fzi m\u011bstsk\u00e9 rady dne 6. \u00fanora 1930 bylo usneseno sd\u011bliti zemsk\u00e9mu \u00fa\u0159adu, \u017ee \u017e\u00e1dost se zam\u00edt\u00e1 z d\u016fvod\u016f finan\u010dn\u00edch, je\u017eto obnos po\u017eadovan\u00fd slo\u017eiti nelze, nebo\u0165 obecn\u00ed finance nesnesou takov\u00e9ho zat\u00ed\u017een\u00ed. &#8211; Usneseno, aby nejprve byly vyu\u017eity vody z okol\u00ed blanensk\u00e9ho pro vodovod gravita\u010dn\u00ed.<\/p>\n\n\n\n<p>\tVe sch\u016fzi m\u011bst. rady 10. \u010dervence 1930 byl pod\u00e1n refer\u00e1t o poch\u016fzce po pramenech vodovodu v les\u00edch na Star\u00e9m Blansku. Bylo usneseno pozvati instalat\u00e9ra J. \u0160t\u011brb\u00e1\u010dka k p\u0159\u00edpravn\u00fdm pracem za \u00fa\u010delem zachycen\u00ed pramene v lese \u201eU krbu\u201c a jinde a pak po\u017e\u00e1dati prof. Hlavinku o prozkoum\u00e1n\u00ed. &#8211; Ve sch\u016fzi m\u011bstsk\u00e9 rady dne 24. 7. 1930 usneseno prov\u00e9sti otev\u0159en\u00ed pramen\u016f \u010d\u00eds. 1, 2, 3, 4 a 3a) dle pl\u00e1nku p. \u0160t\u011brb\u00e1\u010dka z ceny j\u00edm offerovan\u00e9. S prac\u00ed se m\u00e1 zapo\u010d\u00edti ihned. &#8211; Dne 6. z\u00e1\u0159\u00ed 1930 bylo ve sch\u016fzi m\u011bst. rady usneseno jednati s obc\u00ed Olomu\u010dany ohledn\u011b z\u0159\u00edzen\u00ed d\u00edl\u010d\u00edho vodovodu pro m\u011bsto Blansko. Za t\u00edm \u00fa\u010delem bude m\u011bst. rada usilovati o dohodu s obc\u00ed olomu\u010danskou a podnikne do Olomu\u010dan poch\u016fzku, aby zjistila vydatnost tamn\u00edch pramen\u016f.<\/p>\n\n\n\n<p>\tSt\u00e1tn\u00ed pozemkov\u00fd \u00fa\u0159ad v Brn\u011b vyzval m\u011bsto Blansko, aby se p\u0159ipojilo k vodn\u00edmu dru\u017estvu v Doln\u00ed Lhot\u011b. Na sch\u016fzi m\u011bst. rady 4. \u0159\u00edjna 1930 bylo usneseno navrhnouti zastupitelstvu p\u0159ipojiti se k nov\u011b ustaven\u00e9mu vodn\u00edmu dru\u017estvu a u\u010diniti dotaz, pro\u010d St\u00e1t. pozemkov\u00fd \u00fa\u0159ad tuto akci vede. Z\u00e1rove\u0148 vy\u017e\u00e1d\u00e1 si m\u011bsto stanovy onoho dru\u017estva od obce Doln\u00ed Lhoty.<\/p>\n\n\n\n<p>\tVe sch\u016fzi m\u011bst. rady dne 11. listopadu 1930 bylo usneseno pozvati p. Ing. Ros\u00edka (zem. Staveb. \u00da\u0159ad), aby prozkoumal prameny vodovodn\u00ed na St. Blansku za \u00fa\u010delem ses\u00edl\u00e1n\u00ed staroblanensk\u00e9ho vodovodu.<\/p>\n\n\n\n<p>\tKrom\u011b toho m\u00e1 se ohledn\u011b v\u0161ech pramen\u016f v ho\u0159ick\u00fdch les\u00edch, m\u011bstskou radou ji\u017e komisioneln\u011b prohl\u00e9dnut\u00fdch, jako\u017e i ohledn\u011b pramen\u016f v obci T\u011bchov\u011b \u2013 Ob\u016frce, zejm\u00e9na \u201ena Kr\u00e1lovce\u201c, \u017e\u00e1dati za vodopr\u00e1vn\u00ed \u0159\u00edzen\u00ed za \u00fa\u010delem hled\u00e1n\u00ed a zkoum\u00e1n\u00ed pramen\u016f pro z\u00e1sobov\u00e1n\u00ed m\u011bsta Blanska zdravou pitnou vodou.<\/p>\n\n\n\n<p><strong>P\u0159ipraveno ve spolupr\u00e1ci&nbsp;s m\u011bstskou knihovnou<\/strong><\/p>\n","protected":false},"excerpt":{"rendered":"<p>Nahl\u00e9dli jsme do star\u00fdch blanensk\u00fdch kronik, jak\u00fdm zp\u016fsobem v minulosti prob\u00edhalo v\u00fdb\u011brov\u00e9 \u0159\u00edzen\u00ed nap\u0159\u00edklad na zbudov\u00e1n\u00ed vodovodu do ka\u0161ny na<\/p>\n","protected":false},"author":1,"featured_media":3868,"comment_status":"open","ping_status":"closed","sticky":false,"template":"","format":"standard","meta":[],"categories":[86],"tags":[],"_links":{"self":[{"href":"https:\/\/www.monitor-bk.cz\/index.php?rest_route=\/wp\/v2\/posts\/6856"}],"collection":[{"href":"https:\/\/www.monitor-bk.cz\/index.php?rest_route=\/wp\/v2\/posts"}],"about":[{"href":"https:\/\/www.monitor-bk.cz\/index.php?rest_route=\/wp\/v2\/types\/post"}],"author":[{"embeddable":true,"href":"https:\/\/www.monitor-bk.cz\/index.php?rest_route=\/wp\/v2\/users\/1"}],"replies":[{"embeddable":true,"href":"https:\/\/www.monitor-bk.cz\/index.php?rest_route=%2Fwp%2Fv2%2Fcomments&post=6856"}],"version-history":[{"count":2,"href":"https:\/\/www.monitor-bk.cz\/index.php?rest_route=\/wp\/v2\/posts\/6856\/revisions"}],"predecessor-version":[{"id":6863,"href":"https:\/\/www.monitor-bk.cz\/index.php?rest_route=\/wp\/v2\/posts\/6856\/revisions\/6863"}],"wp:featuredmedia":[{"embeddable":true,"href":"https:\/\/www.monitor-bk.cz\/index.php?rest_route=\/wp\/v2\/media\/3868"}],"wp:attachment":[{"href":"https:\/\/www.monitor-bk.cz\/index.php?rest_route=%2Fwp%2Fv2%2Fmedia&parent=6856"}],"wp:term":[{"taxonomy":"category","embeddable":true,"href":"https:\/\/www.monitor-bk.cz\/index.php?rest_route=%2Fwp%2Fv2%2Fcategories&post=6856"},{"taxonomy":"post_tag","embeddable":true,"href":"https:\/\/www.monitor-bk.cz\/index.php?rest_route=%2Fwp%2Fv2%2Ftags&post=6856"}],"curies":[{"name":"wp","href":"https:\/\/api.w.org\/{rel}","templated":true}]}}