{"id":6760,"date":"2020-03-04T11:16:32","date_gmt":"2020-03-04T10:16:32","guid":{"rendered":"http:\/\/www.monitor-bk.cz\/?p=6760"},"modified":"2020-03-16T12:19:30","modified_gmt":"2020-03-16T11:19:30","slug":"na-kave-s-martinem-polakem","status":"publish","type":"post","link":"https:\/\/www.monitor-bk.cz\/?p=6760","title":{"rendered":"Na k\u00e1v\u011b s Martinem Pol\u00e1kem"},"content":{"rendered":"\n<figure class=\"wp-block-image\"><img decoding=\"async\" loading=\"lazy\" width=\"800\" height=\"533\" src=\"https:\/\/www.monitor-bk.cz\/wp-content\/uploads\/2020\/03\/tdm_web-800x533.jpg\" alt=\"\" class=\"wp-image-6761\" srcset=\"https:\/\/www.monitor-bk.cz\/wp-content\/uploads\/2020\/03\/tdm_web-800x533.jpg 800w, https:\/\/www.monitor-bk.cz\/wp-content\/uploads\/2020\/03\/tdm_web-120x80.jpg 120w, https:\/\/www.monitor-bk.cz\/wp-content\/uploads\/2020\/03\/tdm_web-300x200.jpg 300w, https:\/\/www.monitor-bk.cz\/wp-content\/uploads\/2020\/03\/tdm_web-768x511.jpg 768w, https:\/\/www.monitor-bk.cz\/wp-content\/uploads\/2020\/03\/tdm_web.jpg 960w\" sizes=\"(max-width: 800px) 100vw, 800px\" \/><\/figure>\n\n\n\n<p><strong>Martin Pol\u00e1k je blanensk\u00fd kytarista, zp\u011bv\u00e1k a autor text\u016f a hudby v kapele The Desperate Mind, kterou jste mohli vid\u011bt nap\u0159\u00edklad na blanensk\u00e9m Morava park festu. O tom, jak t\u011b\u017ek\u00e1 je cesta ke sl\u00e1v\u011b, o nov\u00e9 desce, ale i o na\u0161em m\u011bst\u011b bude dne\u0161n\u00ed rozhovor.<\/strong><\/p>\n\n\n\n<p><strong>\tJsi z Blanska, ale bydl\u00ed\u0161 v Brn\u011b. Jak\u00fd je tv\u016fj vztah k na\u0161emu m\u011bstu?<\/strong><\/p>\n\n\n\n<p>\tV Blansku jsem vyr\u016fstal a \u017eil a\u017e do srpna lo\u0148sk\u00e9ho roku. Do Brna jsem se p\u0159est\u011bhoval p\u0159edev\u0161\u00edm kv\u016fli kapele. Kluci bydl\u00ed v Brn\u011b, nav\u00edc tam pracuji, tak to bylo docela logick\u00e9. Jsme te\u010f v\u0161ichni v jednom m\u011bst\u011b, co\u017e je jednodu\u0161\u0161\u00ed vzhledem ke spole\u010dn\u00fdm zkou\u0161k\u00e1m, doj\u00ed\u017ed\u011bn\u00ed na koncerty atd. Ale v Blansku jsem velmi \u010dasto, m\u00e1m tu rodinu, kamar\u00e1dy. Blansko je m\u016fj domov, moje srdcov\u00e9 m\u011bsto, kam se budu v\u017edycky r\u00e1d vracet.<\/p>\n\n\n\n<p><strong>\tKdy jsi za\u010dal s muzikou?<\/strong><\/p>\n\n\n\n<p>\tJako kluk jsem hodn\u011b koukal na videa na internetu, muzika m\u011b stra\u0161n\u011b bavila, tak jsem za\u010dal chodit na kytaru do ZU\u0160ky v Blansku. Tam jsem ale hned zjistil, \u017ee to bude o not\u00e1ch a etud\u00e1ch, tak jsem toho nechal hned po prvn\u00ed hodin\u011b a zkou\u0161el to s\u00e1m.<\/p>\n\n\n\n<p> S kapelou jsme za\u010dali hr\u00e1t v roce 2011, kdy\u017e mi bylo patn\u00e1ct. Na\u0161i mi koupili prvn\u00ed kytaru, co\u017e bylo naprosto kl\u00ed\u010dov\u00e9 a jsem jim za to dodnes vd\u011b\u010dn\u00fd. Taky to dalo dost p\u0159emlouv\u00e1n\u00ed \ud83d\ude42 M\u011bli jsme kapelu, nikdo z n\u00e1s na n\u00e1stroj moc hr\u00e1t neum\u011bl, a tak \u0161lo ze za\u010d\u00e1tku o takovou sp\u00ed\u0161 legraci. Postupn\u011b jsme se ale za\u010dali zlep\u0161ovat, za\u010dali jsme ps\u00e1t vlastn\u00ed p\u00edsni\u010dky a \u00fapln\u011b jsme muzice propadli.<\/p>\n\n\n\n<p class=\"has-text-color has-very-dark-gray-color\"><strong><a href=\"https:\/\/www.monitor-bk.cz\/noviny\/mon0520_web.pdf\">Cel\u00fd rozhovor si m\u016f\u017eete p\u0159e\u010d\u00edst v ti\u0161t\u011bn\u00e9 verzi nebo st\u00e1hnout ZDE.<\/a><\/strong><\/p>\n","protected":false},"excerpt":{"rendered":"<p>Martin Pol\u00e1k je blanensk\u00fd kytarista, zp\u011bv\u00e1k a autor text\u016f a hudby v kapele The Desperate Mind, kterou jste mohli vid\u011bt<\/p>\n","protected":false},"author":1,"featured_media":6761,"comment_status":"open","ping_status":"closed","sticky":false,"template":"","format":"standard","meta":[],"categories":[14,16],"tags":[],"_links":{"self":[{"href":"https:\/\/www.monitor-bk.cz\/index.php?rest_route=\/wp\/v2\/posts\/6760"}],"collection":[{"href":"https:\/\/www.monitor-bk.cz\/index.php?rest_route=\/wp\/v2\/posts"}],"about":[{"href":"https:\/\/www.monitor-bk.cz\/index.php?rest_route=\/wp\/v2\/types\/post"}],"author":[{"embeddable":true,"href":"https:\/\/www.monitor-bk.cz\/index.php?rest_route=\/wp\/v2\/users\/1"}],"replies":[{"embeddable":true,"href":"https:\/\/www.monitor-bk.cz\/index.php?rest_route=%2Fwp%2Fv2%2Fcomments&post=6760"}],"version-history":[{"count":1,"href":"https:\/\/www.monitor-bk.cz\/index.php?rest_route=\/wp\/v2\/posts\/6760\/revisions"}],"predecessor-version":[{"id":6762,"href":"https:\/\/www.monitor-bk.cz\/index.php?rest_route=\/wp\/v2\/posts\/6760\/revisions\/6762"}],"wp:featuredmedia":[{"embeddable":true,"href":"https:\/\/www.monitor-bk.cz\/index.php?rest_route=\/wp\/v2\/media\/6761"}],"wp:attachment":[{"href":"https:\/\/www.monitor-bk.cz\/index.php?rest_route=%2Fwp%2Fv2%2Fmedia&parent=6760"}],"wp:term":[{"taxonomy":"category","embeddable":true,"href":"https:\/\/www.monitor-bk.cz\/index.php?rest_route=%2Fwp%2Fv2%2Fcategories&post=6760"},{"taxonomy":"post_tag","embeddable":true,"href":"https:\/\/www.monitor-bk.cz\/index.php?rest_route=%2Fwp%2Fv2%2Ftags&post=6760"}],"curies":[{"name":"wp","href":"https:\/\/api.w.org\/{rel}","templated":true}]}}