{"id":6564,"date":"2020-02-29T21:43:12","date_gmt":"2020-02-29T20:43:12","guid":{"rendered":"http:\/\/www.monitor-bk.cz\/?p=6564"},"modified":"2020-03-02T20:36:13","modified_gmt":"2020-03-02T19:36:13","slug":"vodni-zachranari-zdolavali-dve-ste-padesat-metru","status":"publish","type":"post","link":"https:\/\/www.monitor-bk.cz\/?p=6564","title":{"rendered":"Vodn\u00ed z\u00e1chran\u00e1\u0159i zdol\u00e1vali dv\u011b st\u011b pades\u00e1t metr\u016f"},"content":{"rendered":"\n<figure class=\"wp-block-image\"><img decoding=\"async\" loading=\"lazy\" width=\"800\" height=\"532\" src=\"https:\/\/www.monitor-bk.cz\/wp-content\/uploads\/2020\/02\/DSC03566-800x532.jpg\" alt=\"\" class=\"wp-image-6565\" srcset=\"https:\/\/www.monitor-bk.cz\/wp-content\/uploads\/2020\/02\/DSC03566-800x532.jpg 800w, https:\/\/www.monitor-bk.cz\/wp-content\/uploads\/2020\/02\/DSC03566-120x80.jpg 120w, https:\/\/www.monitor-bk.cz\/wp-content\/uploads\/2020\/02\/DSC03566-300x199.jpg 300w, https:\/\/www.monitor-bk.cz\/wp-content\/uploads\/2020\/02\/DSC03566-768x511.jpg 768w\" sizes=\"(max-width: 800px) 100vw, 800px\" \/><figcaption>Vodn\u00ed z\u00e1chran\u00e1\u0159i pom\u011b\u0159ili s\u00edly v Blanensk\u00e9 dv\u011bst\u011bpades\u00e1tce<\/figcaption><\/figure>\n\n\n\n<p><strong>Borci a borkyn\u011b z&nbsp;cel\u00e9\nrepubliky se op\u011bt po roce sjeli do Blanska, aby pom\u011b\u0159ili s\u00edly v&nbsp;n\u00e1ro\u010dn\u00e9m z\u00e1vod\u011b\nBlanensk\u00e1 dv\u011bst\u011bpades\u00e1tka. \u010cty\u0159iadvac\u00e1t\u00fd ro\u010dn\u00edk se konal v&nbsp;blanensk\u00e9m kryt\u00e9m\nbaz\u00e9nu v&nbsp;sobotu 29. \u00fanora. <\/strong><\/p>\n\n\n\n<p>Jednotliv\u00e9 etapy z\u00e1vodu maj\u00ed simulovat r\u016fzn\u00e9 \u00fakony p\u0159i\nz\u00e1chran\u00e1\u0159sk\u00fdch akc\u00edch ve vod\u011b. Proto na jeho za\u010d\u00e1tku z\u00e1vodn\u00edk h\u00e1z\u00ed p\u011bnovou\npodkovou na b\u00f3jku vzd\u00e1lenou sedm metr\u016f od b\u0159ehu, jakoby h\u00e1zel z\u00e1chranu tonouc\u00ed\nosob\u011b. Je oble\u010den v&nbsp;mokr\u00e9m pracovn\u00edm od\u011bvu. Po t\u0159ech hodech sk\u00e1\u010de do vody\na plave prvn\u00edch pades\u00e1t metr\u016f. Na konci prvn\u00ed pades\u00e1tky si mus\u00ed bl\u016fzu i kalhoty\npod vodou sundat, ani\u017e by se n\u011b\u010deho dr\u017eel, a hodit na b\u0159eh tak, aby \u017e\u00e1dn\u00e1 \u010d\u00e1st\nvyhozen\u00e9ho od\u011bvu nep\u0159esahovala vnit\u0159n\u00ed okraj baz\u00e9nu. <\/p>\n\n\n\n<p>Pak si zaplave dal\u0161\u00edch pades\u00e1t metr\u016f a nasad\u00ed si pot\u00e1p\u011b\u010dsk\u00e9 br\u00fdle\na ploutve. Ze \u010dty\u0159metrov\u00e9 hloubky vylov\u00ed cihlu, s&nbsp;n\u00ed\u017e uplave dal\u0161\u00ed dv\u011b\nd\u00e9lky baz\u00e9nu. P\u0159i \u010dtvrt\u00e9 p\u011btin\u011b z\u00e1vodu plave s&nbsp;barelem napln\u011bn\u00fdm vodou.\nMus\u00ed jej dr\u017eet ob\u011bma rukama, jakoby zachra\u0148oval tonouc\u00edho \u010dlov\u011bka. Na za\u010d\u00e1tku\nposledn\u00ed pades\u00e1tky se plavec pono\u0159\u00ed pod b\u00f3jku, pod n\u00ed\u017e se nach\u00e1z\u00ed z\u00e1v\u011bsn\u00fd ko\u0161.\nZ&nbsp;n\u011bj vyt\u00e1hne puk, doplave s&nbsp;n\u00edm na konec baz\u00e9nu, kde jej polo\u017e\u00ed na\nokraj. Zb\u00fdv\u00e1 mu posledn\u00ed d\u00e9lka baz\u00e9nu a je v&nbsp;c\u00edli. <\/p>\n\n\n\n<p>-mka-<\/p>\n\n\n<figure class=\"wp-block-embed-youtube wp-block-embed is-type-video is-provider-youtube\"><div class=\"lyte-wrapper fourthree\" style=\"width:420px;max-width:100%;margin:5px;\"><div class=\"lyMe\" id=\"WYL_oCLH6TmVRfQ\"><div id=\"lyte_oCLH6TmVRfQ\" data-src=\"\/\/i.ytimg.com\/vi\/oCLH6TmVRfQ\/hqdefault.jpg\" class=\"pL\"><div class=\"tC\"><div class=\"tT\"><\/div><\/div><div class=\"play\"><\/div><div class=\"ctrl\"><div class=\"Lctrl\"><\/div><div class=\"Rctrl\"><\/div><\/div><\/div><noscript><a href=\"https:\/\/youtu.be\/oCLH6TmVRfQ\" rel=\"nofollow\"><img src=\"https:\/\/i.ytimg.com\/vi\/oCLH6TmVRfQ\/0.jpg\" alt=\"\" width=\"420\" height=\"295\" \/><br \/>Watch this video on YouTube<\/a><\/noscript><\/div><\/div><div class=\"lL\" style=\"max-width:100%;width:420px;margin:5px;\"><\/div><figcaption><\/figcaption><\/figure>\n\n\n[ngg src=&#8220;galleries&#8220; ids=&#8220;11&#8243; display=&#8220;basic_thumbnail&#8220; thumbnail_crop=&#8220;0&#8243;]\n","protected":false},"excerpt":{"rendered":"<p>Borci a borkyn\u011b z&nbsp;cel\u00e9 republiky se op\u011bt po roce sjeli do Blanska, aby pom\u011b\u0159ili s\u00edly v&nbsp;n\u00e1ro\u010dn\u00e9m z\u00e1vod\u011b Blanensk\u00e1 dv\u011bst\u011bpades\u00e1tka. \u010cty\u0159iadvac\u00e1t\u00fd<\/p>\n","protected":false},"author":1067,"featured_media":6565,"comment_status":"open","ping_status":"closed","sticky":false,"template":"","format":"standard","meta":[],"categories":[6],"tags":[],"_links":{"self":[{"href":"https:\/\/www.monitor-bk.cz\/index.php?rest_route=\/wp\/v2\/posts\/6564"}],"collection":[{"href":"https:\/\/www.monitor-bk.cz\/index.php?rest_route=\/wp\/v2\/posts"}],"about":[{"href":"https:\/\/www.monitor-bk.cz\/index.php?rest_route=\/wp\/v2\/types\/post"}],"author":[{"embeddable":true,"href":"https:\/\/www.monitor-bk.cz\/index.php?rest_route=\/wp\/v2\/users\/1067"}],"replies":[{"embeddable":true,"href":"https:\/\/www.monitor-bk.cz\/index.php?rest_route=%2Fwp%2Fv2%2Fcomments&post=6564"}],"version-history":[{"count":3,"href":"https:\/\/www.monitor-bk.cz\/index.php?rest_route=\/wp\/v2\/posts\/6564\/revisions"}],"predecessor-version":[{"id":6687,"href":"https:\/\/www.monitor-bk.cz\/index.php?rest_route=\/wp\/v2\/posts\/6564\/revisions\/6687"}],"wp:featuredmedia":[{"embeddable":true,"href":"https:\/\/www.monitor-bk.cz\/index.php?rest_route=\/wp\/v2\/media\/6565"}],"wp:attachment":[{"href":"https:\/\/www.monitor-bk.cz\/index.php?rest_route=%2Fwp%2Fv2%2Fmedia&parent=6564"}],"wp:term":[{"taxonomy":"category","embeddable":true,"href":"https:\/\/www.monitor-bk.cz\/index.php?rest_route=%2Fwp%2Fv2%2Fcategories&post=6564"},{"taxonomy":"post_tag","embeddable":true,"href":"https:\/\/www.monitor-bk.cz\/index.php?rest_route=%2Fwp%2Fv2%2Ftags&post=6564"}],"curies":[{"name":"wp","href":"https:\/\/api.w.org\/{rel}","templated":true}]}}