{"id":6389,"date":"2020-02-20T07:56:10","date_gmt":"2020-02-20T06:56:10","guid":{"rendered":"http:\/\/www.monitor-bk.cz\/?p=6389"},"modified":"2020-02-20T09:05:17","modified_gmt":"2020-02-20T08:05:17","slug":"blanenske-vikendove-tipy-6","status":"publish","type":"post","link":"https:\/\/www.monitor-bk.cz\/?p=6389","title":{"rendered":"Blanensk\u00e9 v\u00edkendov\u00e9 tipy"},"content":{"rendered":"\n<h3 class=\"wp-block-heading\"><strong>Kino<\/strong><\/h3>\n\n\n\n<p>P\u00e1tek 21. 2. 2020 \u2013 17.30 hod.: <a href=\"https:\/\/blansko.koupitvstupenku.cz\/detail?uid=gyhei2dsXyhpbXerJMFvr9H42ZRUN6u8&amp;pm=600100&amp;id=6512\" target=\"_blank\" rel=\"noreferrer noopener\" aria-label=\" (opens in a new tab)\">Je\u017eek Sonic<\/a><\/p>\n\n\n\n<p>P\u00e1tek 21. 2. 2020 \u2013 20.00 hod.: <a href=\"https:\/\/blansko.koupitvstupenku.cz\/detail?uid=gyhei2dsXyhpbXerJMFvr9H42ZRUN6u8&amp;pm=600100&amp;id=6513\" target=\"_blank\" rel=\"noreferrer noopener\" aria-label=\" (opens in a new tab)\">Chlap na st\u0159\u00edda\u010dku<\/a><\/p>\n\n\n\n<p>Sobota 22. 2. 2020 \u2013 17.30 hod.: <a href=\"https:\/\/blansko.koupitvstupenku.cz\/detail?uid=gyhei2dsXyhpbXerJMFvr9H42ZRUN6u8&amp;pm=600100&amp;id=6514\" target=\"_blank\" rel=\"noreferrer noopener\" aria-label=\" (opens in a new tab)\">Je\u017eek Sonic<\/a><\/p>\n\n\n\n<p>Sobota 22. 2. 2020 \u2013 20.00 hod.: <a href=\"https:\/\/blansko.koupitvstupenku.cz\/detail?uid=gyhei2dsXyhpbXerJMFvr9H42ZRUN6u8&amp;pm=600100&amp;id=6515\" target=\"_blank\" rel=\"noreferrer noopener\" aria-label=\" (opens in a new tab)\">Chlap na st\u0159\u00edda\u010dku<\/a><\/p>\n\n\n\n<p>Ned\u011ble 23. 2. 2020 \u2013 16.00 hod.: <a href=\"https:\/\/blansko.koupitvstupenku.cz\/detail?uid=gyhei2dsXyhpbXerJMFvr9H42ZRUN6u8&amp;pm=600100&amp;id=6516\" target=\"_blank\" rel=\"noreferrer noopener\" aria-label=\" (opens in a new tab)\">Tlapkov\u00e1 patrola: V\u017edy ve st\u0159ehu<\/a><\/p>\n\n\n\n<p>Ned\u011ble 23. 2. 2020 \u2013 17.30 hod.: <a href=\"https:\/\/blansko.koupitvstupenku.cz\/detail?uid=gyhei2dsXyhpbXerJMFvr9H42ZRUN6u8&amp;pm=600100&amp;id=6517\" target=\"_blank\" rel=\"noreferrer noopener\" aria-label=\" (opens in a new tab)\">Je\u017eek Sonic<\/a><\/p>\n\n\n\n<p>Ned\u011ble 23. 2. 2020 \u2013 20.00 hod.: <a href=\"https:\/\/blansko.koupitvstupenku.cz\/detail?uid=gyhei2dsXyhpbXerJMFvr9H42ZRUN6u8&amp;pm=600100&amp;id=6518\" target=\"_blank\" rel=\"noreferrer noopener\" aria-label=\" (opens in a new tab)\">Judy<\/a><\/p>\n\n\n\n<h3 class=\"wp-block-heading\">Plesy<\/h3>\n\n\n\n<p><strong>P\u00e1tek 21. 2. 2020 \u2013\n20.00 hod.: \u0160ib\u0159inky \u2013 Ma\u0161karn\u00ed ples<\/strong><\/p>\n\n\n\n<p>Katolick\u00fd d\u016fm Blansko<\/p>\n\n\n\n<p>Srde\u010dn\u011b zveme na\nma\u0161karn\u00ed ples pln\u00fd z\u00e1bavy a&nbsp;bohat\u00e9ho programu, o&nbsp;kter\u00fd se postar\u00e1\nDraka\u0165\u00e1k za hudebn\u00edho doprovodu \u017eiv\u00e9 kapely Sprint.<\/p>\n\n\n\n<h3 class=\"wp-block-heading\">Ostatn\u00ed <\/h3>\n\n\n\n<p><strong>P\u00e1tek 21. 2. 2020 \u2013\n19.00 hod.: Na Stoj\u00e1ka<\/strong><\/p>\n\n\n\n<p>D\u011blnick\u00fd d\u016fm<\/p>\n\n\n\n<p>D\u011bln\u00edci \u010desk\u00e9ho standupu toti\u017e pardon \u0161lechta vystoup\u00ed 21.2. od\n19:00 v&nbsp;D\u011blnick\u00e9m Dom\u011b v&nbsp;Blansku a&nbsp;to jmenovit\u011b Luk\u00e1\u0161 Pavl\u00e1sek,\nAd\u00e9la Elbel a&nbsp;Pavel Tome\u0161! \u010ce\u0161\u00edme se taam!<\/p>\n\n\n\n<p><strong>P\u00e1tek 21. 2. 2020 \u2013\n21.00 hod.: Na Stoj\u00e1ka<\/strong><\/p>\n\n\n\n<p>D\u011blnick\u00fd d\u016fm<\/p>\n\n\n\n<p>D\u011bln\u00edci \u010desk\u00e9ho standupu toti\u017e pardon \u0161lechta vystoup\u00ed 21.2. od\n19:00 v&nbsp;D\u011blnick\u00e9m Dom\u011b v&nbsp;Blansku a&nbsp;to jmenovit\u011b Luk\u00e1\u0161 Pavl\u00e1sek,\nAd\u00e9la Elbel a&nbsp;Pavel Tome\u0161! \u010ce\u0161\u00edme se taam!<\/p>\n\n\n\n<p><strong>Ned\u011ble 23. 2. 2020 \u2013\n14.00 hod.: D\u011btsk\u00fd karneval <\/strong><\/p>\n\n\n\n<p>Katolick\u00fd d\u016fm<\/p>\n\n\n\n<p>Kolpingova rodina a&nbsp;Spole\u010dnost katolick\u00e9ho domu v&nbsp;Blansku\npo\u0159\u00e1daj\u00ed&nbsp;<strong>D\u011btsk\u00fd karneval<\/strong>&nbsp;v&nbsp;ned\u011bli\n23.&nbsp;\u00fanora 2020 od 14 hod.<\/p>\n\n\n\n<p>Na co se m\u016f\u017eete&nbsp; t\u011b\u0161it:<\/p>\n\n\n\n<ul><li>sout\u011b\u017ee,<\/li><li>tanec,<\/li><li>rej masek,<\/li><li>hry,<\/li><li>tombola.<\/li><\/ul>\n\n\n\n<p>Vstupn\u00e9: dosp\u011bl\u00ed 50&nbsp;K\u010d, d\u011bti 20&nbsp;K\u010d.<\/p>\n\n\n\n<h3 class=\"wp-block-heading\">Sport <\/h3>\n\n\n\n<p><strong>P\u00e1tek 21. 2. 2020 \u2013\n18.00 hod.: Mu\u017ei B: KK Blansko vs. TJ Bojkovice Krons<\/strong><\/p>\n\n\n\n<p>Ku\u017eelna, \u00dadoln\u00ed 8a, Blansko<\/p>\n\n\n\n<p><strong>Sobota 22. 2. 2020 \u2013\n10.00 hod.: \u017deny A: KK Blansko vs. SKK N\u00e1chod<\/strong><\/p>\n\n\n\n<p>Ku\u017eelna, \u00dadoln\u00ed 8a, Blansko<\/p>\n\n\n\n<p><strong>Sobota 22. 2. 2020 \u2013\n12.45 hod.: Mu\u017ei A: KK Blansko vs. Horn\u00ed Bene\u0161ov A<\/strong><\/p>\n\n\n\n<p>Ku\u017eelna, \u00dadoln\u00ed 8a, Blansko<\/p>\n\n\n\n<p><strong>Sobota 22. 2. 2020 \u2013\n11.00 hod.: P\u0159\u00edpravn\u00fd duel: Blansko \u2013 Znojmo <\/strong><\/p>\n\n\n\n<p>Sportovn\u00ed ostrov Ludv\u00edka Da\u0148ka<\/p>\n\n\n\n<h3 class=\"wp-block-heading\">Dlouhodob\u00e9 v\u00fdstavy <\/h3>\n\n\n\n<p><strong>Do 27. \u00fanora 2020:\nM\u011bstsk\u00e1 knihovna Blansko (multifunk\u010dn\u00ed m\u00edstnost)<\/strong><\/p>\n\n\n\n<p>Sv. Martin v&nbsp;b\u011bhu \u010dasu<\/p>\n\n\n\n<p>Kostel sv. Martina letos oslav\u00ed ji\u017e 880 let. Mlad\u00ed\ntalentovan\u00ed v\u00fdtvarn\u00edci a keramici pod taktovkou pedagog\u016f v\u00fdtvarn\u00e9ho ateli\u00e9ru\nZU\u0160 Blansko vytvo\u0159ili jedine\u010dnou v\u00fdstavu na toto t\u00e9ma. <\/p>\n\n\n\n<p><strong>Do 29. \u00fanora 2020:\nD\u016fm p\u0159\u00edrody Moravsk\u00e9ho krasu<\/strong><\/p>\n\n\n\n<p>V\u00fdstava v\u00e1penc\u016f geologa Ing. Ji\u0159\u00edho \u0160afa\u0159\u00edka, CSc. <\/p>\n\n\n\n<p><strong>Do 29. \u00fanora 2020:\nFoyer kina: <\/strong><\/p>\n\n\n\n<p>V\u00fdstava fotosout\u011b\u017ee Zpravodaje m\u011bsta Blanska \u201ePodzim na\nBlanensku\u201c<\/p>\n\n\n\n<p><strong>Do 15. b\u0159ezna 2020: Galerie m\u011bsta Blanska<\/strong><\/p>\n\n\n\n<p>V\u00fdstava maleb, kreseb a&nbsp;akvarel\u016f Zde\u0148ka T\u00e1borsk\u00e9ho je\npojat\u00e1 jako m\u00edstopis Blanska a&nbsp;okol\u00ed.<\/p>\n","protected":false},"excerpt":{"rendered":"<p>Kino P\u00e1tek 21. 2. 2020 \u2013 17.30 hod.: Je\u017eek Sonic P\u00e1tek 21. 2. 2020 \u2013 20.00 hod.: Chlap na st\u0159\u00edda\u010dku<\/p>\n","protected":false},"author":1067,"featured_media":6390,"comment_status":"open","ping_status":"closed","sticky":false,"template":"","format":"standard","meta":[],"categories":[5,25],"tags":[],"_links":{"self":[{"href":"https:\/\/www.monitor-bk.cz\/index.php?rest_route=\/wp\/v2\/posts\/6389"}],"collection":[{"href":"https:\/\/www.monitor-bk.cz\/index.php?rest_route=\/wp\/v2\/posts"}],"about":[{"href":"https:\/\/www.monitor-bk.cz\/index.php?rest_route=\/wp\/v2\/types\/post"}],"author":[{"embeddable":true,"href":"https:\/\/www.monitor-bk.cz\/index.php?rest_route=\/wp\/v2\/users\/1067"}],"replies":[{"embeddable":true,"href":"https:\/\/www.monitor-bk.cz\/index.php?rest_route=%2Fwp%2Fv2%2Fcomments&post=6389"}],"version-history":[{"count":2,"href":"https:\/\/www.monitor-bk.cz\/index.php?rest_route=\/wp\/v2\/posts\/6389\/revisions"}],"predecessor-version":[{"id":6392,"href":"https:\/\/www.monitor-bk.cz\/index.php?rest_route=\/wp\/v2\/posts\/6389\/revisions\/6392"}],"wp:featuredmedia":[{"embeddable":true,"href":"https:\/\/www.monitor-bk.cz\/index.php?rest_route=\/wp\/v2\/media\/6390"}],"wp:attachment":[{"href":"https:\/\/www.monitor-bk.cz\/index.php?rest_route=%2Fwp%2Fv2%2Fmedia&parent=6389"}],"wp:term":[{"taxonomy":"category","embeddable":true,"href":"https:\/\/www.monitor-bk.cz\/index.php?rest_route=%2Fwp%2Fv2%2Fcategories&post=6389"},{"taxonomy":"post_tag","embeddable":true,"href":"https:\/\/www.monitor-bk.cz\/index.php?rest_route=%2Fwp%2Fv2%2Ftags&post=6389"}],"curies":[{"name":"wp","href":"https:\/\/api.w.org\/{rel}","templated":true}]}}