{"id":5723,"date":"2019-11-04T21:51:30","date_gmt":"2019-11-04T20:51:30","guid":{"rendered":"http:\/\/www.monitor-bk.cz\/?p=5723"},"modified":"2019-11-04T21:54:56","modified_gmt":"2019-11-04T20:54:56","slug":"v-katolickem-dome-zahraje-a-zazpiva-bara-zmekova","status":"publish","type":"post","link":"https:\/\/www.monitor-bk.cz\/?p=5723","title":{"rendered":"V Katolick\u00e9m dom\u011b zahraje a zazp\u00edv\u00e1 B\u00e1ra Zmekov\u00e1"},"content":{"rendered":"<p><strong><a href=\"https:\/\/www.monitor-bk.cz\/wp-content\/uploads\/2019\/11\/BZ_autor_Julia_Palmu_1.jpg\"><img decoding=\"async\" loading=\"lazy\" class=\"alignnone wp-image-5725 size-full\" src=\"https:\/\/www.monitor-bk.cz\/wp-content\/uploads\/2019\/11\/BZ_autor_Julia_Palmu_1.jpg\" alt=\"\" width=\"1400\" height=\"934\" srcset=\"https:\/\/www.monitor-bk.cz\/wp-content\/uploads\/2019\/11\/BZ_autor_Julia_Palmu_1.jpg 1400w, https:\/\/www.monitor-bk.cz\/wp-content\/uploads\/2019\/11\/BZ_autor_Julia_Palmu_1-120x80.jpg 120w, https:\/\/www.monitor-bk.cz\/wp-content\/uploads\/2019\/11\/BZ_autor_Julia_Palmu_1-300x200.jpg 300w, https:\/\/www.monitor-bk.cz\/wp-content\/uploads\/2019\/11\/BZ_autor_Julia_Palmu_1-768x512.jpg 768w, https:\/\/www.monitor-bk.cz\/wp-content\/uploads\/2019\/11\/BZ_autor_Julia_Palmu_1-800x534.jpg 800w\" sizes=\"(max-width: 1400px) 100vw, 1400px\" \/><\/a>V\u00a0sobotu 23. listopadu v\u00a019 hodin vystoup\u00ed v\u00a0Katolick\u00e9m dom\u011b v\u00a0Blansku zp\u011bva\u010dka, skladatelka a multiinstrumentalistka B\u00e1ra Zmekov\u00e1. Jej\u00ed hudebn\u00ed \u017e\u00e1nr se pohybuje mezi jazzem, folkem, klasickou hudbou a jemnou elektronikou. \u201eK\u0159ehkost a nal\u00e9havost odleh\u010duje humorem a nadhledem, plynule p\u0159ech\u00e1z\u00ed od klav\u00edru k\u00a0elektrick\u00e9mu pianu, syntez\u00e1toru nebo kyta\u0159e,\u201c p\u00ed\u0161e na sv\u00fdch webov\u00fdch str\u00e1nk\u00e1ch. <\/strong><\/p>\n<p><strong>Va\u0161e vystupov\u00e1n\u00ed na ve\u0159ejnosti odstartovalo vyd\u00e1n\u00ed prvn\u00edho alba Je\u0161t\u011b kousek v\u00a0roce 2013, nebo jste se u\u017e p\u0159edt\u00edm \u00fa\u010dastnila sout\u011b\u017e\u00ed \u010di po\u0159\u00e1dala koncerty? <\/strong><\/p>\n<p>Koncertovala jsem u\u017e n\u011bkolik let p\u0159ed t\u00edm, ne\u017e album Je\u0161t\u011b kousek vy\u0161lo. \u00dapln\u011b prvn\u00ed koncert, kter\u00fd mi utkv\u011bl v pam\u011bti, jsem uspo\u0159\u00e1dala v roce 2009. A Je\u0161t\u011b kousek vznikl vlastn\u011b pr\u00e1v\u011b d\u00edky tomu, \u017ee jsem p\u00edsn\u011b o p\u00e1r let pozd\u011bji hr\u00e1la u pi\u00e1na na jedn\u00e9 narozeninov\u00e9 oslav\u011b, kde je shodou v\u0161ech n\u00e1hod nebo mo\u017en\u00e1 \u0159\u00edzen\u00edm vesm\u00edru sly\u0161el Ondra Je\u017eek ze studia J\u00e1mor. Pr\u00e1v\u011b ten umo\u017enil cel\u00e9mu album vzniknout. Dodnes vlastn\u011b nev\u00edm, jak je mo\u017en\u00e9, \u017ee jsem dostala takovou podporu od tak skv\u011bl\u00e9ho um\u011blce zvuku a po\u0159\u00e1d z toho m\u00e1m radost.<\/p>\n<p><strong>M\u00e1te za sebou mnoho zaj\u00edmav\u00fdch \u00fasp\u011bch\u016f a vystoupen\u00ed. D\u00e1 si \u0159\u00edct, kter\u00fdch si cen\u00edte nejv\u00edc, nebo co pro v\u00e1s bylo zvl\u00e1\u0161tn\u00ed zku\u0161enost\u00ed?\u00a0 <\/strong><\/p>\n<p>Bylo jich opravdu hodn\u011b a m\u00e1lokter\u00fd z nich nebyl n\u011b\u010d\u00edm d\u016fle\u017eit\u00fd. Do posledn\u00edho detailu zn\u00e1m p\u0159\u00edb\u011bhovou linku koncert\u016f, kter\u00e9 m\u011b od farm\u00e1\u0159sk\u00fdch trh\u016f dovedly a\u017e na vysn\u011bn\u00e9 Colours of Ostrava. Za\u017eila jsem velk\u00e9 a kr\u00e1sn\u00e9 koncerty, kter\u00e9 m\u011b posunuly, ale z\u00e1rove\u0148 m\u00e1m za sebou i n\u011bkolik takov\u00fdch, kter\u00e9 byly trochu jako no\u010dn\u00ed m\u016fra. A ty bych je\u0161t\u011b v\u00edc za nic nem\u011bnila, proto\u017ee jim vd\u011b\u010d\u00edm za lekce nejv\u011bt\u0161\u00ed. U\u010d\u00edm se v tom v\u0161em hledat v sob\u011b n\u011bco stabiln\u00edho, aby prostor, zvuk, \u010das nebo nep\u0159\u00edze\u0148 nemohly hudb\u011b p\u0159ek\u00e1\u017eet. Moment\u00e1ln\u011b jsem moc zv\u011bdav\u00e1, jak se prolneme s brn\u011bnsk\u00fdm Mahenov\u00fdm divadlem, kde 21. prosince budeme hr\u00e1t v\u00e1no\u010dn\u00ed koncert. Pova\u017euji to za v\u00fdjime\u010dnou p\u0159\u00edle\u017eitost.<\/p>\n<p><strong>Lidovky o v\u00e1s napsaly: \u201eNejd\u016fle\u017eit\u011bj\u0161\u00ed ov\u0161em z\u016fst\u00e1v\u00e1 samotn\u00e1 atmosf\u00e9ra p\u00edsn\u00ed. Pocit n\u011bkde mezi zasn\u011bnost\u00ed, neban\u00e1ln\u00edmi d\u00edv\u010d\u00edmi zpov\u011b\u010fmi, melancholi\u00ed a jistou sympatickou potrhlost\u00ed i po\u0165ouchlost\u00ed.\u201c Ztoto\u017e\u0148ujete se s\u00a0t\u00edmto popisem? <\/strong><\/p>\n<p>Jsem v\u017edycky r\u00e1da, kdy\u017e nemus\u00edm hledat popis sv\u00e9 hudby sama, st\u00e1le pro ni neum\u00edm naj\u00edt spr\u00e1vnou krabi\u010dku nebo n\u00e1lepku. A i kdy\u017e to nen\u00ed zrovna praktick\u00e9, jsem vlastn\u011b r\u00e1da, \u017ee se t\u011b\u017eko popisuje, proto\u017ee to m\u016f\u017ee znamenat, \u017ee je n\u011b\u010d\u00edm origin\u00e1ln\u00ed a jin\u00e1. Zrovna v tomto p\u0159\u00edpad\u011b nec\u00edt\u00edm s popisem \u017e\u00e1dn\u00fd rozpor. Ta trocha po\u0165ouchlosti m\u011b i t\u011b\u0161\u00ed.<\/p>\n<p><strong>Jak\u00e1 byla va\u0161e osobn\u00ed cesta k\u00a0hudb\u011b? Za\u010dala jste jako mal\u00e1 nav\u0161t\u011bvovat hudebku na popud rodi\u010d\u016f, nebo to bylo jinak? <\/strong><\/p>\n<p>Kdy\u017e jsem byla je\u0161t\u011b hodn\u011b mal\u00e1, za\u010dala jsem brnkat na pi\u00e1no, kter\u00e9 jsme m\u011bli doma. Kdy\u017e m\u011b pozd\u011bji u m\u00e9 babi\u010dky n\u00e1hodou sly\u0161ela pan\u00ed u\u010ditelka klav\u00edru, \u0159ekla, \u017ee by m\u011b ur\u010dit\u011b rodi\u010de na klav\u00edr m\u011bli p\u0159ihl\u00e1sit. A tak se pi\u00e1no stalo m\u00fdm velk\u00fdm, ne-li snad nejv\u011bt\u0161\u00edm p\u0159\u00edtelem. A i kdy\u017e jsem se pr\u00fd n\u011bkdy vzpouzela, nic z toho si nepamatuju. Sv\u016fj ran\u00fd vztah s pi\u00e1nem m\u00e1m v \u00fapln\u011b r\u016f\u017eov\u00e9 mlze.<\/p>\n<p><strong>Kdy jste slo\u017eila svou prvn\u00ed p\u00edsni\u010dku? <\/strong><\/p>\n<p>Pom\u011brn\u011b brzy jsem si zjistila, \u017ee co je psan\u00e9 v\u00a0not\u00e1ch, nemus\u00ed b\u00fdt v\u017edycky to nejz\u00e1bavn\u011bj\u0161\u00ed pro moje u\u0161i. U pi\u00e1na jsem mohla sed\u011bt hodiny a neodtrhnout se od proud\u016f a melodi\u00ed. S prvn\u00edmi opravdov\u00fdmi p\u00edsni\u010dkami jsem p\u0159i\u0161la zhruba ve dvan\u00e1cti letech. P\u00e1r z nich si po\u0159\u00e1d pamatuju. B\u011bhem puberty to pak byly velk\u00e9 srdcervouc\u00ed p\u00edsn\u011b o l\u00e1sce a um\u00edr\u00e1n\u00ed a p\u00edsn\u011b v angli\u010dtin\u011b. A z\u00e1sadn\u00ed zlom p\u0159i\u0161el b\u011bhem studia tvorby textu a sc\u00e9n\u00e1\u0159e na VO\u0160 Jaroslava Je\u017eka, kde jsem dostala mo\u017enost se v tom sm\u011bru za\u010d\u00edt rozv\u00edjet, nahl\u00ed\u017eet i kritick\u00fdm okem a hledat nov\u00e9 cesty. B\u011bhem studi\u00ed pak vzniklo album Je\u0161t\u011b kousek.<\/p>\n<p><strong>Jak vznikaj\u00ed va\u0161e p\u00edsn\u011b? P\u0159ed span\u00edm, v\u00a0tramvaji, texty sou\u010dasn\u011b s\u00a0hudbou, nebo odd\u011blen\u011b\u2026? <\/strong><\/p>\n<p>\u00dapln\u011b ka\u017ed\u00e1 vznik\u00e1 po sv\u00e9m. Ale pohyb je pro n\u011b dobr\u00fd. \u010casto je to tehdy, kdy\u017e se m\u00edh\u00e1 n\u011bco kolem, tak\u017ee vlak, autobus, tramvaj, proch\u00e1zka, tanec. Cokoliv, co prvotn\u00ed n\u00e1pad nebo pocit udr\u017e\u00ed p\u0159i \u017eivot\u011b a v proudu bez rozptylov\u00e1n\u00ed. Text a melodie jsou pro m\u011b neodd\u011bliteln\u00e9. I kdy\u017e se s nimi d\u00e1 pracovat, p\u0159ich\u00e1z\u00ed v\u011bt\u0161inou pospolu.<\/p>\n<p><strong>St\u00edh\u00e1te krom\u011b hudebn\u00ed \u010dinnosti i n\u011bco jin\u00e9ho? <\/strong><\/p>\n<p>Samotn\u00e9 koncertov\u00e1n\u00ed je jako t\u0159e\u0161ni\u010dka na dortu, ale i tak se v\u0161e, co d\u011bl\u00e1m, t\u00fdk\u00e1 hudby. Kdy\u017e je muzikant sv\u00fdm vlastn\u00edm mana\u017eerem, p\u0159in\u00e1\u0161\u00ed to na jedn\u00e9 stran\u011b velkou svobodu, ale na druh\u00e9 stran\u011b ka\u017edodenn\u00ed v\u00fdzvy pr\u00e1v\u011b v t\u00e9 pracovn\u00ed v\u0161estrannosti. K vlastn\u00ed autorsk\u00e9 hudb\u011b a pr\u00e1ci kolem n\u00ed u\u010d\u00edm piano, hraju v divadle nebo zp\u00edv\u00e1m v gypsy jazzov\u00e9 kapele.<\/p>\n<p><strong>Kde v\u00e1s m\u016f\u017eeme v\u00a0na\u0161em okol\u00ed krom\u011b Blanska v\u00a0nejbli\u017e\u0161\u00ed dob\u011b sly\u0161et? <\/strong><\/p>\n<p>22. listopadu se s kapelou chyst\u00e1me do Letovic a den pot\u00e9 za v\u00e1mi do Blanska. Moc r\u00e1da bych tak\u00e9 v\u0161echny pozvala na ji\u017e zmi\u0148ovan\u00fd v\u00e1no\u010dn\u00ed koncert 21. prosince do Mahenova divadla v Brn\u011b. Bude to koncert s kr\u00e1snou sv\u00e1te\u010dn\u00ed atmosf\u00e9rou. Album Lunaves zazn\u00ed v cel\u00e9 par\u00e1d\u011b a krom\u011b p\u00edsn\u00ed z alba tak\u00e9 mnoho dal\u0161\u00edch.<\/p>\n<p><strong>Jak\u00e9 m\u00e1te pl\u00e1ny na p\u0159\u00ed\u0161t\u00ed rok? <\/strong><\/p>\n<p>Te\u010f je\u0161t\u011b lap\u00e1m po dechu z tohoto roku. Do V\u00e1noc vyd\u00e1v\u00e1m Lunaves na vinylov\u00e9 desce a m\u00e1m je\u0161t\u011b mnoho koncert\u016f. S nov\u00fdm rokem chyst\u00e1m jedno p\u0159ekvapen\u00ed, kter\u00e9 \u010d\u00e1ste\u010dn\u011b odkryji u\u017e s vinylem. To bude takov\u00e9 ohl\u00e9dnut\u00ed za Lunavesem a cel\u00fdm t\u00edmto rokem a rozlou\u010den\u00ed se. Pak u\u017e \u010dek\u00e1 na cest\u011b n\u011bco nov\u00e9ho, co zat\u00edm nev\u00edm, co je. Ale rozhodn\u011b se potk\u00e1me na spoust\u011b festival\u016f v l\u00e9t\u011b, n\u011bkter\u00e9 u\u017e m\u00e1m dohodnut\u00e9 a n\u011bkter\u00e9 je\u0161t\u011b p\u0159ijdou. T\u011b\u0161\u00edm se moc.<\/p>\n<p>-mka-<\/p>\n<p>Foto: Julia Palmu<\/p>\n","protected":false},"excerpt":{"rendered":"<p>V\u00a0sobotu 23. listopadu v\u00a019 hodin vystoup\u00ed v\u00a0Katolick\u00e9m dom\u011b v\u00a0Blansku zp\u011bva\u010dka, skladatelka a multiinstrumentalistka B\u00e1ra Zmekov\u00e1. Jej\u00ed hudebn\u00ed \u017e\u00e1nr se pohybuje<\/p>\n","protected":false},"author":1067,"featured_media":5725,"comment_status":"open","ping_status":"closed","sticky":false,"template":"","format":"standard","meta":[],"categories":[7,16],"tags":[],"_links":{"self":[{"href":"https:\/\/www.monitor-bk.cz\/index.php?rest_route=\/wp\/v2\/posts\/5723"}],"collection":[{"href":"https:\/\/www.monitor-bk.cz\/index.php?rest_route=\/wp\/v2\/posts"}],"about":[{"href":"https:\/\/www.monitor-bk.cz\/index.php?rest_route=\/wp\/v2\/types\/post"}],"author":[{"embeddable":true,"href":"https:\/\/www.monitor-bk.cz\/index.php?rest_route=\/wp\/v2\/users\/1067"}],"replies":[{"embeddable":true,"href":"https:\/\/www.monitor-bk.cz\/index.php?rest_route=%2Fwp%2Fv2%2Fcomments&post=5723"}],"version-history":[{"count":3,"href":"https:\/\/www.monitor-bk.cz\/index.php?rest_route=\/wp\/v2\/posts\/5723\/revisions"}],"predecessor-version":[{"id":5727,"href":"https:\/\/www.monitor-bk.cz\/index.php?rest_route=\/wp\/v2\/posts\/5723\/revisions\/5727"}],"wp:featuredmedia":[{"embeddable":true,"href":"https:\/\/www.monitor-bk.cz\/index.php?rest_route=\/wp\/v2\/media\/5725"}],"wp:attachment":[{"href":"https:\/\/www.monitor-bk.cz\/index.php?rest_route=%2Fwp%2Fv2%2Fmedia&parent=5723"}],"wp:term":[{"taxonomy":"category","embeddable":true,"href":"https:\/\/www.monitor-bk.cz\/index.php?rest_route=%2Fwp%2Fv2%2Fcategories&post=5723"},{"taxonomy":"post_tag","embeddable":true,"href":"https:\/\/www.monitor-bk.cz\/index.php?rest_route=%2Fwp%2Fv2%2Ftags&post=5723"}],"curies":[{"name":"wp","href":"https:\/\/api.w.org\/{rel}","templated":true}]}}