{"id":5717,"date":"2019-10-24T09:31:23","date_gmt":"2019-10-24T07:31:23","guid":{"rendered":"http:\/\/www.monitor-bk.cz\/?p=5717"},"modified":"2019-10-23T09:32:36","modified_gmt":"2019-10-23T07:32:36","slug":"obl-v-listopadu-zamirime-do-jedovnic-a-do-okrouhle","status":"publish","type":"post","link":"https:\/\/www.monitor-bk.cz\/?p=5717","title":{"rendered":"OBL: V listopadu zam\u00ed\u0159\u00edme  do Jedovnic a do Okrouhl\u00e9"},"content":{"rendered":"<p class=\"p1\"><b> <a href=\"https:\/\/www.monitor-bk.cz\/wp-content\/uploads\/2019\/10\/01_web.jpg\"><img decoding=\"async\" loading=\"lazy\" class=\"alignleft size-full wp-image-5718\" src=\"https:\/\/www.monitor-bk.cz\/wp-content\/uploads\/2019\/10\/01_web.jpg\" alt=\"\" width=\"1474\" height=\"977\" srcset=\"https:\/\/www.monitor-bk.cz\/wp-content\/uploads\/2019\/10\/01_web.jpg 1474w, https:\/\/www.monitor-bk.cz\/wp-content\/uploads\/2019\/10\/01_web-121x80.jpg 121w, https:\/\/www.monitor-bk.cz\/wp-content\/uploads\/2019\/10\/01_web-300x199.jpg 300w, https:\/\/www.monitor-bk.cz\/wp-content\/uploads\/2019\/10\/01_web-768x509.jpg 768w, https:\/\/www.monitor-bk.cz\/wp-content\/uploads\/2019\/10\/01_web-800x530.jpg 800w\" sizes=\"(max-width: 1474px) 100vw, 1474px\" \/><\/a>M\u00e1me tu b\u011b\u017eeck\u00fd podzim. Dny se kr\u00e1t\u00ed, listy strom\u016f hraj\u00ed nejr\u016fzn\u011bj\u0161\u00edmi z\u00e1\u0159iv\u00fdmi barvami a teploty pomalu a jist\u011b klesaj\u00ed, i kdy\u017e moment\u00e1ln\u011b je\u0161t\u011b ukazuje svou s\u00edlu bab\u00ed l\u00e9to. Cel\u00fd leto\u0161n\u00ed ro\u010dn\u00edk OBL n\u00e1m op\u011bt ub\u011bhl jako voda a do jeho konce zb\u00fdvaj\u00ed u\u017e jen t\u0159i z\u00e1vody. Z toho dva jsou na programu v listopadu. V sobotu 9. listopadu je to ji\u017e tradi\u010dn\u00ed B\u011bh za jedovnick\u00fdm kaprem \u2013 Memori\u00e1l Ji\u0159\u00edho Kova\u0159\u00edka. A posledn\u00edho listopadu potom Mikul\u00e1\u0161sk\u00fd b\u011bh Okrouhl\u00e1.<\/b><!--more--><\/p>\n<p class=\"p1\">Pokud jde o B\u011bh za jedovnick\u00fdm kaprem, v listopadu b\u011b\u017ece \u010dek\u00e1 ji\u017e 23. ro\u010dn\u00edk t\u00e9to tradi\u010dn\u00ed akce. Start hlavn\u00edho z\u00e1vodu je napl\u00e1nov\u00e1n na 14:30 a pob\u011b\u017e\u00ed se jako ka\u017ed\u00fd rok po trati s nen\u00e1ro\u010dn\u00fdm profilem kolem m\u00edstn\u00edch rybn\u00edk\u016f. Z 90 procent se b\u011b\u017e\u00ed po asfaltov\u00e9m povrchu, proto se jako obvykle d\u00e1 o\u010dek\u00e1vat svi\u017en\u00e9 tempo a rychl\u00e9 \u010dasy. Z\u00e1vod je ur\u010den pro v\u0161echny v\u011bkov\u00e9 kategorie mu\u017e\u016f a \u017een od nejmlad\u0161\u00ed p\u0159\u00edpravky a\u017e po veter\u00e1ny a veter\u00e1nky. T\u011bmto kategori\u00edm jsou uzp\u016fsobeny d\u00e9lky trat\u00ed. Trat\u011b jsou od 120 m a\u017e po 10,9 km. Tento z\u00e1vod je nav\u00edc za\u0159azen do sout\u011b\u017ee \u017d\u00e1kovsk\u00e1 liga Tajovsk\u00fd reality, tak\u017ee v n\u011bm i d\u011bti m\u016f\u017eou s chut\u00ed sb\u00edrat body a p\u0159ipsat si dal\u0161\u00ed \u00fa\u010dast na z\u00e1vod\u011b v r\u00e1mci t\u00e9to sout\u011b\u017ee. V\u00edt\u011bzov\u00e9 hlavn\u00edch kategori\u00ed z\u00edskaj\u00ed ocen\u011bn\u00ed v podob\u011b tradi\u010dn\u00edho \u017eiv\u00e9ho kapra. Z\u00e1zem\u00ed najdete v m\u00edstn\u00edm kulturn\u00edm dom\u011b a v kin\u011b.<\/p>\n<p class=\"p1\">Mikul\u00e1\u0161sk\u00fd b\u011bh v Okrouhl\u00e9 je oproti B\u011bhu za jedovnick\u00fdm kaprem mlad\u0161\u00ed. Na konci listopadu se b\u011b\u017e\u00ed 11. ro\u010dn\u00edk. Start b\u011bhu na 8600 metr\u016f je napl\u00e1nov\u00e1n na 11:15. Trat\u011b jsou vedeny \u010d\u00e1ste\u010dn\u011b po zpevn\u011bn\u00fdch a nezpevn\u011bn\u00fdch cest\u00e1ch, z \u010d\u00e1sti po louk\u00e1ch v okol\u00ed obce Okrouhl\u00e1, p\u0159i\u010dem\u017e start a c\u00edl je u kulturn\u00edho domu. Profil trat\u00ed nab\u00edz\u00ed \u0159adu st\u0159\u00eddaj\u00edc\u00edch se seb\u011bh\u016f a prudk\u00fdch stoup\u00e1n\u00ed a na b\u011b\u017ece \u010dek\u00e1 boj s pom\u011brn\u011b n\u00e1ro\u010dn\u00fdm ter\u00e9nem. V tuto dobu se d\u00e1 na trat\u00edch u\u017e \u010dekat i sn\u00edh a led, tak\u017ee je pot\u0159eba db\u00e1t opatrnosti, aby nedo\u0161lo k n\u011bjak\u00e9mu \u00farazu.<\/p>\n<p class=\"p1\">P\u0159ij\u010fte si tedy zab\u011bhat na z\u00e1vody OBL i v listopadu, a\u0165 u\u017e usilujete o co nejlep\u0161\u00ed \u010das a co nejv\u00edce bod\u016f nebo si to jdete sp\u00ed\u0161e u\u017e\u00edt a v\u00fdkon pro v\u00e1s nen\u00ed a\u017e tak d\u016fle\u017eit\u00fd. Ur\u010dit\u011b je se na co t\u011b\u0161it a odm\u011bnou v\u00e1m budou nov\u00e9 b\u011b\u017eeck\u00e9 z\u00e1\u017eitky.<\/p>\n<p class=\"p2\"><b>Roman Kub\u011bna<br \/>\n<\/b><b>Foto z archivu OBL<\/b><\/p>\n","protected":false},"excerpt":{"rendered":"<p>M\u00e1me tu b\u011b\u017eeck\u00fd podzim. Dny se kr\u00e1t\u00ed, listy strom\u016f hraj\u00ed nejr\u016fzn\u011bj\u0161\u00edmi z\u00e1\u0159iv\u00fdmi barvami a teploty pomalu a jist\u011b klesaj\u00ed, i<\/p>\n","protected":false},"author":1,"featured_media":5718,"comment_status":"open","ping_status":"closed","sticky":false,"template":"","format":"standard","meta":[],"categories":[6],"tags":[],"_links":{"self":[{"href":"https:\/\/www.monitor-bk.cz\/index.php?rest_route=\/wp\/v2\/posts\/5717"}],"collection":[{"href":"https:\/\/www.monitor-bk.cz\/index.php?rest_route=\/wp\/v2\/posts"}],"about":[{"href":"https:\/\/www.monitor-bk.cz\/index.php?rest_route=\/wp\/v2\/types\/post"}],"author":[{"embeddable":true,"href":"https:\/\/www.monitor-bk.cz\/index.php?rest_route=\/wp\/v2\/users\/1"}],"replies":[{"embeddable":true,"href":"https:\/\/www.monitor-bk.cz\/index.php?rest_route=%2Fwp%2Fv2%2Fcomments&post=5717"}],"version-history":[{"count":1,"href":"https:\/\/www.monitor-bk.cz\/index.php?rest_route=\/wp\/v2\/posts\/5717\/revisions"}],"predecessor-version":[{"id":5719,"href":"https:\/\/www.monitor-bk.cz\/index.php?rest_route=\/wp\/v2\/posts\/5717\/revisions\/5719"}],"wp:featuredmedia":[{"embeddable":true,"href":"https:\/\/www.monitor-bk.cz\/index.php?rest_route=\/wp\/v2\/media\/5718"}],"wp:attachment":[{"href":"https:\/\/www.monitor-bk.cz\/index.php?rest_route=%2Fwp%2Fv2%2Fmedia&parent=5717"}],"wp:term":[{"taxonomy":"category","embeddable":true,"href":"https:\/\/www.monitor-bk.cz\/index.php?rest_route=%2Fwp%2Fv2%2Fcategories&post=5717"},{"taxonomy":"post_tag","embeddable":true,"href":"https:\/\/www.monitor-bk.cz\/index.php?rest_route=%2Fwp%2Fv2%2Ftags&post=5717"}],"curies":[{"name":"wp","href":"https:\/\/api.w.org\/{rel}","templated":true}]}}