{"id":5435,"date":"2019-03-07T16:08:05","date_gmt":"2019-03-07T15:08:05","guid":{"rendered":"http:\/\/www.monitor-bk.cz\/?p=5435"},"modified":"2019-03-07T08:15:38","modified_gmt":"2019-03-07T07:15:38","slug":"odpadkove-kose-skoncily-v-rece","status":"publish","type":"post","link":"https:\/\/www.monitor-bk.cz\/?p=5435","title":{"rendered":"Odpadkov\u00e9 ko\u0161e skon\u010dily v \u0159ece"},"content":{"rendered":"<p class=\"p1\"><b> <a href=\"https:\/\/www.monitor-bk.cz\/wp-content\/uploads\/2019\/03\/05_web.jpg\"><img decoding=\"async\" loading=\"lazy\" class=\"alignleft size-full wp-image-5436\" src=\"https:\/\/www.monitor-bk.cz\/wp-content\/uploads\/2019\/03\/05_web.jpg\" alt=\"\" width=\"1474\" height=\"918\" srcset=\"https:\/\/www.monitor-bk.cz\/wp-content\/uploads\/2019\/03\/05_web.jpg 1474w, https:\/\/www.monitor-bk.cz\/wp-content\/uploads\/2019\/03\/05_web-128x80.jpg 128w, https:\/\/www.monitor-bk.cz\/wp-content\/uploads\/2019\/03\/05_web-300x187.jpg 300w, https:\/\/www.monitor-bk.cz\/wp-content\/uploads\/2019\/03\/05_web-768x478.jpg 768w, https:\/\/www.monitor-bk.cz\/wp-content\/uploads\/2019\/03\/05_web-800x498.jpg 800w\" sizes=\"(max-width: 1474px) 100vw, 1474px\" \/><\/a>Blanensk\u00fdm str\u00e1\u017en\u00edk\u016fm se poda\u0159ilo dopadnout vandalku, kter\u00e1 hodila odpadkov\u00e9 ko\u0161e do \u0159eky. M\u011bstsk\u00e1 policie se tak posunula o krok d\u00e1le v boji proti vandal\u016fm, kter\u00fd zah\u00e1jila blanensk\u00e1 radnice. <\/b><!--more--><\/p>\n<p class=\"p1\">\u201eV sobotu 2. b\u0159ezna nave\u010der ozn\u00e1mili sv\u011bdci v\u00fdtr\u017enost v parku v ulici Svatopluka \u010cecha u \u017eelezni\u010dn\u00ed zast\u00e1vky. Hl\u00eddka str\u00e1\u017en\u00edk\u016f pak i za pomoci kamer vyp\u00e1trala a zadr\u017eela v Ro\u017emit\u00e1lov\u011b ulici skupinku mlad\u00fdch lid\u00ed,\u201c uvedl tiskov\u00fd mluv\u010d\u00ed radnice Ond\u0159ej Po\u017e\u00e1r s t\u00edm, \u017ee mezi lidmi byla i dvacetilet\u00e1 \u017eena, kter\u00e1 vytrhla dva odpadkov\u00e9 ko\u0161e ze stojan\u016f a pot\u00e9 je hodila do \u0159eky Svitavy.<\/p>\n<p class=\"p1\">\u201eD\u00edvka se k \u010dinu p\u0159iznala a jeden z ko\u0161\u016f pak z vody vyt\u00e1hla. Druh\u00fd ko\u0161 \u2013 hozen\u00fd a\u017e doprost\u0159ed proudu \u0159eky \u2013 byl vypro\u0161t\u011bn v pond\u011bl\u00ed odpoledne,\u201c up\u0159esnil Po\u017e\u00e1r. Pachatelka nedok\u00e1zala vysv\u011btlit motiv sv\u00e9ho chov\u00e1n\u00ed. Pravd\u011bpodobn\u011b byla pod vlivem omamn\u00fdch l\u00e1tek. Zp\u016fsobila \u0161kodu na m\u011bstsk\u00e9m majetku ve v\u00fd\u0161i \u010dty\u0159 tis\u00edc korun a v p\u0159estupkov\u00e9m \u0159\u00edzen\u00ed j\u00ed hroz\u00ed pokuta a\u017e pades\u00e1t tis\u00edc.<\/p>\n<p class=\"p1\">Podobn\u00fd trest by mohl postihnout tak\u00e9 mu\u017ee, kter\u00fd m\u011bl v krvi skoro jedno promile alkoholu a kter\u00fd minul\u00fd \u010dtvrtek v noci po\u0161kodil kovov\u00fd sloupek p\u0159ed blanenskou radnic\u00ed na n\u00e1m\u011bst\u00ed Svobody. Skupinka \u010dty\u0159 mlad\u00edk\u016f se potloukala po okol\u00ed. \u201eJeden z nich p\u0159i tom chytil sloupek, zapu\u0161t\u011bn\u00fd v dla\u017eb\u011b, a cloumal s n\u00edm tak dlouho, a\u017e ho vyvr\u00e1til. To v\u0161ak netu\u0161il, \u017ee jeho vandalsk\u00fd \u010din sleduje kamera str\u00e1\u017en\u00edk\u016f,\u201c popsal z\u00e1stupce \u0159editele m\u011bstsk\u00e9 policie Stanislav Sotol\u00e1\u0159.<\/p>\n<p class=\"p1\">T\u0159i minuty pot\u00e9 pachatele zastihla policejn\u00ed hl\u00eddka v prostoru b\u00fdval\u00e9ho hotelu Dukla.<\/p>\n<p class=\"p1\">\u201eCo se t\u00fdk\u00e1 po\u0161kozov\u00e1n\u00ed majetku, \u0159e\u0161\u00ed M\u011bstsk\u00e1 policie Blansko ro\u010dn\u011b des\u00edtky p\u0159\u00edpad\u016f. S t\u00edmto ne\u0161varem se setk\u00e1v\u00e1me p\u0159edev\u0161\u00edm v souvislosti s po\u0159\u00e1d\u00e1n\u00edm r\u016fzn\u00fdch kulturn\u011b-z\u00e1bavn\u00edch akc\u00ed, diskot\u00e9k, tane\u010dn\u00edch z\u00e1bav, ale tak\u00e9 s provozem r\u016fzn\u00fdch hostinsk\u00fdch za\u0159\u00edzen\u00ed, kdy po ukon\u010den\u00ed akc\u00ed se skupinky lid\u00ed dopou\u0161t\u011bj\u00ed tohoto ne\u017e\u00e1douc\u00edho jedn\u00e1n\u00ed,\u201c sd\u011blil \u0159editel m\u011bstsk\u00e9 policie Martin Lepka. Podle n\u011bj b\u00fdv\u00e1 hlavn\u00edm spou\u0161t\u011b\u010dem kon\u00e1n\u00ed v\u00fdtr\u017enost\u00ed alkohol. \u201eZ posledn\u00ed praxe si nevzpomenu na p\u0159\u00edpad, \u017ee bychom dopadli pachatele a ten by nebyl pod vlivem alkoholu,\u201c podotkl Lepka.<\/p>\n<p class=\"p1\">Nej\u010dast\u011bj\u0161\u00edm ter\u010dem \u201ez\u00e1bavy\u201c podnapil\u00fdch lid\u00ed se st\u00e1v\u00e1 soukrom\u00fd i m\u011bstsk\u00fd majetek, zejm\u00e9na pak lavi\u010dky, odpadkov\u00e9 ko\u0161e, ve\u0159ejn\u00e1 zele\u0148, autobusov\u00e9 zast\u00e1vky, ve\u0159ejn\u00e9 osv\u011btlen\u00ed. Objasn\u011bnost p\u0159\u00edpad\u016f je pom\u011brn\u011b mal\u00e1. \u201eJe to d\u00e1no p\u0159edev\u0161\u00edm t\u00edm, \u017ee na\u0161e zji\u0161t\u011bn\u00ed nebo ozn\u00e1men\u00ed ob\u010dan\u016f p\u0159ich\u00e1zej\u00ed a\u017e s velk\u00fdm \u010dasov\u00fdm odstupem, tak\u017ee se n\u00e1m velice t\u011b\u017eko da\u0159\u00ed zaji\u0161\u0165ovat sv\u011bdky,\u201c dodal Lepka, kter\u00fd vyz\u00fdv\u00e1 ob\u010dany, aby si v\u0161\u00edmali, co se d\u011bje v jejich okol\u00ed a p\u0159\u00edpadn\u00e9 p\u00e1ch\u00e1n\u00ed vandalstv\u00ed neprodlen\u011b \u2013 klidn\u011b i anonymn\u011b \u2013 ozn\u00e1mili na telefonn\u00edm \u010d\u00edsle 156.<\/p>\n<p class=\"p1\">M\u011bstsk\u00e1 policie m\u016f\u017ee p\u0159i zasti\u017een\u00ed pachatele na m\u00edst\u011b ulo\u017eit blokovou pokutu a\u017e deset tis\u00edc korun. Pokud p\u0159\u00edpad postoup\u00ed spr\u00e1vn\u00edm org\u00e1n\u016fm, m\u016f\u017ee pokuta \u010dinit a\u017e pades\u00e1t tis\u00edc, p\u0159\u00edpadn\u011b sedmdes\u00e1t tis\u00edc korun p\u0159i opakovan\u00e9m jedn\u00e1n\u00ed.<\/p>\n<p class=\"p1\">\u201eVeden\u00ed m\u011bsta hodl\u00e1 investovat do roz\u0161\u00ed\u0159en\u00ed a modernizace kamerov\u00e9ho syst\u00e9mu, kter\u00fd monitoruje d\u011bn\u00ed v ulic\u00edch,\u201c zm\u00ednil blanensk\u00fd starosta Ji\u0159\u00ed Crha.<\/p>\n<p class=\"p2\"><b>-mha- <\/b><\/p>\n","protected":false},"excerpt":{"rendered":"<p>Blanensk\u00fdm str\u00e1\u017en\u00edk\u016fm se poda\u0159ilo dopadnout vandalku, kter\u00e1 hodila odpadkov\u00e9 ko\u0161e do \u0159eky. M\u011bstsk\u00e1 policie se tak posunula o krok d\u00e1le<\/p>\n","protected":false},"author":1,"featured_media":5436,"comment_status":"open","ping_status":"closed","sticky":false,"template":"","format":"standard","meta":[],"categories":[5],"tags":[],"_links":{"self":[{"href":"https:\/\/www.monitor-bk.cz\/index.php?rest_route=\/wp\/v2\/posts\/5435"}],"collection":[{"href":"https:\/\/www.monitor-bk.cz\/index.php?rest_route=\/wp\/v2\/posts"}],"about":[{"href":"https:\/\/www.monitor-bk.cz\/index.php?rest_route=\/wp\/v2\/types\/post"}],"author":[{"embeddable":true,"href":"https:\/\/www.monitor-bk.cz\/index.php?rest_route=\/wp\/v2\/users\/1"}],"replies":[{"embeddable":true,"href":"https:\/\/www.monitor-bk.cz\/index.php?rest_route=%2Fwp%2Fv2%2Fcomments&post=5435"}],"version-history":[{"count":1,"href":"https:\/\/www.monitor-bk.cz\/index.php?rest_route=\/wp\/v2\/posts\/5435\/revisions"}],"predecessor-version":[{"id":5437,"href":"https:\/\/www.monitor-bk.cz\/index.php?rest_route=\/wp\/v2\/posts\/5435\/revisions\/5437"}],"wp:featuredmedia":[{"embeddable":true,"href":"https:\/\/www.monitor-bk.cz\/index.php?rest_route=\/wp\/v2\/media\/5436"}],"wp:attachment":[{"href":"https:\/\/www.monitor-bk.cz\/index.php?rest_route=%2Fwp%2Fv2%2Fmedia&parent=5435"}],"wp:term":[{"taxonomy":"category","embeddable":true,"href":"https:\/\/www.monitor-bk.cz\/index.php?rest_route=%2Fwp%2Fv2%2Fcategories&post=5435"},{"taxonomy":"post_tag","embeddable":true,"href":"https:\/\/www.monitor-bk.cz\/index.php?rest_route=%2Fwp%2Fv2%2Ftags&post=5435"}],"curies":[{"name":"wp","href":"https:\/\/api.w.org\/{rel}","templated":true}]}}