{"id":5430,"date":"2019-03-08T07:45:42","date_gmt":"2019-03-08T06:45:42","guid":{"rendered":"http:\/\/www.monitor-bk.cz\/?p=5430"},"modified":"2019-03-07T08:05:39","modified_gmt":"2019-03-07T07:05:39","slug":"glosa-proc-hriste-zeji-prazdnotou","status":"publish","type":"post","link":"https:\/\/www.monitor-bk.cz\/?p=5430","title":{"rendered":"Glosa: Pro\u010d h\u0159i\u0161t\u011b zej\u00ed pr\u00e1zdnotou"},"content":{"rendered":"<p class=\"p1\"><b> <a href=\"https:\/\/www.monitor-bk.cz\/wp-content\/uploads\/2017\/04\/vyhl\u00eddka-z-v\u011b\u017ee-Blansko.jpg\"><img decoding=\"async\" loading=\"lazy\" class=\"alignleft size-full wp-image-3896\" src=\"https:\/\/www.monitor-bk.cz\/wp-content\/uploads\/2017\/04\/vyhl\u00eddka-z-v\u011b\u017ee-Blansko.jpg\" alt=\"\" width=\"1400\" height=\"1050\" srcset=\"https:\/\/www.monitor-bk.cz\/wp-content\/uploads\/2017\/04\/vyhl\u00eddka-z-v\u011b\u017ee-Blansko.jpg 1400w, https:\/\/www.monitor-bk.cz\/wp-content\/uploads\/2017\/04\/vyhl\u00eddka-z-v\u011b\u017ee-Blansko-107x80.jpg 107w, https:\/\/www.monitor-bk.cz\/wp-content\/uploads\/2017\/04\/vyhl\u00eddka-z-v\u011b\u017ee-Blansko-300x225.jpg 300w, https:\/\/www.monitor-bk.cz\/wp-content\/uploads\/2017\/04\/vyhl\u00eddka-z-v\u011b\u017ee-Blansko-768x576.jpg 768w, https:\/\/www.monitor-bk.cz\/wp-content\/uploads\/2017\/04\/vyhl\u00eddka-z-v\u011b\u017ee-Blansko-1024x768.jpg 1024w\" sizes=\"(max-width: 1400px) 100vw, 1400px\" \/><\/a>08Leto\u0161n\u00ed jaro, zd\u00e1 se, na sebe nenechalo dlouho \u010dekat. P\u0159izn\u00e1v\u00e1m, \u017ee v zim\u011b se ze m\u011b a m\u00fdch d\u011bt\u00ed st\u00e1vaj\u00ed tak trochu peciv\u00e1lov\u00e9 a nem\u016f\u017eeme se do\u010dkat teplej\u0161\u00edch dn\u00ed. <\/b><!--more--><\/p>\n<p class=\"p1\">Ano, na vych\u00e1zku se d\u00e1 j\u00edt prakticky v jak\u00e9mkoliv po\u010das\u00ed, ale zkr\u00e1tka jsou s t\u00edm komplikace. Dohl\u00e9dnout, aby se d\u011bti po\u0159\u00e1dn\u011b obl\u00e9kly, v\u010das je p\u0159ivolat dom\u016f, aby p\u0159\u00edli\u0161 neprochladly\u2026 Sn\u011bhu na s\u00e1\u0148kov\u00e1n\u00ed se bohu\u017eel v posledn\u00edch letech moc nedost\u00e1v\u00e1, tud\u00ed\u017e zimn\u00ed po\u010das\u00ed je dnes vhodn\u00e9 sp\u00ed\u0161e u\u017e jen k proch\u00e1zk\u00e1m, po kter\u00fdch v\u011bt\u0161ina d\u011bt\u00ed p\u0159\u00edli\u0161 neprahne. Rad\u011bji se proh\u00e1n\u011bj\u00ed na h\u0159i\u0161ti nebo na kole. Jedin\u00e1 mo\u017enost, jak je \u201evyv\u011btrat\u201c, je j\u00edt s nimi, co\u017e si z \u010dasov\u00fdch d\u016fvod\u016f ka\u017ed\u00fd den na n\u011bkolik hodin prost\u011b ka\u017ed\u00fd rodi\u010d dovolit nem\u016f\u017ee. Tak\u017ee i j\u00e1 se t\u011b\u0161\u00edm, a\u017e je vypust\u00edm ven na bezpe\u010dn\u00e9 m\u00edsto, kde je d\u00edky jejich v\u011bku u\u017e nemus\u00edm bedliv\u011b st\u0159e\u017eit jako oko v hlav\u011b, ale po\u0159\u00e1d je\u0161t\u011b jsem r\u00e1da, \u017ee neb\u011bhaj\u00ed po ulic\u00edch mezi auty, proto\u017ee jeden nikdy nev\u00ed. Jsem zkr\u00e1tka klidn\u011bj\u0161\u00ed, kdy\u017e v\u00edm, \u017ee jsou za plotem a \u017ee je tam t\u0159eba za hodinu najdu.<\/p>\n<p class=\"p1\">Ale kam osmi, desetilet\u00e9 d\u011bti v Blansku poslat v polovin\u011b \u00fanora, kdy slun\u00ed\u010dko u\u017e celkem h\u0159eje, ale h\u0159i\u0161t\u011b na s\u00eddli\u0161t\u00edch jsou nekompromisn\u011b uzam\u010dena? Otev\u0159ou se a\u017e v polovin\u011b b\u0159ezna. Do t\u00e9 doby mohou d\u011bti leda pob\u00edhat mezi panel\u00e1ky. J\u00e1 v\u00edm, \u017ee d\u0159\u00edv to asi jinak nebylo. Ale to bychom taky mohli \u0159\u00edct, \u017ee d\u0159\u00edv nebyl t\u0159eba internet, tak ho nepot\u0159ebujeme ani te\u010f. D\u0159\u00edv nav\u00edc nebylo tolik aut a nebezpe\u010d\u00ed na silnic\u00edch, tak\u017ee oplocen\u00e9 h\u0159i\u0161t\u011b dnes m\u00e1 ka\u017edop\u00e1dn\u011b svoje opodstatn\u011bn\u00ed. Jednou tu ta h\u0159i\u0161t\u011b jsou, tak pro\u010d se nemohou vyu\u017e\u00edvat?<\/p>\n<p class=\"p1\">Vznesla jsem dotaz na veden\u00ed m\u011bsta, zda by se h\u0159i\u0161t\u011b nemohla otev\u0159\u00edt d\u0159\u00edve. Odpov\u011b\u010f, kter\u00e9 se mi dostalo, jsem si mohla napsat dop\u0159edu, proto\u017ee p\u0159esn\u011b to jsem tu\u0161ila. \u201ePodle sd\u011blen\u00ed vedouc\u00edho odboru komun\u00e1ln\u00ed \u00fadr\u017eby ing. Martina Skl\u00e1\u0159e se d\u011btsk\u00e1 h\u0159i\u0161t\u011b, kter\u00e1 maj\u00ed sv\u00e9 spr\u00e1vce, otev\u00edraj\u00ed v souladu s provozn\u00edmi \u0159\u00e1dy od 15. b\u0159ezna. Do t\u00e9to doby ani spr\u00e1vci nejsou nasmlouv\u00e1ni. Do tohoto data tak\u00e9 prob\u00edhaj\u00ed pravideln\u00e9 revize prvk\u016f,\u201c zn\u011blo vyj\u00e1d\u0159en\u00ed z radnice. To v\u00edme. Ale n\u011bjak\u00e1 snaha o zm\u011bnu?<\/p>\n<p class=\"p1\">A\u0165 se na m\u011b nikdo nezlob\u00ed, ale jakt\u011b\u017eiva jsem nezahl\u00e9dla nikoho, kdo by se v\u011bnoval n\u011bjak\u00e9 speci\u00e1ln\u00ed zimn\u00ed \u00fadr\u017eb\u011b h\u0159i\u0161t\u011b. Ale dob\u0159e, nem\u00e1m okna s v\u00fdhledem na hern\u00ed prvky, tak nechci nikomu k\u0159ivdit. Nicm\u00e9n\u011b domn\u00edv\u00e1m se, \u017ee by se i tato \u00fadr\u017eba, kter\u00e1 stejn\u011b nejsp\u00ed\u0161e pov\u011bt\u0161inou spo\u010d\u00edv\u00e1 v prohl\u00e9dnut\u00ed hern\u00edch prvk\u016f a konstatov\u00e1n\u00ed, \u017ee jsou v po\u0159\u00e1dku, nebo v p\u0159\u00edpadn\u00e9m odmontov\u00e1n\u00ed nevyhovuj\u00edc\u00edch, by se mohla zvl\u00e1dnout d\u0159\u00edve a h\u0159i\u0161t\u011b se otev\u0159\u00edt. V\u0161ak na to byl \u010das od poloviny listopadu, kdy se h\u0159i\u0161t\u011b uzav\u0159ela. A \u017ee nejsou nasmlouv\u00e1n\u00ed spr\u00e1vci? Je takov\u00fd probl\u00e9m s nimi prodlou\u017eit smlouvu o m\u011bs\u00edc?<\/p>\n<p class=\"p1\">Koneckonc\u016f, ani p\u0159\u00edli\u0161 nerozum\u00edm tomu, pro\u010d se vlastn\u011b h\u0159i\u0161t\u011b na zimu zamykaj\u00ed. Pokud je to z d\u016fvodu bezpe\u010dnosti, kdy by mohl n\u011bkdo uklouznout na n\u00e1mraze, tak to nem\u00e1 p\u0159\u00edli\u0161 v\u00fdznam v souvislosti s t\u00edm, \u017ee h\u0159i\u0161t\u011b v rekrea\u010dn\u00ed oblasti Palava nen\u00ed oploceno v\u016fbec, tud\u00ed\u017e ani uzam\u010deno. Domn\u00edv\u00e1m se, \u017ee p\u0159\u00edpadn\u00e9 uklouznut\u00ed na sn\u011bhov\u00e9 pokr\u00fdvce, kter\u00e1 by co do po\u010dtu dn\u016f za rok dala spo\u010d\u00edtat na prstech, je na zodpov\u011bdnosti rodi\u010d\u016f, zda v tomto obdob\u00ed d\u011bti na h\u0159i\u0161t\u011b po\u0161lou.<\/p>\n<p class=\"p1\">A tak nezb\u00fdv\u00e1, ne\u017e s tou\u017eebn\u00fdm pohledem na proslun\u011bn\u00e9 Blansko \u010dekat, a\u017e se nach\u00fdl\u00ed vhodn\u00fd \u010das, kter\u00fd stanovil n\u011bkdo od stolu bez schopnosti reagovat na aktu\u00e1ln\u00ed situaci, chodit kolem zam\u010den\u00fdch h\u0159i\u0161\u0165 a litovat, \u017ee m\u00edsto pohybu sed\u00ed d\u011bti doma u po\u010d\u00edta\u010de. A doufat, \u017ee p\u0159\u00ed\u0161t\u00ed rok by tomu mohlo b\u00fdt jinak, pokud bude v\u016fle zm\u011bnit zajet\u00e9 koleje.<\/p>\n<p class=\"p3\"><b>-mha- <\/b><\/p>\n","protected":false},"excerpt":{"rendered":"<p>08Leto\u0161n\u00ed jaro, zd\u00e1 se, na sebe nenechalo dlouho \u010dekat. P\u0159izn\u00e1v\u00e1m, \u017ee v zim\u011b se ze m\u011b a m\u00fdch d\u011bt\u00ed st\u00e1vaj\u00ed<\/p>\n","protected":false},"author":1,"featured_media":3896,"comment_status":"open","ping_status":"closed","sticky":false,"template":"","format":"standard","meta":[],"categories":[27],"tags":[],"_links":{"self":[{"href":"https:\/\/www.monitor-bk.cz\/index.php?rest_route=\/wp\/v2\/posts\/5430"}],"collection":[{"href":"https:\/\/www.monitor-bk.cz\/index.php?rest_route=\/wp\/v2\/posts"}],"about":[{"href":"https:\/\/www.monitor-bk.cz\/index.php?rest_route=\/wp\/v2\/types\/post"}],"author":[{"embeddable":true,"href":"https:\/\/www.monitor-bk.cz\/index.php?rest_route=\/wp\/v2\/users\/1"}],"replies":[{"embeddable":true,"href":"https:\/\/www.monitor-bk.cz\/index.php?rest_route=%2Fwp%2Fv2%2Fcomments&post=5430"}],"version-history":[{"count":1,"href":"https:\/\/www.monitor-bk.cz\/index.php?rest_route=\/wp\/v2\/posts\/5430\/revisions"}],"predecessor-version":[{"id":5431,"href":"https:\/\/www.monitor-bk.cz\/index.php?rest_route=\/wp\/v2\/posts\/5430\/revisions\/5431"}],"wp:featuredmedia":[{"embeddable":true,"href":"https:\/\/www.monitor-bk.cz\/index.php?rest_route=\/wp\/v2\/media\/3896"}],"wp:attachment":[{"href":"https:\/\/www.monitor-bk.cz\/index.php?rest_route=%2Fwp%2Fv2%2Fmedia&parent=5430"}],"wp:term":[{"taxonomy":"category","embeddable":true,"href":"https:\/\/www.monitor-bk.cz\/index.php?rest_route=%2Fwp%2Fv2%2Fcategories&post=5430"},{"taxonomy":"post_tag","embeddable":true,"href":"https:\/\/www.monitor-bk.cz\/index.php?rest_route=%2Fwp%2Fv2%2Ftags&post=5430"}],"curies":[{"name":"wp","href":"https:\/\/api.w.org\/{rel}","templated":true}]}}