{"id":5427,"date":"2019-03-07T08:16:15","date_gmt":"2019-03-07T07:16:15","guid":{"rendered":"http:\/\/www.monitor-bk.cz\/?p=5427"},"modified":"2019-03-07T08:15:09","modified_gmt":"2019-03-07T07:15:09","slug":"vandalove-napachaji-pulmilionove-skody-rocne","status":"publish","type":"post","link":"https:\/\/www.monitor-bk.cz\/?p=5427","title":{"rendered":"Vandalov\u00e9 nap\u00e1chaj\u00ed p\u016flmilionov\u00e9 \u0161kody ro\u010dn\u011b"},"content":{"rendered":"<p class=\"p1\"><b> <a href=\"https:\/\/www.monitor-bk.cz\/wp-content\/uploads\/2019\/03\/03_web.jpg\"><img decoding=\"async\" loading=\"lazy\" class=\"alignleft size-full wp-image-5428\" src=\"https:\/\/www.monitor-bk.cz\/wp-content\/uploads\/2019\/03\/03_web.jpg\" alt=\"\" width=\"1565\" height=\"991\" srcset=\"https:\/\/www.monitor-bk.cz\/wp-content\/uploads\/2019\/03\/03_web.jpg 1565w, https:\/\/www.monitor-bk.cz\/wp-content\/uploads\/2019\/03\/03_web-126x80.jpg 126w, https:\/\/www.monitor-bk.cz\/wp-content\/uploads\/2019\/03\/03_web-300x190.jpg 300w, https:\/\/www.monitor-bk.cz\/wp-content\/uploads\/2019\/03\/03_web-768x486.jpg 768w, https:\/\/www.monitor-bk.cz\/wp-content\/uploads\/2019\/03\/03_web-800x507.jpg 800w\" sizes=\"(max-width: 1565px) 100vw, 1565px\" \/><\/a>P\u016fl milionu korun. To je \u0161koda, kterou vandalov\u00e9 nap\u00e1chaj\u00ed v Blansku ka\u017ed\u00fd rok, a to nejen ni\u010den\u00edm ve\u0159ejn\u00e9ho mobili\u00e1\u0159e, majetku m\u011bsta \u010di dopravn\u00edch zna\u010dek, ale tak\u00e9 sprejov\u00e1n\u00edm po budov\u00e1ch. Veden\u00ed m\u011bsta se chyst\u00e1 zasahovat r\u00e1zn\u011bji ne\u017e dosud, jeliko\u017e boj proti vandalismu je jednou z priorit programov\u00e9ho prohl\u00e1\u0161en\u00ed. <\/b><!--more--><\/p>\n<p class=\"p1\">\u201eVandalsk\u00e9 \u00fatoky m\u011b opravdu u\u017e dlouho \u0161tvou. T\u0159eba jen poni\u010den\u00edm odpadkov\u00fdch ko\u0161\u016f ve m\u011bst\u011b zp\u016fsobili vandalov\u00e9 loni \u0161kodu p\u0159esahuj\u00edc\u00ed 230 tis\u00edc korun. V\u00edm, \u017ee je t\u011b\u017ek\u00e9 vandaly dopadnout a usv\u011bd\u010dit, proto navrhnu, abychom uva\u017eovali o odm\u011bn\u00e1ch za dopaden\u00ed sprejer\u016f a dal\u0161\u00edch vandal\u016f,\u201c \u0159\u00edk\u00e1 starosta Blanska Ji\u0159\u00ed Crha.<\/p>\n<p class=\"p1\">\u201eV lo\u0148sk\u00e9m roce, kdy\u017e jsme zasadili nov\u00e9 vzrostl\u00e9 stromy na Zborovc\u00edch, do druh\u00e9ho dne je n\u011bkdo i s ko\u0159eny vytrhal a odcizil. Je to takov\u00e1 rarita, proto\u017ee nen\u00ed p\u0159ece mo\u017en\u00e9, aby n\u011bkdo bez pov\u0161imnut\u00ed ostatn\u00edch ob\u010dan\u016f vytrhl strom ze zem\u011b a odnesl jej pry\u010d. \u0160koda byla tenkr\u00e1t vy\u010d\u00edslena na p\u011btat\u0159icet tis\u00edc korun. Co se t\u00fdk\u00e1 sprejer\u016f, ti jen za lo\u0148sk\u00fd rok zp\u016fsobili na n\u011bkolika budov\u00e1ch v\u010detn\u011b radnice \u0161kody za zhruba 120 tis\u00edc korun,\u201c zm\u00ednil vedouc\u00ed odboru komun\u00e1ln\u00edch slu\u017eeb Martin Skl\u00e1\u0159. Pr\u00e1v\u011b sprejerstv\u00ed se v\u0161ak t\u011b\u017eko dokazuje. \u201eSprejera prost\u011b mus\u00edte nejl\u00e9pe chytit za ruku p\u0159\u00edmo p\u0159i \u010dinu,\u201c uvedl \u0159editel M\u011bstsk\u00e9 policie Blansko Lepka s t\u00edm, \u017ee letos ji\u017e \u0159e\u0161ili policist\u00e9 v Blansku t\u0159i \u00fatoky sprejer\u016f. Loni jich bylo celkem dvaadvacet.<\/p>\n<p class=\"p1\">\u201eMno\u017e\u00ed se v\u0161ak i po\u0161kozov\u00e1n\u00ed zaparkovan\u00fdch aut. Proto se sna\u017e\u00edme v\u00edc v\u011bnovat obch\u016fzkov\u00e9 \u010dinnosti v rizikov\u00fdch lokalit\u00e1ch, kde se \u00fatoky vandal\u016f objevuj\u00ed nej\u010dast\u011bji,\u201c \u0159ekl vedouc\u00ed \u00fazemn\u00edho odboru Blansko Policie \u010cR Zden\u011bk Gr\u00e9nar.<\/p>\n<p class=\"p2\"><b>-mha-<\/b><\/p>\n","protected":false},"excerpt":{"rendered":"<p>P\u016fl milionu korun. To je \u0161koda, kterou vandalov\u00e9 nap\u00e1chaj\u00ed v Blansku ka\u017ed\u00fd rok, a to nejen ni\u010den\u00edm ve\u0159ejn\u00e9ho mobili\u00e1\u0159e, majetku<\/p>\n","protected":false},"author":1,"featured_media":5428,"comment_status":"open","ping_status":"closed","sticky":false,"template":"","format":"standard","meta":[],"categories":[5],"tags":[],"_links":{"self":[{"href":"https:\/\/www.monitor-bk.cz\/index.php?rest_route=\/wp\/v2\/posts\/5427"}],"collection":[{"href":"https:\/\/www.monitor-bk.cz\/index.php?rest_route=\/wp\/v2\/posts"}],"about":[{"href":"https:\/\/www.monitor-bk.cz\/index.php?rest_route=\/wp\/v2\/types\/post"}],"author":[{"embeddable":true,"href":"https:\/\/www.monitor-bk.cz\/index.php?rest_route=\/wp\/v2\/users\/1"}],"replies":[{"embeddable":true,"href":"https:\/\/www.monitor-bk.cz\/index.php?rest_route=%2Fwp%2Fv2%2Fcomments&post=5427"}],"version-history":[{"count":1,"href":"https:\/\/www.monitor-bk.cz\/index.php?rest_route=\/wp\/v2\/posts\/5427\/revisions"}],"predecessor-version":[{"id":5429,"href":"https:\/\/www.monitor-bk.cz\/index.php?rest_route=\/wp\/v2\/posts\/5427\/revisions\/5429"}],"wp:featuredmedia":[{"embeddable":true,"href":"https:\/\/www.monitor-bk.cz\/index.php?rest_route=\/wp\/v2\/media\/5428"}],"wp:attachment":[{"href":"https:\/\/www.monitor-bk.cz\/index.php?rest_route=%2Fwp%2Fv2%2Fmedia&parent=5427"}],"wp:term":[{"taxonomy":"category","embeddable":true,"href":"https:\/\/www.monitor-bk.cz\/index.php?rest_route=%2Fwp%2Fv2%2Fcategories&post=5427"},{"taxonomy":"post_tag","embeddable":true,"href":"https:\/\/www.monitor-bk.cz\/index.php?rest_route=%2Fwp%2Fv2%2Ftags&post=5427"}],"curies":[{"name":"wp","href":"https:\/\/api.w.org\/{rel}","templated":true}]}}