{"id":5419,"date":"2019-02-26T08:03:04","date_gmt":"2019-02-26T07:03:04","guid":{"rendered":"http:\/\/www.monitor-bk.cz\/?p=5419"},"modified":"2019-02-21T15:00:03","modified_gmt":"2019-02-21T14:00:03","slug":"knizni-blesi-trh","status":"publish","type":"post","link":"https:\/\/www.monitor-bk.cz\/?p=5419","title":{"rendered":"Kni\u017en\u00ed ble\u0161\u00ed trh"},"content":{"rendered":"<p class=\"p1\"><b> <a href=\"https:\/\/www.monitor-bk.cz\/wp-content\/uploads\/2019\/02\/09_web.jpg\"><img decoding=\"async\" loading=\"lazy\" class=\"alignleft size-full wp-image-5420\" src=\"https:\/\/www.monitor-bk.cz\/wp-content\/uploads\/2019\/02\/09_web.jpg\" alt=\"\" width=\"1417\" height=\"1062\" srcset=\"https:\/\/www.monitor-bk.cz\/wp-content\/uploads\/2019\/02\/09_web.jpg 1417w, https:\/\/www.monitor-bk.cz\/wp-content\/uploads\/2019\/02\/09_web-107x80.jpg 107w, https:\/\/www.monitor-bk.cz\/wp-content\/uploads\/2019\/02\/09_web-300x225.jpg 300w, https:\/\/www.monitor-bk.cz\/wp-content\/uploads\/2019\/02\/09_web-768x576.jpg 768w, https:\/\/www.monitor-bk.cz\/wp-content\/uploads\/2019\/02\/09_web-800x600.jpg 800w\" sizes=\"(max-width: 1417px) 100vw, 1417px\" \/><\/a><\/b><\/p>\n<p class=\"p1\"><b>V sobotu 9. b\u0159ezna se v M\u011bstsk\u00e9 knihovn\u011b Blansko uskute\u010dn\u00ed kni\u017en\u00ed ble\u0161\u00ed trh, kter\u00fd umo\u017en\u00ed lidem prodat p\u0159ebyte\u010dn\u00e9 knihy a t\u011bm druh\u00fdm naopak mo\u017en\u00e1 sehnat kousky, po nich\u017e ji\u017e del\u0161\u00ed dobu prahli.<\/b><!--more--><\/p>\n<p class=\"p1\">Knihy, ale t\u0159eba i \u010dasopisy, gramofonov\u00e9 desky, c\u00e9d\u00e9\u010dka bude mo\u017en\u00e9 zakoupit (p\u0159\u00edpadn\u011b vym\u011bnit) od 14 do 17 hodin v kulturn\u00ed m\u00edstnosti ve \u010dtvrt\u00e9m pat\u0159e knihovny. Pro d\u011bti bude p\u0159ipraven d\u011btsk\u00fd koutek a z\u00e1rove\u0148 bude otev\u0159eno d\u011btsk\u00e9 odd\u011blen\u00ed.<\/p>\n<p class=\"p1\">Pokud m\u00e1te z\u00e1jem prodat svoje po l\u00e9ta st\u0159\u00e1dan\u00e9 knihy nebo d\u011bdictv\u00ed po babi\u010dce, rezervujte si stolek na e-mailu mollova@mk.blansko.cz nebo p\u0159\u00edmo v knihovn\u011b na odd\u011blen\u00ed pro dosp\u011bl\u00e9. Vy ostatn\u00ed, kdo prahnete po \u010dtivu, p\u0159ij\u010fte v sobotu odpoledne do knihovny a jist\u011b si n\u011bjak\u00fd kousek za p\u0159\u00edznivou cenu vyberete.<\/p>\n<p class=\"p2\"><b>-mha- <\/b><\/p>\n","protected":false},"excerpt":{"rendered":"<p>V sobotu 9. b\u0159ezna se v M\u011bstsk\u00e9 knihovn\u011b Blansko uskute\u010dn\u00ed kni\u017en\u00ed ble\u0161\u00ed trh, kter\u00fd umo\u017en\u00ed lidem prodat p\u0159ebyte\u010dn\u00e9 knihy a<\/p>\n","protected":false},"author":1,"featured_media":5420,"comment_status":"open","ping_status":"closed","sticky":false,"template":"","format":"standard","meta":[],"categories":[81],"tags":[],"_links":{"self":[{"href":"https:\/\/www.monitor-bk.cz\/index.php?rest_route=\/wp\/v2\/posts\/5419"}],"collection":[{"href":"https:\/\/www.monitor-bk.cz\/index.php?rest_route=\/wp\/v2\/posts"}],"about":[{"href":"https:\/\/www.monitor-bk.cz\/index.php?rest_route=\/wp\/v2\/types\/post"}],"author":[{"embeddable":true,"href":"https:\/\/www.monitor-bk.cz\/index.php?rest_route=\/wp\/v2\/users\/1"}],"replies":[{"embeddable":true,"href":"https:\/\/www.monitor-bk.cz\/index.php?rest_route=%2Fwp%2Fv2%2Fcomments&post=5419"}],"version-history":[{"count":1,"href":"https:\/\/www.monitor-bk.cz\/index.php?rest_route=\/wp\/v2\/posts\/5419\/revisions"}],"predecessor-version":[{"id":5421,"href":"https:\/\/www.monitor-bk.cz\/index.php?rest_route=\/wp\/v2\/posts\/5419\/revisions\/5421"}],"wp:featuredmedia":[{"embeddable":true,"href":"https:\/\/www.monitor-bk.cz\/index.php?rest_route=\/wp\/v2\/media\/5420"}],"wp:attachment":[{"href":"https:\/\/www.monitor-bk.cz\/index.php?rest_route=%2Fwp%2Fv2%2Fmedia&parent=5419"}],"wp:term":[{"taxonomy":"category","embeddable":true,"href":"https:\/\/www.monitor-bk.cz\/index.php?rest_route=%2Fwp%2Fv2%2Fcategories&post=5419"},{"taxonomy":"post_tag","embeddable":true,"href":"https:\/\/www.monitor-bk.cz\/index.php?rest_route=%2Fwp%2Fv2%2Ftags&post=5419"}],"curies":[{"name":"wp","href":"https:\/\/api.w.org\/{rel}","templated":true}]}}