{"id":5216,"date":"2018-10-01T07:14:54","date_gmt":"2018-10-01T05:14:54","guid":{"rendered":"http:\/\/www.monitor-bk.cz\/?p=5216"},"modified":"2018-09-28T21:44:27","modified_gmt":"2018-09-28T19:44:27","slug":"sampionka-stloukalova-v-basketbalu-si-obcas-moc-neverim","status":"publish","type":"post","link":"https:\/\/www.monitor-bk.cz\/?p=5216","title":{"rendered":"\u0160ampionka Stloukalov\u00e1: V basketbalu si ob\u010das moc nev\u011b\u0159\u00edm"},"content":{"rendered":"<p><b> <a href=\"https:\/\/www.monitor-bk.cz\/wp-content\/uploads\/2018\/09\/02_web-1.jpg\"><img decoding=\"async\" loading=\"lazy\" class=\"alignleft size-full wp-image-5217\" src=\"https:\/\/www.monitor-bk.cz\/wp-content\/uploads\/2018\/09\/02_web-1.jpg\" alt=\"\" width=\"1565\" height=\"1056\" srcset=\"https:\/\/www.monitor-bk.cz\/wp-content\/uploads\/2018\/09\/02_web-1.jpg 1565w, https:\/\/www.monitor-bk.cz\/wp-content\/uploads\/2018\/09\/02_web-1-119x80.jpg 119w, https:\/\/www.monitor-bk.cz\/wp-content\/uploads\/2018\/09\/02_web-1-300x202.jpg 300w, https:\/\/www.monitor-bk.cz\/wp-content\/uploads\/2018\/09\/02_web-1-768x518.jpg 768w, https:\/\/www.monitor-bk.cz\/wp-content\/uploads\/2018\/09\/02_web-1-800x540.jpg 800w\" sizes=\"(max-width: 1565px) 100vw, 1565px\" \/><\/a>\u0160estn\u00e1ctilet\u00e1 basketbalistka brn\u011bnsk\u00e9ho klubu \u017dabiny Kl\u00e1ra Stloukalov\u00e1 si p\u0159ed m\u011bs\u00edcem p\u0159ivezla dom\u016f do Blanska st\u0159\u00edbrnou medaili z mistrovstv\u00ed Evropy. Na velk\u00fd \u00fasp\u011bch, ale nejen na n\u011bj, si zavzpom\u00ednala v n\u00e1sleduj\u00edc\u00edm rozhovoru.<\/b><!--more--><\/p>\n<p><b> Tak u\u017e ti s postupuj\u00edc\u00edm \u010dasem do\u0161lo, \u010deho jste v Litv\u011b dos\u00e1hly?<\/b><\/p>\n<p>Tak poprv\u00e9 jsem si to uv\u011bdomila cestou dom\u016f v autobusu. To jsem si \u0159\u00edkala, jak velk\u00fd \u00fasp\u011bch se n\u00e1m vlastn\u011b poda\u0159il. A pak se to za\u010dalo m\u00edsit s takov\u00fdm smutkem, \u017ee se s holkama dlouho neuvid\u00edm. Ale samoz\u0159ejm\u011b p\u0159evl\u00e1dla ta radost.<\/p>\n<p><b> Sly\u0161el jsem o tob\u011b, \u017ee o sv\u00fdch basketbalov\u00fdch dovednostech dost pochybuje\u0161? Rozpt\u00fdlil \u0161ampion\u00e1t tyto pochybnosti?<\/b><\/p>\n<p>No abych \u0159ekla pravdu, tak moc ne. Ale asi to m\u00e1m jen v basketbalu, jinak si v ostatn\u00edch v\u011bcech pom\u011brn\u011b v\u011b\u0159\u00edm. Ale sna\u017e\u00edm se to zm\u011bnit.<\/p>\n<p><b> Te\u010f poj\u010fme k tv\u00fdm basketbalov\u00fdm za\u010d\u00e1tk\u016fm. Jak do\u0161lo k tomu, \u017ee jsi za\u010dala hr\u00e1t basketbal?<\/b><\/p>\n<p>Na dne\u0161n\u00ed dobu jsem za\u010dala pom\u011brn\u011b pozd\u011b, a\u017e v dev\u00edti letech. Chodila jsem do dru\u017einy s kamar\u00e1dkou \u00c1\u010fou \u0160merdovou (dnes tak\u00e9 hr\u00e1\u010dkou \u017dabin Brno \u2013 pozn. red.) a hodn\u011b jsme tam spolu hr\u00e1ly r\u016fzn\u00e9 hry v\u010detn\u011b h\u00e1zen\u00ed na ko\u0161. \u00c1din d\u011bde\u010dek je funkcion\u00e1\u0159 v d\u00edv\u010d\u00edm basketbalov\u00e9m klubu v Blansku, a tak jsme se jednoho dne rozhodly, \u017ee to s ko\u0161\u00edkovou zkus\u00edme v\u00e1\u017en\u011bji. M\u011bly jsme pocit, \u017ee s na\u0161\u00ed v\u00fd\u0161kou by to nemuselo b\u00fdt \u0161patn\u00e9. A z\u016fstaly jsme u toho dodnes.<\/p>\n<p><b> Ty jsi pak hr\u00e1la i v dal\u0161\u00edm blanensk\u00e9m klubu s chlapci. Mysl\u00ed\u0161 si, \u017ee to byla v\u00fdhoda pro dal\u0161\u00ed rozvoj?<\/b><\/p>\n<p>Ur\u010dit\u011b ano. Kluci toti\u017e hraj\u00ed jin\u00fdm stylem, je to tvrd\u0161\u00ed a tren\u00e9\u0159i k n\u00e1m p\u0159istupovali stejn\u011b jako ke kluk\u016fm. To znamen\u00e1, \u017ee n\u00e1s nab\u00e1dali k agresivn\u011bj\u0161\u00ed h\u0159e ne\u017e v klasick\u00e9m d\u00edv\u010d\u00edm klubu. A to se mi dodnes hod\u00ed p\u0159i m\u00e9 h\u0159e pod ko\u0161em. U\u017e od za\u010d\u00e1tku jsem toti\u017e nastupovala na pivotu.<\/p>\n<p>(Maminka Dana: \u201eKl\u00e1rce se klukama l\u00edbilo, proto\u017ee s nimi pr\u00fd byla v\u011bt\u0161\u00ed legrace a v\u00edc ji bavil i samotn\u00fd tr\u00e9nink.\u201c)<span class=\"Apple-converted-space\">\u00a0<\/span><\/p>\n<p><b> Pak jsi \u0161la do \u017dabin, kde t\u011b tr\u00e9nuje sou\u010dasn\u00fd reprezenta\u010dn\u00ed kou\u010d Richard Fousek? Je to podle tebe v\u00fdhoda?<\/b><\/p>\n<p>Asi jsem rad\u011bji, proto\u017ee mi \u0159\u00edk\u00e1, co m\u00e1m zlep\u0161it, jak m\u00e1m co hr\u00e1t. V tom je to asi v\u00fdhoda. Zn\u00e1 m\u011b a v\u00ed, co ode m\u011b \u010dekat a j\u00e1 zase naopak v\u00edm, co \u010dekat od n\u011bho. Dok\u00e1\u017ee m\u011b povzbudit hlavn\u011b ve chv\u00edl\u00edch, kdy o sob\u011b t\u0159eba pochybuji.<\/p>\n<p>(Maminka Dana: \u201eKl\u00e1rka m\u011bla i obdob\u00ed, kdy dokonce uva\u017eovala, \u017ee s basketbalem skon\u010d\u00ed. Pr\u00e1v\u011b tady j\u00ed tren\u00e9r Fousek pomohl dodanou sebed\u016fv\u011brou.\u201c)<\/p>\n<p><b> Vra\u0165me se do Litvy. Jak\u00fd z n\u00ed m\u00e1\u0161 nejv\u011bt\u0161\u00ed z\u00e1\u017eitek?<\/b><\/p>\n<p>Tak asi ten pocit, \u017ee jsem hr\u00e1la proti nejlep\u0161\u00edm hr\u00e1\u010dk\u00e1m v m\u00e9m v\u011bku z Evropy. U\u017e m\u016fj prvn\u00ed turnaj v reprezenta\u010dn\u00edm dresu byl hodn\u011b emotivn\u00ed. St\u00e1la jsem p\u0159i hymn\u011b v n\u00e1rodn\u00edm dresu, bylo to o hodn\u011b jin\u00e9, ne\u017e nap\u0159\u00edklad p\u0159i ligov\u00e9m utk\u00e1n\u00ed. Pak samoz\u0159ejm\u011b v\u0161echny z\u00e1pasy v\u010detn\u011b toho o zlato a tak\u00e9 ceremoni\u00e1l s p\u0159ed\u00e1v\u00e1n\u00edm medail\u00ed.<span class=\"Apple-converted-space\">\u00a0<\/span><\/p>\n<p>Krom\u011b basketbalu jsme toho moc nestihly, ob\u010das n\u011bjak\u00fd n\u00e1kup, ale na pozn\u00e1v\u00e1n\u00ed m\u011bsta moc \u010dasu nebylo a j\u00e1 nav\u00edc rad\u011bji d\u00e1vala p\u0159ednost odpo\u010dinku.<\/p>\n<p><b> Hned v prvn\u00edm z\u00e1pase s Franci\u00ed jsi byla neju\u017eite\u010dn\u011bj\u0161\u00ed hr\u00e1\u010dkou, dodalo ti to sebed\u016fv\u011bru pro dal\u0161\u00ed pokra\u010dov\u00e1n\u00ed \u0161ampion\u00e1tu?<\/b><\/p>\n<p>Tak opravdu m\u011b to nejprve hodn\u011b nakoplo. \u0160ly jsme do toho \u00favodu \u0161ampion\u00e1tu s holkama s t\u00edm, \u017ee t\u0159eba proti Francii nem\u00e1me co ztratit. A o to uvoln\u011bn\u011bji jsme hr\u00e1ly, v\u010detn\u011b m\u011b. Ale pak na m\u011b dopadla jak\u00e1si t\u00edha odpov\u011bdnosti, \u017ee bych m\u011bla b\u00fdt n\u011bjak\u00fd tahoun, a to sp\u00ed\u0161e chv\u00edli sr\u00e1\u017eelo m\u016fj v\u00fdkon.<\/p>\n<p><b> Jeden z\u00e1pas jsi nehr\u00e1la kv\u016fli zran\u011bn\u00ed, o co \u0161lo?<\/b><\/p>\n<p>Bylo to v posledn\u00edm z\u00e1pase z\u00e1kladn\u00ed skupiny proti Belgii. Asi v polovin\u011b utk\u00e1n\u00ed s Tureckem jsem si lehce poranila kotn\u00edk. Nebylo to nic v\u00e1\u017en\u00e9ho, ale rad\u011bji jsem ten n\u00e1sleduj\u00edc\u00ed z\u00e1pas nenastoupila, abych to nezhor\u0161ila a byla p\u0159ipravena na vy\u0159azovac\u00ed boje, proto\u017ee p\u0159ed duelem s Belgi\u00ed jsme u\u017e m\u011bly zaji\u0161t\u011bn\u00fd postup. A pr\u00e1v\u011b z\u00e1pas proti Nizozemk\u00e1m v osmifin\u00e1le byl jedn\u00edm z kl\u00ed\u010dov\u00fdch. <span class=\"Apple-converted-space\">\u00a0<\/span><\/p>\n<p><b> Jak\u00fd byl ten nejt\u011b\u017e\u0161\u00ed z\u00e1pas?<\/b><\/p>\n<p>Asi a\u017e fin\u00e1le proti It\u00e1lii. A mysl\u00edm to hlavn\u011b basketbalov\u011b. Italky byly opravdu siln\u00e9, nav\u00edc m\u011bly v\u00fd\u0161kovou p\u0159evahu. Nav\u00edc ta nervozita z boje o zlato zp\u016fsobila, \u017ee jsme od za\u010d\u00e1tku zbyte\u010dn\u011b kazily i lehk\u00e9 p\u0159ihr\u00e1vky a Italky n\u00e1m hodn\u011b utekly. Tak\u017ee v tom to bylo asi nejt\u011b\u017e\u0161\u00ed. Pro tren\u00e9ry to bylo asi \u010dtvrtfin\u00e1le s Ma\u010farkami, proto\u017ee \u0161lo o postup do boj\u016f o medaile.<span class=\"Apple-converted-space\">\u00a0<\/span><\/p>\n<p><b> Fin\u00e1le bylo nakonec po tom \u0161patn\u00e9m za\u010d\u00e1tku velmi dramatick\u00e9 a ke zlatu nebylo daleko. U\u017e to p\u0159ebolelo?<\/b><\/p>\n<p>Tak p\u0159ed posledn\u00ed \u010dtvrtinou, kdy jsme prohr\u00e1valy o 16 bod\u016f, by na n\u00e1s asi u\u017e nikdo nevsadil. Najednou jsme ale daly 12 bod\u016f v \u0159ad\u011b a ke konci jsme sahaly i po vyrovn\u00e1n\u00ed. Nakonec to nevy\u0161lo, tak\u017ee to chv\u00edli po fin\u00e1le hodn\u011b mrzelo, ale nakonec p\u0159evl\u00e1dla ta radost ze st\u0159\u00edbra.<\/p>\n<p><b> Jak\u00fd byl naopak prvn\u00ed pocit po vyhran\u00e9m semifin\u00e1le a tedy jistot\u011b medaile?<\/b><\/p>\n<p>Tak j\u00e1 si to prvn\u011b v\u016fbec neuv\u011bdomovala. Pak jsem si \u0159\u00edkala: ty jo, my u\u017e m\u00e1me jistou medaili a p\u0159ipomn\u011blo mi to pocit po vyhran\u00e9m semifin\u00e1le na mistrovstv\u00ed republiky do 17 let v kv\u011btnu proti USK Praha. Ur\u010dit\u011b je to lep\u0161\u00ed pocit, ne\u017e j\u00edt do boje o 3. m\u00edsto a tu medaili jistou je\u0161t\u011b nem\u00edt.<\/p>\n<p><b> Na hodn\u011b z\u00e1pas\u016f a turnaj\u016f se jezd\u00ed d\u00edvat i rodi\u010de. Byla jsi r\u00e1da, \u017ee byli tak\u00e9 v Litv\u011b?<\/b><\/p>\n<p>V lize u\u017e to tak moc nevn\u00edm\u00e1m, ale pr\u00e1v\u011b na mistrovstv\u00ed Evropy jsem opravdu r\u00e1da byla.<\/p>\n<p>(Maminka Dana: \u201eByla jsem klidn\u011bj\u0161\u00ed, \u017ee ji m\u00e1m bl\u00ed\u017e, ne\u017e kdybych byla tis\u00edc kilometr\u016f daleko.\u201c)<\/p>\n<p><b> Poj\u010fme k jednomu m\u00e9n\u011b p\u0159\u00edjemn\u00e9mu t\u00e9matu, o kter\u00e9m se ale nezdr\u00e1h\u00e1\u0161 mluvit a t\u00edm je tv\u016fj zdravotn\u00ed handicap v podob\u011b cukrovky. Jak to jde dohromady s basketbalem na tak vysok\u00e9 \u00farovni?<\/b><\/p>\n<p>Tak j\u00e1 hraji s pocitem, \u017ee m\u011b to nijak zvl\u00e1\u0161\u0165 neomezuje. U\u017e dob\u0159e pozn\u00e1m, kdy si mus\u00edm p\u00edchnout inzul\u00edn i jak se spr\u00e1vn\u011b naj\u00edst, abych t\u0159eba mohla odehr\u00e1t v pohod\u011b cel\u00fd z\u00e1pas. Nav\u00edc jsem domluven\u00e1 s tren\u00e9rem, \u017ee v p\u0159\u00edpad\u011b jak\u00fdchkoliv pot\u00ed\u017e\u00ed m\u011b ihned vyst\u0159\u00edd\u00e1.<\/p>\n<p>(Maminka Dana: \u201eSamoz\u0159ejm\u011b jsme zji\u0161\u0165ovali, jak a kdy m\u00e1 co ud\u011blat a nav\u00edc s p\u0159ib\u00fdvaj\u00edc\u00edm v\u011bkem je to jednodu\u0161\u0161\u00ed. Samoz\u0159ejm\u011b ur\u010dit\u00e9 obavy m\u00e1m po\u0159\u00e1d, i kdy\u017e pr\u00e1v\u011b v reprezentaci je velmi kvalitn\u00ed zdravotnick\u00fd servis.\u201c)<\/p>\n<p><b> Mysl\u00ed\u0161 si, \u017ee jsi tedy n\u00e1zorn\u00fdm p\u0159\u00edkladem, \u017ee i s cukrovkou se d\u00e1 \u00fasp\u011b\u0161n\u011b sportovat?<\/b><\/p>\n<p>J\u00e1 jin\u00e9ho sportovce s cukrovkou osobn\u011b nezn\u00e1m, ale p\u0159i spr\u00e1vn\u00e9m p\u0159\u00edstupu se to n\u011bjak ur\u010dit\u011b zvl\u00e1dat d\u00e1. Ale je to i o v\u00fdb\u011bru sportu. D\u0159\u00edve jsem je\u0161t\u011b plavala a tam ta \u00fanava ve spojitosti s cukrovkou byla v\u011bt\u0161\u00ed. Ale d\u011blala jsem i step a street dance.<\/p>\n<p><b> M\u00e1\u0161 je\u0161t\u011b \u010das na jin\u00e9 kon\u00ed\u010dky?<\/b><\/p>\n<p>No moc ne, proto\u017ee v sez\u00f3n\u011b hraji ka\u017ed\u00fd v\u00edkend z\u00e1pasy, nav\u00edc je to v\u011bt\u0161inou v sobotu i v ned\u011bli. Ale hr\u00e1la jsem doposud na klav\u00edr a po sedmi letech jsem \u00fasp\u011b\u0161n\u011b absolvovala 1. stupe\u0148. Te\u010f po n\u00e1stupu na st\u0159edn\u00ed \u0161kolu u\u017e ale pokra\u010dovat nebudu, proto\u017ee toho \u010dasu bude je\u0161t\u011b m\u00e9n\u011b.<\/p>\n<p><b> Ty jsi nakonec odm\u00edtla nastoupit na sportovn\u00ed gymn\u00e1zium v Brn\u011b, kter\u00e9 je prov\u00e1z\u00e1no se \u017eabinsk\u00fdm klubem. Rozhodla ses pro gymn\u00e1zium v Blansku? Co t\u011b k tomu vedlo?<\/b><\/p>\n<p>Tak d\u016fvod\u016f bylo v\u00edc. Musela bych brzy vst\u00e1vat a mo\u017en\u00e1 bych byla zbyte\u010dn\u011b p\u0159etr\u00e9novan\u00e1. Nav\u00edc preferuji \u0161kolu, proto\u017ee ta je pro m\u011b d\u016fle\u017eit\u011bj\u0161\u00ed ne\u017e basketbal.<\/p>\n<p>Krom\u011b toho m\u00e1m v Blansku velk\u00e9 kamar\u00e1dky, kter\u00e9 jsou tak\u00e9 hr\u00e1\u010dky \u017dabin. Krom\u011b \u00c1di \u0160merdov\u00e9 je to hlavn\u011b Em\u010da Hor\u00e1kov\u00e1, a proto\u017ee na gymn\u00e1ziu je basketbalistek v\u00edce, tak to na\u0161e \u0161koln\u00ed dru\u017estvo m\u016f\u017ee b\u00fdt ve st\u0159edo\u0161kolsk\u00fdch sout\u011b\u017e\u00edch hodn\u011b siln\u00e9.<\/p>\n<p>Ale je mo\u017en\u00e9, \u017ee se t\u0159eba pozd\u011bji rozhodnu pro p\u0159estup na brn\u011bnsk\u00e9 sportovn\u00ed gymn\u00e1zium. Nav\u00edc by m\u011b mo\u017en\u00e1 v budoucnu l\u00e1kalo n\u011bjak\u00e9 studium v zahrani\u010d\u00ed spojen\u00e9 s basketbalem. Ale to je je\u0161t\u011b daleko, p\u0159esto\u017ee se mi po mistrovstv\u00ed Evropy ozvali n\u011bjac\u00ed skauti, nap\u0159\u00edklad z Francie.<\/p>\n<p>(Maminka Dana: \u201eKl\u00e1rka je\u0161t\u011b nem\u00e1 \u00fapln\u011b jasno o tom, \u010d\u00edm by cht\u011bla b\u00fdt. Krom\u011b gymn\u00e1zia usp\u011bla na p\u0159ij\u00edmac\u00edch zkou\u0161k\u00e1ch i na zdravotn\u00ed \u0161kole. M\u00e1 r\u00e1da lidi a hlavn\u011b d\u011bti, tak to mo\u017en\u00e1 spoj\u00ed s n\u011bjakou fyzioterapi\u00ed. J\u00e1 si ji um\u00edm p\u0159edstavit i jako l\u00e9ka\u0159ku, t\u0159eba diabetolo\u017eku.\u201c)<\/p>\n<p><b> M\u00e1\u0161 n\u011bjak\u00e9 p\u0159edem dan\u00e9 dlouhodob\u00e9 basketbalov\u00e9 pl\u00e1ny nebo to nech\u00e1v\u00e1\u0161 postupn\u011b plynout?<\/b><\/p>\n<p>Nech\u00e1v\u00e1m to plynout. V za\u010d\u00ednaj\u00edc\u00ed sez\u00f3n\u011b m\u011b \u010dek\u00e1 liga v Brn\u011b, s reprezenta\u010dn\u00edm t\u00fdmem do 17 let zat\u00edm \u017e\u00e1dn\u00e9 v\u011bt\u0161\u00ed akce napl\u00e1novan\u00e9 nejsou.<span class=\"Apple-converted-space\">\u00a0<\/span><\/p>\n<p><b> Tak a\u0165 se da\u0159\u00ed nejen v basketbalu, ale hlavn\u011b ve \u0161kole. A p\u0159edev\u0161\u00edm p\u0159eji hodn\u011b zdrav\u00ed.<\/b><\/p>\n<p><b>-kaj-<\/b><\/p>\n","protected":false},"excerpt":{"rendered":"<p>\u0160estn\u00e1ctilet\u00e1 basketbalistka brn\u011bnsk\u00e9ho klubu \u017dabiny Kl\u00e1ra Stloukalov\u00e1 si p\u0159ed m\u011bs\u00edcem p\u0159ivezla dom\u016f do Blanska st\u0159\u00edbrnou medaili z mistrovstv\u00ed Evropy. Na<\/p>\n","protected":false},"author":1,"featured_media":5217,"comment_status":"open","ping_status":"closed","sticky":false,"template":"","format":"standard","meta":[],"categories":[16,6],"tags":[],"_links":{"self":[{"href":"https:\/\/www.monitor-bk.cz\/index.php?rest_route=\/wp\/v2\/posts\/5216"}],"collection":[{"href":"https:\/\/www.monitor-bk.cz\/index.php?rest_route=\/wp\/v2\/posts"}],"about":[{"href":"https:\/\/www.monitor-bk.cz\/index.php?rest_route=\/wp\/v2\/types\/post"}],"author":[{"embeddable":true,"href":"https:\/\/www.monitor-bk.cz\/index.php?rest_route=\/wp\/v2\/users\/1"}],"replies":[{"embeddable":true,"href":"https:\/\/www.monitor-bk.cz\/index.php?rest_route=%2Fwp%2Fv2%2Fcomments&post=5216"}],"version-history":[{"count":1,"href":"https:\/\/www.monitor-bk.cz\/index.php?rest_route=\/wp\/v2\/posts\/5216\/revisions"}],"predecessor-version":[{"id":5218,"href":"https:\/\/www.monitor-bk.cz\/index.php?rest_route=\/wp\/v2\/posts\/5216\/revisions\/5218"}],"wp:featuredmedia":[{"embeddable":true,"href":"https:\/\/www.monitor-bk.cz\/index.php?rest_route=\/wp\/v2\/media\/5217"}],"wp:attachment":[{"href":"https:\/\/www.monitor-bk.cz\/index.php?rest_route=%2Fwp%2Fv2%2Fmedia&parent=5216"}],"wp:term":[{"taxonomy":"category","embeddable":true,"href":"https:\/\/www.monitor-bk.cz\/index.php?rest_route=%2Fwp%2Fv2%2Fcategories&post=5216"},{"taxonomy":"post_tag","embeddable":true,"href":"https:\/\/www.monitor-bk.cz\/index.php?rest_route=%2Fwp%2Fv2%2Ftags&post=5216"}],"curies":[{"name":"wp","href":"https:\/\/api.w.org\/{rel}","templated":true}]}}