{"id":5051,"date":"2018-05-03T20:11:59","date_gmt":"2018-05-03T18:11:59","guid":{"rendered":"http:\/\/www.monitor-bk.cz\/?p=5051"},"modified":"2018-05-03T11:24:32","modified_gmt":"2018-05-03T09:24:32","slug":"definitivni-rozsudek-pavelka-je-nevinny","status":"publish","type":"post","link":"https:\/\/www.monitor-bk.cz\/?p=5051","title":{"rendered":"Definitivn\u00ed rozsudek: Pavelka je nevinn\u00fd"},"content":{"rendered":"<p><strong><a href=\"https:\/\/www.monitor-bk.cz\/wp-content\/uploads\/2017\/04\/pavelka.jpg\"><img decoding=\"async\" loading=\"lazy\" class=\"alignleft size-full wp-image-3692\" src=\"https:\/\/www.monitor-bk.cz\/wp-content\/uploads\/2017\/04\/pavelka.jpg\" alt=\"\" width=\"1400\" height=\"933\" srcset=\"https:\/\/www.monitor-bk.cz\/wp-content\/uploads\/2017\/04\/pavelka.jpg 1400w, https:\/\/www.monitor-bk.cz\/wp-content\/uploads\/2017\/04\/pavelka-120x80.jpg 120w, https:\/\/www.monitor-bk.cz\/wp-content\/uploads\/2017\/04\/pavelka-300x200.jpg 300w, https:\/\/www.monitor-bk.cz\/wp-content\/uploads\/2017\/04\/pavelka-768x512.jpg 768w, https:\/\/www.monitor-bk.cz\/wp-content\/uploads\/2017\/04\/pavelka-1024x682.jpg 1024w\" sizes=\"(max-width: 1400px) 100vw, 1400px\" \/><\/a>Opakovan\u00e9 zpro\u0161t\u011bn\u00ed ob\u017ealoby zazn\u011blo u okresn\u00edho soudu 19. dubna, kdy se znovu projedn\u00e1val p\u0159\u00edpad sexu\u00e1ln\u00edho zneu\u017e\u00edv\u00e1n\u00ed a vyd\u00edr\u00e1n\u00ed, kter\u00e9 m\u011bl p\u00e1chat pr\u00e1vn\u00edk v penzi Martin Pavelka na sv\u00e9 tehdej\u0161\u00ed p\u0159\u00edtelkyni Jan\u011b Titlov\u00e9.\u00a0<\/strong><!--more--><\/p>\n<p>Na z\u00e1klad\u011b p\u0159edchoz\u00edch v\u00fdpov\u011bd\u00ed sv\u011bdk\u016f i psychologick\u00e9ho posudku soudn\u00ed znalkyn\u011b Blanky \u0160p\u00ed\u0161kov\u00e9, kter\u00e1 p\u0159ed soudem vypov\u00eddala na z\u00e1v\u011bre\u010dn\u00e9m l\u00ed\u010den\u00ed, neshledala p\u0159edsedkyn\u011b sen\u00e1tu Michaela Zummerov\u00e1 \u017e\u00e1dn\u00e9 p\u0159\u00edm\u00e9 d\u016fkazy, \u017ee by ke zn\u00e1sil\u0148ov\u00e1n\u00ed a vyd\u00edr\u00e1n\u00ed doch\u00e1zelo.<span class=\"Apple-converted-space\">\u00a0<\/span><\/p>\n<p>\u201ePochybnosti, kter\u00e9 z v\u00fdpov\u011bd\u00ed plynuly, se dnes je\u0161t\u011b prohloubily,\u201c zd\u016fvodnila soudkyn\u011b svoje rozhodnut\u00ed. Po\u0161kozen\u00e1 nap\u0159\u00edklad nenav\u0161t\u00edvila l\u00e9ka\u0159e, kdy\u017e se m\u011blo opakovan\u011b odehr\u00e1vat brut\u00e1ln\u00ed napaden\u00ed. Ani bl\u00edzc\u00ed z jej\u00edho okol\u00ed si nikdy nev\u0161imli \u017e\u00e1dn\u00fdch mod\u0159in, ani ni\u010deho, co by sv\u011bd\u010dilo o p\u00e1chan\u00e9m n\u00e1sil\u00ed.<span class=\"Apple-converted-space\">\u00a0<\/span><\/p>\n<p>\u201eJsem spokojen s verdiktem soudu, kdy jsem byl ji\u017e podruh\u00e9 osvobozen od ob\u017ealoby v cel\u00e9m rozsahu. Je to sice v\u00edt\u011bzstv\u00ed, ale za jakou cenu? \u017dalobkyni se vyda\u0159ila msta; po\u0161kodila m\u011b nejen spole\u010densky, ale i zdravotn\u011b. Budu po\u017eadovat ve\u0159ejnou omluvu, n\u00e1hradu nemajetkov\u00e9 \u0161kody a vr\u00e1cen\u00ed m\u00fdch v\u011bc\u00ed, jejich\u017e hodnota \u010din\u00ed n\u011bkolik set tis\u00edc korun. Hodl\u00e1m podat trestn\u00ed podn\u011bt za nepravdy a l\u017eiv\u00e9 na\u0159\u010den\u00ed,\u201c shrnuje pocity a pl\u00e1ny osvobozen\u00fd Martin Pavelka.<\/p>\n<p><b>-mha-<\/b><\/p>\n","protected":false},"excerpt":{"rendered":"<p>Opakovan\u00e9 zpro\u0161t\u011bn\u00ed ob\u017ealoby zazn\u011blo u okresn\u00edho soudu 19. dubna, kdy se znovu projedn\u00e1val p\u0159\u00edpad sexu\u00e1ln\u00edho zneu\u017e\u00edv\u00e1n\u00ed a vyd\u00edr\u00e1n\u00ed, kter\u00e9 m\u011bl<\/p>\n","protected":false},"author":1,"featured_media":3692,"comment_status":"open","ping_status":"closed","sticky":false,"template":"","format":"standard","meta":[],"categories":[19],"tags":[],"_links":{"self":[{"href":"https:\/\/www.monitor-bk.cz\/index.php?rest_route=\/wp\/v2\/posts\/5051"}],"collection":[{"href":"https:\/\/www.monitor-bk.cz\/index.php?rest_route=\/wp\/v2\/posts"}],"about":[{"href":"https:\/\/www.monitor-bk.cz\/index.php?rest_route=\/wp\/v2\/types\/post"}],"author":[{"embeddable":true,"href":"https:\/\/www.monitor-bk.cz\/index.php?rest_route=\/wp\/v2\/users\/1"}],"replies":[{"embeddable":true,"href":"https:\/\/www.monitor-bk.cz\/index.php?rest_route=%2Fwp%2Fv2%2Fcomments&post=5051"}],"version-history":[{"count":1,"href":"https:\/\/www.monitor-bk.cz\/index.php?rest_route=\/wp\/v2\/posts\/5051\/revisions"}],"predecessor-version":[{"id":5052,"href":"https:\/\/www.monitor-bk.cz\/index.php?rest_route=\/wp\/v2\/posts\/5051\/revisions\/5052"}],"wp:featuredmedia":[{"embeddable":true,"href":"https:\/\/www.monitor-bk.cz\/index.php?rest_route=\/wp\/v2\/media\/3692"}],"wp:attachment":[{"href":"https:\/\/www.monitor-bk.cz\/index.php?rest_route=%2Fwp%2Fv2%2Fmedia&parent=5051"}],"wp:term":[{"taxonomy":"category","embeddable":true,"href":"https:\/\/www.monitor-bk.cz\/index.php?rest_route=%2Fwp%2Fv2%2Fcategories&post=5051"},{"taxonomy":"post_tag","embeddable":true,"href":"https:\/\/www.monitor-bk.cz\/index.php?rest_route=%2Fwp%2Fv2%2Ftags&post=5051"}],"curies":[{"name":"wp","href":"https:\/\/api.w.org\/{rel}","templated":true}]}}