{"id":4943,"date":"2018-01-28T15:16:15","date_gmt":"2018-01-28T14:16:15","guid":{"rendered":"http:\/\/www.monitor-bk.cz\/?p=4943"},"modified":"2018-01-25T23:01:17","modified_gmt":"2018-01-25T22:01:17","slug":"ocima-obcanu-promarnena-prilezitost","status":"publish","type":"post","link":"https:\/\/www.monitor-bk.cz\/?p=4943","title":{"rendered":"O\u010dima ob\u010dan\u016f: Promarn\u011bn\u00e1 p\u0159\u00edle\u017eitost"},"content":{"rendered":"<p><strong><a href=\"https:\/\/www.monitor-bk.cz\/wp-content\/uploads\/2017\/12\/15_web.jpg\"><img decoding=\"async\" loading=\"lazy\" class=\"alignleft size-full wp-image-4909\" src=\"https:\/\/www.monitor-bk.cz\/wp-content\/uploads\/2017\/12\/15_web.jpg\" alt=\"\" width=\"1502\" height=\"845\" srcset=\"https:\/\/www.monitor-bk.cz\/wp-content\/uploads\/2017\/12\/15_web.jpg 1502w, https:\/\/www.monitor-bk.cz\/wp-content\/uploads\/2017\/12\/15_web-142x80.jpg 142w, https:\/\/www.monitor-bk.cz\/wp-content\/uploads\/2017\/12\/15_web-300x169.jpg 300w, https:\/\/www.monitor-bk.cz\/wp-content\/uploads\/2017\/12\/15_web-768x432.jpg 768w, https:\/\/www.monitor-bk.cz\/wp-content\/uploads\/2017\/12\/15_web-800x450.jpg 800w\" sizes=\"(max-width: 1502px) 100vw, 1502px\" \/><\/a>\u00a0\u00a0\u00a0\u00a0 Nezb\u00fdvalo ne\u017e zatleskat veden\u00ed m\u011bsta Blanska, kdy\u017e v roce 2014 rozhodlo o zbour\u00e1n\u00ed reliktu socialismu hyzd\u00edc\u00edm centrum m\u011bsta Blanska \u2013 hotelu Dukla. Mo\u017en\u00e1 se pro tento krok mohlo veden\u00ed m\u011bsta rozhodnout d\u0159\u00edve, hned pot\u00e9, co v roce 2011 za 30 milion\u016f korun hotel m\u011bsto zakoupilo, mo\u017en\u00e1 se radnice nemusela alibisticky pt\u00e1t obyvatel v referendu, nicm\u00e9n\u011b rozhodn\u011b to byl krok spr\u00e1vn\u00fdm sm\u011brem, kter\u00fd mohl nastartovat rozvoj centra m\u011bsta. <\/strong><!--more--><\/p>\n<p>Bohu\u017eel pouze mohl, nebo\u0165 dal\u0161\u00ed kroky veden\u00ed m\u011bsta u\u017e nelze sledovat jinak ne\u017e s \u00fadivem a zd\u011b\u0161en\u00edm. P\u0159edpokl\u00e1dan\u00e9 n\u00e1klady na demolici se odhadovaly na 10 mili\u00f3n\u016f korun. Podle starosty se m\u011bly \u00fapravy prostoru, uvoln\u011bn\u00e9ho zbouran\u00fdm hotelem Dukla, pozd\u011bji doladit s architekty. Ne\u017e se najde nejlep\u0161\u00ed \u0159e\u0161en\u00ed, m\u011bl na jeho m\u00edst\u011b st\u00e1t do\u010dasn\u011b mal\u00fd par\u010d\u00edk.<\/p>\n<p>A realita? M\u00edsto toho, aby veden\u00ed m\u011bsta nap\u0159\u00edklad vypsalo architektonickou sout\u011b\u017e, zadalo \u00fakol jedin\u00e9mu dvorn\u00edmu architektovi, kter\u00fd nachystal dv\u011b nep\u0159\u00edli\u0161 dokonal\u00e9, nav\u00edc t\u00e9m\u011b\u0159 stejn\u00e9 varianty \u00fapravy prostoru po hotelu Dukla.\u00a0 M\u011bsto tak promarnilo historickou a jedine\u010dnou \u0161anci upravit centrum m\u011bsta jako celek, nap\u0159\u00edklad posunut\u00edm silnice a prota\u017een\u00edm p\u011b\u0161\u00ed z\u00f3ny t\u0159eba a\u017e k mo\u017en\u00e9mu budouc\u00edmu vstupu do z\u00e1mku. Mohly se samoz\u0159ejm\u011b objevit i dal\u0161\u00ed zaj\u00edmav\u00e9 mo\u017enosti, kter\u00e9 by vze\u0161ly z otev\u0159en\u00e9 sout\u011b\u017ee mezi architekty. Kdyby se ov\u0161em konala.<\/p>\n<p>Stesky veden\u00ed m\u011bsta na to, \u017ee se ankety o v\u00fdb\u011bru kone\u010dn\u00e9 varianty ze dvou p\u0159edlo\u017een\u00fdch \u0159e\u0161en\u00ed z\u00fa\u010dastnilo m\u00e1lo lid\u00ed, jsou \u00fapln\u011b lich\u00e9 \u2013 pokud nen\u00ed z \u010deho vyb\u00edrat, nen\u00ed divu, \u017ee jsou obyvatel\u00e9 Blanska zdr\u017eenliv\u00ed. Stejn\u00fd d\u016fvod m\u011bla i n\u00edzk\u00e1 \u00fa\u010dast lid\u00ed na ve\u0159ejn\u00e9 diskusi k tomuto t\u00e9matu v m\u011bstsk\u00e9m kin\u011b.<\/p>\n<p>V\u00fdsledkem toho v\u0161eho je, \u017ee v centru m\u011bsta z\u016fst\u00e1v\u00e1 velk\u00e1 betonov\u00e1 relikvie, kter\u00e1 rozhodn\u011b nespojuje ob\u011b n\u00e1m\u011bst\u00ed a p\u011b\u0161\u00ed z\u00f3nu, jak radnice p\u016fvodn\u011b slibovala. Povznesme se nad to, \u017ee p\u0159es \u0159adu proklamac\u00ed o term\u00ednu dokon\u010den\u00ed nen\u00ed toto sporn\u00e9 d\u00edlo je\u0161t\u011b st\u00e1le hotovo (p\u016fvodn\u011b m\u011bly b\u00fdt pr\u00e1ce ukon\u010deny v listopadu 2016!!!). Mnohem pal\u010div\u011bj\u0161\u00ed je ot\u00e1zka, zda bude par\u010d\u00edk skute\u010dn\u011b vhodn\u00fdm m\u00edstem pro odpo\u010dinek a relaxaci. Zat\u00edm tomu nic nenasv\u011bd\u010duje. M\u00edsto pro sezen\u00ed pod\u00e9l Ro\u017emit\u00e1lovy ulice je trefn\u011b zv\u00e1no \u201eautobusovou zast\u00e1vkou\u201c (kde by snad v budoucnu m\u011bla vyr\u016fst kav\u00e1rna). Chyb\u00ed zde toti\u017e zast\u00edn\u011bn\u00ed proti slunci \u010di de\u0161ti a ani dal\u0161\u00ed prvky nevzbuzuj\u00ed p\u0159\u00edli\u0161 nad\u0161en\u00ed. Betonov\u00e9mu parku nav\u00edc v\u00e9vod\u00ed \u017eelezn\u00e1 krychle, kter\u00e1 se snad n\u011bkdy v budoucnu stane nezast\u0159e\u0161en\u00fdm podiem, te\u010f ale prostoru na kr\u00e1se rozhodn\u011b nep\u0159id\u00e1v\u00e1. Samostatnou ot\u00e1zkou je vyu\u017eit\u00ed vnit\u0159n\u00edch prostor, jejich\u017e rekonstrukce tak\u00e9 vyjde na nemalou \u010d\u00e1stku a je ot\u00e1zkou, zda m\u011bsto v\u016fbec kdy najde vhodn\u00e9ho n\u00e1jemce.<\/p>\n<p>V\u011bci bohu\u017eel do\u0161ly tak daleko, \u017ee te\u010f u\u017e nezb\u00fdv\u00e1 ne\u017e si povzdechnout nad t\u00edm, jak veden\u00ed m\u011bsta prohospoda\u0159ilo jedine\u010dnou mo\u017enost \u00fapravy centra m\u011bsta, je\u017e by si n\u011bco takov\u00e9ho jist\u011b zaslou\u017eilo. Mo\u017en\u00e1 cht\u011blo veden\u00ed m\u011bsta, aby po n\u011bm z\u016fstal v Blansku n\u011bjak\u00fd v\u00fdrazn\u00fd pomn\u00edk. Koneckonc\u016f, stejn\u011b se chovala i p\u0159edchoz\u00ed veden\u00ed m\u011bsta, p\u0159ipome\u0148me nam\u00e1tkou brownfield po ADASTU (jen\u017e sice nebyl majetkem m\u011bsta, nicm\u00e9n\u011b veden\u00ed m\u011bsta rezignovalo na to, aby m\u00edsto nevzhledn\u00e9ho\u00a0 pr\u016fmyslov\u00e9ho are\u00e1lu, kter\u00fd rozd\u011bluje st\u0159ed m\u011bsta na dv\u011b \u010d\u00e1sti, vyrostla obchodn\u011b-bytov\u00e1 \u010d\u00e1st, je\u017e by do st\u0159edu m\u011bsta zapadla), v\u00fd\u0161kov\u00e1 budova, kter\u00e1 z\u00edskala pr\u00e1vem pochybn\u00fd prim\u00e1t nejv\u011bt\u0161\u00edho billboardu v \u010cesku apod. V takov\u00e9m p\u0159\u00edpad\u011b se to blanensk\u00e9 radnici stoprocentn\u011b povedlo. A m\u011bstskou kasu to st\u00e1lo pakatel &#8211; pades\u00e1t milion\u016f korun.<\/p>\n<p><strong>Ing. Jan Ne\u010das<\/strong><\/p>\n","protected":false},"excerpt":{"rendered":"<p>\u00a0\u00a0\u00a0\u00a0 Nezb\u00fdvalo ne\u017e zatleskat veden\u00ed m\u011bsta Blanska, kdy\u017e v roce 2014 rozhodlo o zbour\u00e1n\u00ed reliktu socialismu hyzd\u00edc\u00edm centrum m\u011bsta Blanska<\/p>\n","protected":false},"author":1,"featured_media":4909,"comment_status":"open","ping_status":"closed","sticky":false,"template":"","format":"standard","meta":[],"categories":[5,77],"tags":[],"_links":{"self":[{"href":"https:\/\/www.monitor-bk.cz\/index.php?rest_route=\/wp\/v2\/posts\/4943"}],"collection":[{"href":"https:\/\/www.monitor-bk.cz\/index.php?rest_route=\/wp\/v2\/posts"}],"about":[{"href":"https:\/\/www.monitor-bk.cz\/index.php?rest_route=\/wp\/v2\/types\/post"}],"author":[{"embeddable":true,"href":"https:\/\/www.monitor-bk.cz\/index.php?rest_route=\/wp\/v2\/users\/1"}],"replies":[{"embeddable":true,"href":"https:\/\/www.monitor-bk.cz\/index.php?rest_route=%2Fwp%2Fv2%2Fcomments&post=4943"}],"version-history":[{"count":2,"href":"https:\/\/www.monitor-bk.cz\/index.php?rest_route=\/wp\/v2\/posts\/4943\/revisions"}],"predecessor-version":[{"id":4949,"href":"https:\/\/www.monitor-bk.cz\/index.php?rest_route=\/wp\/v2\/posts\/4943\/revisions\/4949"}],"wp:featuredmedia":[{"embeddable":true,"href":"https:\/\/www.monitor-bk.cz\/index.php?rest_route=\/wp\/v2\/media\/4909"}],"wp:attachment":[{"href":"https:\/\/www.monitor-bk.cz\/index.php?rest_route=%2Fwp%2Fv2%2Fmedia&parent=4943"}],"wp:term":[{"taxonomy":"category","embeddable":true,"href":"https:\/\/www.monitor-bk.cz\/index.php?rest_route=%2Fwp%2Fv2%2Fcategories&post=4943"},{"taxonomy":"post_tag","embeddable":true,"href":"https:\/\/www.monitor-bk.cz\/index.php?rest_route=%2Fwp%2Fv2%2Ftags&post=4943"}],"curies":[{"name":"wp","href":"https:\/\/api.w.org\/{rel}","templated":true}]}}