{"id":4827,"date":"2017-11-07T16:17:06","date_gmt":"2017-11-07T15:17:06","guid":{"rendered":"http:\/\/www.monitor-bk.cz\/?p=4827"},"modified":"2017-11-07T16:17:06","modified_gmt":"2017-11-07T15:17:06","slug":"na-kave-s-lukasem-dlapou","status":"publish","type":"post","link":"https:\/\/www.monitor-bk.cz\/?p=4827","title":{"rendered":"Na k\u00e1v\u011b s Luk\u00e1\u0161em Dlapou"},"content":{"rendered":"<p><b>Pln\u00fd el\u00e1nu a n\u00e1pad\u016f. Nov\u00fd \u0159editel M\u011bstsk\u00e9 knihovny Blansko Luk\u00e1\u0161 Dlapa se ve sv\u00e9 funkci pomalu rozkouk\u00e1v\u00e1. Za dva a p\u016fl m\u011bs\u00edce si ji\u017e ud\u011blal obr\u00e1zek o tom, co jde a co ne. Sna\u017e\u00ed se pomoc\u00ed men\u0161\u00edch krok\u016f knihovnu posunout bl\u00ed\u017ee ve\u0159ejnosti. Chce do d\u011bn\u00ed zapojit dobrovoln\u00edky, v\u00edce spolupracovat s ostatn\u00edmi organizacemi a oproti d\u0159\u00edv\u011bj\u0161\u00edmu fungov\u00e1n\u00ed knihovny v\u00edce vyu\u017e\u00edvat r\u016fzn\u00e9 dota\u010dn\u00ed programy. V p\u0159\u00edpad\u011b pot\u0159eby se ale i posad\u00ed do studovny za pult a je k dispozici \u010dten\u00e1\u0159\u016fm.\u00a0<a href=\"https:\/\/www.monitor-bk.cz\/wp-content\/uploads\/2017\/11\/01_web.jpg\"><img decoding=\"async\" loading=\"lazy\" class=\"alignleft size-full wp-image-4828\" src=\"https:\/\/www.monitor-bk.cz\/wp-content\/uploads\/2017\/11\/01_web.jpg\" alt=\"\" width=\"1417\" height=\"926\" srcset=\"https:\/\/www.monitor-bk.cz\/wp-content\/uploads\/2017\/11\/01_web.jpg 1417w, https:\/\/www.monitor-bk.cz\/wp-content\/uploads\/2017\/11\/01_web-122x80.jpg 122w, https:\/\/www.monitor-bk.cz\/wp-content\/uploads\/2017\/11\/01_web-300x196.jpg 300w, https:\/\/www.monitor-bk.cz\/wp-content\/uploads\/2017\/11\/01_web-768x502.jpg 768w, https:\/\/www.monitor-bk.cz\/wp-content\/uploads\/2017\/11\/01_web-800x523.jpg 800w\" sizes=\"(max-width: 1417px) 100vw, 1417px\" \/><\/a><\/b><!--more--><\/p>\n<p><b> P\u0159edt\u00edm jste pracoval v p\u0159ekladatelsk\u00e9 firm\u011b. Co v\u00e1s vedlo ke zm\u011bn\u011b zam\u011bstn\u00e1n\u00ed?\u00a0<\/b><\/p>\n<p>V p\u0159edchoz\u00edm zam\u011bstn\u00e1n\u00ed jsem pracoval skoro osm let. Byl jsem tam spokojen\u00fd, ale v\u017edycky jsem majitelce firmy \u0159\u00edkal, \u017ee v Brn\u011b si sice \u017e\u00e1dnou jinou pr\u00e1ci hledat nebudu, ale ve chv\u00edli, kdy se naskytne v Blansku n\u011bjak\u00e1 zaj\u00edmav\u00e1 nab\u00eddka, tak po n\u00ed p\u016fjdu. Jako spousta lid\u00ed jsem se d\u00edval na str\u00e1nky Blanska, kde jsem zahl\u00e9dl vypsan\u00e9 v\u00fdb\u011brov\u00e9 \u0159\u00edzen\u00ed na \u0159editele knihovny, co\u017e m\u011b zaujalo. Pak jsem to pustil z hlavy, ale po t\u00fddnu jsem si \u0159ekl, \u017ee by nebylo od v\u011bci to minim\u00e1ln\u011b zkusit. Na\u0161t\u011bst\u00ed bylo dost \u010dasu k p\u0159\u00edprav\u011b koncepce.<\/p>\n<p><b> Jak jste se p\u0159ipravoval k v\u00fdb\u011brov\u00e9mu \u0159\u00edzen\u00ed?\u00a0<\/b><\/p>\n<p>Nav\u0161t\u00edvil jsem knihovnu a zaj\u00edmal jsem se o to, jak funguje i z vnit\u0159n\u00ed str\u00e1nky. Tehdej\u0161\u00ed zastupuj\u00edc\u00ed \u0159editelka mi toho moc \u0159\u00edci necht\u011bla, co\u017e ch\u00e1pu, proto\u017ee intern\u00ed v\u011bci se ciz\u00edm lidem ne\u0159\u00edkaj\u00ed. Ka\u017edop\u00e1dn\u011b n\u011bco jsem se dozv\u011bd\u011bl. Pak jsem p\u00e1tral na internetu, kdo m\u00e1 blanenskou knihovnu na starosti, a narazil jsem na jm\u00e9no pan\u00ed Jalov\u00e9. S n\u00ed jsem se tak\u00e9 se\u0161el a zaj\u00edmal se o jej\u00ed pohled na knihovnu, proto\u017ee v r\u00e1mci region\u00e1ln\u00edch funkc\u00ed pod ni spad\u00e1. Tak\u00e9 m\u011b zaj\u00edmal n\u00e1zor pana m\u00edstostarosty, jako\u017eto garanta kultury za m\u011bsto Blansko. D\u00e1le jsem prohl\u00ed\u017eel webov\u00e9 str\u00e1nky knihoven v republice \u2013 zejm\u00e9na v m\u011bstech podobn\u00fdch Blansku \u2013 a d\u00edval jsem se, co knihovny nab\u00edzej\u00ed, a porovn\u00e1val s t\u00edm, co v Blansku chyb\u00ed. Posledn\u00edm d\u016fle\u017eit\u00fdm zdrojem byly z\u00e1kony a vyhl\u00e1\u0161ky a odborn\u00e9 \u010dl\u00e1nky na webu N\u00e1rodn\u00ed knihovny a Ministerstva kultury. Koncepci jsem po ve\u010derech vytv\u00e1\u0159el skoro m\u011bs\u00edc.<\/p>\n<p><b> Co nov\u00e9ho chyst\u00e1te?\u00a0<\/b><\/p>\n<p>Ur\u010dit\u011b se pokus\u00edm o roz\u0161\u00ed\u0159en\u00ed spolupr\u00e1ce s ostatn\u00edmi organizacemi v okol\u00ed, aby se nap\u0159\u00edklad vz\u00e1jemn\u011b nekryly po\u0159\u00e1dan\u00e9 akce podobn\u00e9ho typu. D\u00e1le se budu sna\u017eit do slu\u017eeb knihovny zapojit dobrovoln\u00edky \u2013 studenty, maminky na rodi\u010dovsk\u00e9 dovolen\u00e9, seniory. T\u0159eba studenti st\u0159edn\u00ed pedagogick\u00e9 \u0161koly by mohli j\u00edt vypomoci na d\u011btsk\u00e9 d\u00edlni\u010dky nebo p\u0159\u00edm\u011bstsk\u00fd t\u00e1bor, co\u017e by se jim mohlo zapo\u010d\u00edtat do praxe.<\/p>\n<p>Senio\u0159i by mohli chodit \u010d\u00edst do mate\u0159sk\u00fdch \u0161kolek v r\u00e1mci poob\u011bdov\u00e9ho odpo\u010dinku. U\u010ditelky by si odpo\u010dinuly a senio\u0159i by se c\u00edtili u\u017eite\u010dn\u00ed a mezi d\u011btmi by pook\u0159\u00e1li. Studenti by zase mohli t\u0159eba chodit \u010d\u00edst do dom\u016f s pe\u010dovatelskou slu\u017ebou. I kdyby m\u011bli obyvatel\u016fm \u010d\u00edst jen noviny, ur\u010dit\u011b by to m\u011blo smysl.<\/p>\n<p>Hodn\u011b novinek chyst\u00e1me spole\u010dn\u011b s kolegy na jednotliv\u00fdch odd\u011blen\u00edch. Jako p\u0159\u00edklad bych uvedl n\u00e1vrh pan\u00ed Gargo\u0161ov\u00e9 z odd\u011blen\u00ed pro dosp\u011bl\u00e9 \u010dten\u00e1\u0159e na znovuzaveden\u00ed rozn\u00e1\u0161kov\u00e9 slu\u017eby. Jde o to, \u017ee bychom mohli lidem s pohybov\u00fdm omezen\u00edm, kte\u0159\u00ed se k n\u00e1m nedostanou, nosit knihy dom\u016f. Bohu\u017eel nem\u00e1me vlastn\u00ed zdroje k tomu, aby to d\u011blali zam\u011bstnanci. Nem\u016f\u017eeme na odd\u011blen\u00ed nechat jen jednoho knihovn\u00edka. Ten by se tam ub\u011bhal a lid\u00e9 by byli zbyte\u010dn\u011b nerv\u00f3zn\u00ed, \u017ee mus\u00ed \u010dekat a \u017ee nem\u00e1 \u010das se jim dostate\u010dn\u011b v\u011bnovat.<\/p>\n<p><b> Na jak\u00fd typ kulturn\u00edch akc\u00ed se hodl\u00e1te zam\u011b\u0159it?\u00a0<\/b><\/p>\n<p>S kolegy u\u017e jsme \u0159e\u0161ili, kter\u00e9 akce v minulosti m\u011bly a nem\u011bly \u00fasp\u011bch. Ur\u010dit\u011b pl\u00e1nujeme pokra\u010dovat v t\u011bch ji\u017e zab\u011bhnut\u00fdch jako nap\u0159. Univerzita (nejen) pro seniory a Salon blanensk\u00fdch fotograf\u016f a v\u00fdtvarn\u00edk\u016f. Mo\u017en\u00e1 budou m\u00edt trochu jin\u00fd form\u00e1t, ale ur\u010dit\u011b z\u016fstanou zachov\u00e1ny. V r\u00e1mci univerzity je nov\u011b mo\u017en\u00e9 zhl\u00e9dnout videa z p\u0159edn\u00e1\u0161ek na YouTube.<\/p>\n<p>D\u00e1le rozhodn\u011b zachov\u00e1me pasov\u00e1n\u00ed prv\u0148\u00e1\u010dk\u016f na \u010dten\u00e1\u0159e a tak\u00e9 recita\u010dn\u00ed p\u0159ehl\u00eddky.<\/p>\n<p>R\u00e1di bychom tak\u00e9 oslovili ve\u0159ejnost a nab\u00eddli na\u0161e prostory t\u011bm, kte\u0159\u00ed n\u011bco zaj\u00edmav\u00e9ho um\u00ed, n\u011bkde byli nebo se n\u011b\u010demu celo\u017eivotn\u011b v\u011bnuj\u00ed, aby si u n\u00e1s ud\u011blali p\u0159edn\u00e1\u0161ku, besedu nebo v\u00fdstavu. Samoz\u0159ejm\u011b to neznamen\u00e1, \u017ee bychom p\u0159estali po\u0159\u00e1dat odborn\u011bj\u0161\u00ed p\u0159edn\u00e1\u0161ky a besedy s autory. Na\u0161\u00ed snahou ale bude zam\u011b\u0159it se i na lidi z Blanska a okol\u00ed.<\/p>\n<p><b> Kter\u00e1 akce z minulosti n\u00e1v\u0161t\u011bvnickou odezvu nem\u011bla?\u00a0<\/b><\/p>\n<p>Nap\u0159\u00edklad Hudebn\u00ed toulky \u2013 poslechov\u00fd po\u0159ad v\u017edy zam\u011b\u0159en\u00fd na n\u011bjak\u00e9ho interpreta. Beru to tak, \u017ee kdy\u017e se n\u011bco nepoda\u0159\u00ed, je to bu\u010f proto, \u017ee se to \u0161patn\u011b zpropagovalo, nebo se to nab\u00eddlo \u0161patn\u00e9 c\u00edlov\u00e9 skupin\u011b, nebo celkov\u00fd koncept byl \u0161patn\u011b nastaven\u00fd, anebo o to prost\u011b nen\u00ed z\u00e1jem. Proto je tedy d\u016fle\u017eit\u00e9 v\u017edy ur\u010dit p\u0159\u00ed\u010dinu n\u00edzk\u00e9 n\u00e1v\u0161t\u011bvnosti a p\u0159\u00edpadn\u011b akci upravit. Ale ne\u017e abychom investovali \u010das do n\u011b\u010deho, co ocen\u00ed dva lid\u00e9, akci rad\u011bji zru\u0161\u00edme a zam\u011b\u0159\u00edme se na n\u011bco, co p\u0159il\u00e1k\u00e1 v\u00edce n\u00e1v\u0161t\u011bvn\u00edk\u016f.<\/p>\n<p>Pro p\u0159\u00edpravu nov\u00fdch akc\u00ed ale nemaj\u00ed knihovn\u00edci v r\u00e1mci pracovn\u00ed doby zase tolik prostoru, proto bych r\u00e1d organizaci n\u011bkter\u00fdch akc\u00ed v budoucnu p\u0159enesl na dobrovoln\u00edky a v\u00fd\u0161e zmi\u0148ovanou ve\u0159ejnost.<\/p>\n<p><b> Dal\u0161\u00ed zam\u011bstnanci by se asi hodili\u2026<\/b><\/p>\n<p>Knihovna by bez probl\u00e9m\u016f u\u017eivila t\u0159i nov\u00e9 zam\u011bstnance. V sou\u010dasn\u00e9 dob\u011b to m\u00e1me tak, \u017ee kdy\u017e n\u011bkdo onemocn\u00ed nebo si bere dovolenou, mus\u00ed se knihovn\u00edci st\u0159\u00eddat na jin\u00fdch odd\u011blen\u00edch a jejich pr\u00e1ce v\u00e1zne. Je n\u00e1m jasn\u00e9, \u017ee je t\u011b\u017ek\u00e9 naj\u00edt v r\u00e1mci rozpo\u010dtu m\u011bsta n\u011bjak\u00e9 finan\u010dn\u00ed prost\u0159edky na mo\u017en\u00e9 nav\u00fd\u0161en\u00ed mezd a t\u00edm i zam\u011bstnanc\u016f, ale na to nar\u00e1\u017e\u00ed spousta p\u0159\u00edsp\u011bvkov\u00fdch organizac\u00ed. T\u0159eba a\u017e uk\u00e1\u017eeme, \u017ee to m\u00e1 smysl a funguje to tady, z\u00edsk\u00e1me dal\u0161\u00ed zam\u011bstnance. Moje p\u0159edstava by byla takov\u00e1, \u017ee knihovnu roz\u0161\u00ed\u0159\u00ed alespo\u0148 jeden \u010dlov\u011bk s knihovn\u00edm vzd\u011bl\u00e1n\u00edm, kter\u00fd by se v\u011bnoval knihovn\u00edmu fondu, vykr\u00fdval by problematick\u00e9 situace, kdy\u017e n\u011bkdo onemocn\u00ed, a z\u00e1rove\u0148 by uvolnil ruku knihovn\u00edk\u016fm, kte\u0159\u00ed by mohli \u0159e\u0161it i n\u011bjak\u00e9 dal\u0161\u00ed akce, abychom mohli nap\u0159. v\u00edc zpracov\u00e1vat kroniku a d\u00e1le roz\u0161i\u0159ovat slu\u017eby \u010dten\u00e1\u0159\u016fm.<\/p>\n<p>Dal\u0161\u00ed \u010dlov\u011bk by klidn\u011b mohl b\u00fdt s pedagogick\u00fdm vzd\u011bl\u00e1n\u00edm a m\u011bl by na starosti po\u0159\u00e1d\u00e1n\u00ed kulturn\u00edch akc\u00ed, pr\u00e1ci s d\u011btmi, Facebook, komunikaci s m\u00e9dii apod.<\/p>\n<p>Proto te\u010f nem\u016f\u017eeme a ani nechceme na \u010dten\u00e1\u0159e vychrlit hromadu novinek ve slu\u017eb\u00e1ch, kter\u00e9 bychom pak nebyli schopni dlouhodob\u011b vykon\u00e1vat v kvalit\u011b, ji\u017e bychom si p\u0159edstavovali. Kdy\u017e u\u017e s kolegy \u0159e\u0161\u00edme n\u011bjak\u00e9 nov\u00e9 slu\u017eby, vyb\u00edr\u00e1me zat\u00edm m\u00e9n\u011b \u010dasov\u011b n\u00e1ro\u010dn\u00e9 v\u011bci a ty, kter\u00e9 p\u0159\u00edli\u0161 nezat\u00ed\u017e\u00ed rozpo\u010det. P\u016fjde o drobn\u011bj\u0161\u00ed z\u00e1le\u017eitosti, jimi\u017e chceme \u010dten\u00e1\u0159\u016fm zp\u0159\u00edjemnit fungov\u00e1n\u00ed knihovny a b\u00fdt jim otev\u0159en\u011bj\u0161\u00ed, aby v\u011bd\u011bli, co se tady d\u011bje.<\/p>\n<p>Nov\u011b jsme nap\u0159\u00edklad za\u0159adili semin\u00e1\u0159 Jak hledat v knihovn\u011b, kter\u00fd chceme d\u011blat pravideln\u011b. \u010cten\u00e1\u0159i se dozv\u00ed, jak hledat v katalogu, jak se orientovat v knihovn\u011b atd.<\/p>\n<p>M\u00e1me v pl\u00e1nu po\u0159\u00e1dat kni\u017en\u00ed burzu pro \u010dten\u00e1\u0159e \u2013 lid\u00e9 si budou moci mezi sebou vym\u011bnit nebo prodat knihy, kter\u00e9 u\u017e nepot\u0159ebuj\u00ed.<\/p>\n<p>Tak\u00e9 chceme um\u00edstit p\u0159ed vstup do odd\u011blen\u00ed n\u00e1st\u011bnku, kam by lid\u00e9 mohli d\u00e1vat r\u016fzn\u00e9 podn\u011bty.<\/p>\n<p><b> Chyst\u00e1te n\u011bco na p\u0159\u00ed\u0161t\u00ed rok v r\u00e1mci oslav v\u00fdro\u010d\u00ed zalo\u017een\u00ed republiky?\u00a0<\/b><\/p>\n<p>Do oslav sto let od zalo\u017een\u00ed republiky se ur\u010dit\u011b zapoj\u00edme, a to v n\u011bjak\u00e9 n\u00e1vaznosti na akce po\u0159\u00e1dan\u00e9 kulturn\u00edm st\u0159ediskem, muzeem, galeri\u00ed a dal\u0161\u00edmi organizacemi, kter\u00e9 by cht\u011bli n\u011bco uspo\u0159\u00e1dat. Zhruba v p\u016flce listopadu bychom se m\u011bli v\u0161ichni sej\u00edt a pobavit se o tom, jakou m\u00e1 kdo p\u0159edstavu.<\/p>\n<p><b> Pl\u00e1nujete dotazn\u00edkov\u00e9 \u0161et\u0159en\u00ed t\u00fdkaj\u00edc\u00ed se spokojenosti \u010dten\u00e1\u0159\u016f, jak\u00e9 bylo p\u0159ed rokem?<\/b><\/p>\n<p>M\u00e1m v pl\u00e1nu dotazn\u00edky d\u011blat. Mo\u017en\u00e1 je ale nahrad\u00ed varianta, \u017ee \u010dten\u00e1\u0159i n\u00e1m budou moci d\u00e1vat podn\u011bty pr\u016fb\u011b\u017en\u011b. V hlav\u011b m\u00e1m takovou my\u0161lenku, \u017ee bychom se jednou za m\u011bs\u00edc spolu s vedouc\u00edmi odd\u011blen\u00ed se\u0161li se \u010dten\u00e1\u0159i a ti by se n\u00e1s mohli zeptat na cokoli t\u00fdkaj\u00edc\u00ed se knihovny.<\/p>\n<p><b> \u010cten\u00e1\u0159i se v minul\u00fdch dotazn\u00edc\u00edch ptali nap\u0159. po biblioboxu, kam se mohou vr\u00e1tit knihy, kdy\u017e je knihovna zav\u0159en\u00e1. Budete to \u0159e\u0161it?\u00a0<\/b><\/p>\n<p>Ano, lid\u00e9 se po n\u011bm ptali. Ale kdy\u017e zjist\u00edte, \u017ee stoj\u00ed sto tis\u00edc, stoj\u00edte p\u0159ed rozhodnut\u00edm, zda d\u00e1te skoro t\u0159etinu rozpo\u010dtu na n\u00e1kup knih do tohoto za\u0159\u00edzen\u00ed, kter\u00e9 t\u0159eba ani tolik lid\u00ed nevyu\u017eije, nebo za to rad\u011bji koup\u00edte nov\u00e9 kn\u00ed\u017eky. Tak\u017ee bu\u010f budeme sp\u00ed\u0161 hledat n\u011bjakou alternativu, kter\u00e1 ov\u0161em nebude pravd\u011bpodobn\u011b spl\u0148ovat v\u0161echna krit\u00e9ria ochrany knihy, nebo budeme \u010dekat na n\u011bjakou \u00fa\u010delovou dotaci, kterou by mohl vypsat t\u0159eba kraj.<\/p>\n<p><b> Lid\u00e9 tak\u00e9 volaj\u00ed po klimatizaci knihovny\u2026\u00a0<\/b><\/p>\n<p>To bude asi nejv\u011bt\u0161\u00ed investice na p\u0159\u00ed\u0161t\u00ed rok. U\u017e te\u010f v\u00edme, \u017ee p\u0159es\u00e1hne p\u016fl milionu korun. Jenom\u017ee klimatizace \u0159e\u0161\u00ed pouze vedro, ale u\u017e ne \u010derstv\u00fd vzduch. Aktu\u00e1ln\u011b \u0159e\u0161\u00edme i variantu spojen\u00ed klimatizace s n\u011bjakou rekupera\u010dn\u00ed jednotkou, co\u017e bude st\u00e1t je\u0161t\u011b v\u00edc. Kdy\u017e ale v kulturn\u00ed m\u00edstnosti sed\u00ed pades\u00e1t lid\u00ed dv\u011b hodiny, je tam ned\u00fdchatelno. Nebo kdy\u017e p\u0159ijde do studovny p\u00e1r lid\u00ed, kte\u0159\u00ed p\u0159\u00edli\u0161 ne\u0159e\u0161\u00ed osobn\u00ed hygienu, c\u00edt\u00edte to tam je\u0161t\u011b druh\u00fd den. Toto samotn\u00e1 klimatizace nevy\u0159e\u0161\u00ed. A v\u011btrat klimatizovanou m\u00edstnost nen\u00ed ekonomick\u00e9.\u00a0 Nejsem zast\u00e1ncem ukvapen\u00fdch rozhodnut\u00ed a nem\u00e1 smysl d\u011blat polovi\u010datou pr\u00e1ci \u2013 nasypat statis\u00edce do klimatizace, abyste pak zjistili, \u017ee efekt nen\u00ed takov\u00fd, jak\u00fd jste \u010dekali.<\/p>\n<p><b> Jak se osv\u011bd\u010dila zm\u011bna provozn\u00ed doby knihovny, kterou jste zavedl \u2013 zejm\u00e9na uzav\u0159en\u00ed v \u00fater\u00fd a otev\u0159en\u00ed knihovny ve st\u0159edu?\u00a0<\/b><\/p>\n<p>Zm\u011bnou provozn\u00ed doby jsme \u0161li vst\u0159\u00edc \u010dten\u00e1\u0159\u016fm, kte\u0159\u00ed do Blanska p\u0159ijedou v \u00fa\u0159edn\u00ed dny vy\u0159\u00eddit n\u011bco na \u00fa\u0159ady a n\u00e1v\u0161t\u011bvu Blanska tak d\u0159\u00edv nemohli spojit s n\u00e1v\u0161t\u011bvou knihovny. Toto je ji\u017e nyn\u00ed mo\u017en\u00e9. Je n\u00e1m jasn\u00e9, \u017ee se op\u011bt nezavd\u011b\u010d\u00edme v\u0161em, ale v posledn\u00edm dotazn\u00edkov\u00e9m \u0161et\u0159en\u00ed se na to n\u011bkolik \u010dten\u00e1\u0159\u016f ptalo, proto jsme jejich p\u0159\u00e1n\u00ed vysly\u0161eli. Pond\u011bln\u00edm posunut\u00edm na osmou hodinu ran\u00ed jsme zase c\u00edlili na \u010dten\u00e1\u0159e, kte\u0159\u00ed by nap\u0159. po n\u00e1v\u0161t\u011bv\u011b l\u00e9ka\u0159e museli \u010dekat a\u017e do des\u00edti.<\/p>\n<p><b> Jak\u00e1 je va\u0161e obl\u00edben\u00e1 kn\u00ed\u017eka z d\u011btstv\u00ed?\u00a0<\/b><\/p>\n<p>Ned\u00e1vno jsme se prob\u00edrali dary od \u010dten\u00e1\u0159\u016f a \u00fapln\u011b m\u011b to st\u0159elilo do oka \u2013 spisovatel Arthur Ransome a jeho Trose\u010dn\u00edci z Vla\u0161tovky a Boj o ostrov. Je to o d\u011btech, kter\u00e9 se jmenovaly Nancy, Roger a Peggy \u2013 \u00fapln\u011b si to vybavuji, jak jsem ta jm\u00e9na \u010detl tak, jak se p\u00ed\u0161\u00ed. Od Stekla\u010de m\u011b zase bavila Pekeln\u00e1 t\u0159\u00edda a s\u00e9rie \u010cenda, Bohou\u0161ek, Ale\u0161 \u00a7 spol&#8230;. Vzpom\u00edn\u00e1m si, jak m\u011b babi\u010dka nutila \u010d\u00edst K\u00e1ju Ma\u0159\u00edka, ale to se mi \u010detlo \u0161patn\u011b a nebavilo m\u011b to.<\/p>\n<p>Kdy\u017e jsem chodil do star\u00e9 knihovny do secesn\u00edho domu na Smetanov\u011b ulici, tak tam zase m\u00edvali kreslenou knihu U\u017e v\u00edm, pro\u010d. Byla tam t\u0159eba pops\u00e1na v\u00fdroba ru\u010dn\u00edho pap\u00edru, jednotliv\u00e9 kroky p\u011bkn\u011b rozkreslen\u00e9. To m\u011b hodn\u011b bavilo. A je\u0161t\u011b mi utkv\u011bl Egyp\u0165an Sinuhet. Pozd\u011bji Harry Potter, ale to u\u017e nebylo \u00fapln\u011b d\u011btstv\u00ed.<\/p>\n<p>Jako d\u00edt\u011b jsem \u010detl celkem hodn\u011b. Za rok jsem p\u0159e\u010detl kolem patn\u00e1cti dvaceti kn\u00ed\u017eek mimo povinnou \u010detbu. Pak v r\u00e1mci vysok\u00e9 \u0161koly jsem m\u011bl takovou drobnou vynech\u00e1vku, ale to bylo sp\u00ed\u0161 t\u00edm, \u017ee jsem hodn\u011b cestoval. A jak za\u010daly elektronick\u00e9 knihy, za\u010dal jsem si je po\u0159izovat a ke \u010dten\u00ed se zase vracet.<\/p>\n<p><b> Jak p\u0159im\u011bt d\u011bti \u010d\u00edst?\u00a0<\/b><\/p>\n<p>Prvotn\u00ed impuls mus\u00ed b\u00fdt v rodin\u011b. Jakmile nem\u00e1 rodi\u010d \u010das si s d\u00edt\u011btem sednout a \u010d\u00edst si, je to probl\u00e9m. Jestli\u017ee d\u00edt\u011b n\u00e1vyky nez\u00edsk\u00e1 v \u00fatl\u00e9m d\u011btstv\u00ed, pak u\u017e mus\u00ed cht\u00edt samo, a to zase v\u011bt\u0161inou jde ruku v ruce s t\u00edm, jak dosp\u00edv\u00e1 a co ho bav\u00ed.<\/p>\n<p>Z\u00e1drhel vid\u00edm hlavn\u011b v tom, \u017ee rodi\u010de rad\u011bji posad\u00ed potomka k po\u010d\u00edta\u010di, tabletu nebo televizi. A i kdy\u017e je na\u0161im c\u00edlem podporovat u d\u011bt\u00ed rozvoj \u010dten\u00e1\u0159sk\u00e9 gramotnosti, tak kdy\u017e neza\u010dne sama rodina, my toho potom moc nezm\u016f\u017eeme. Jednou z cest je mo\u017en\u00e1 to, \u017ee se budeme sna\u017eit proniknout v\u00edce do \u0161kol. N\u011bjak\u00e1 spolupr\u00e1ce funguje, ale podle m\u011b jsou tam rezervy. N\u011bkter\u00e9 \u0161koly necht\u011bj\u00ed chodit v\u016fbec, n\u011bkter\u00e9 chod\u00ed omezen\u011b, n\u011bkter\u00e9 v\u00edc. Cht\u011bl bych zjistit, v \u010dem je probl\u00e9m, a hledat \u0159e\u0161en\u00ed.<\/p>\n<p>Obecn\u011b by m\u011blo j\u00edt o vyv\u00e1\u017eenou spolupr\u00e1ci rodiny, \u0161koly a knihovny. \u010cten\u00e1\u0159sk\u00e1 gramotnost je stra\u0161n\u011b d\u016fle\u017eit\u00e1 a ruku v ruce s n\u00ed jde i liter\u00e1rn\u00ed kompetence. \u010c\u00edst se nau\u010d\u00ed ka\u017ed\u00fd. Ale dok\u00e1zat text pochopit a spr\u00e1vn\u011b interpretovat je pro spoustu lid\u00ed velmi t\u011b\u017ek\u00e9. Podle m\u011b se to projevilo i v leto\u0161n\u00edch volb\u00e1ch. Lid\u00e9 mnohdy nedok\u00e1\u017eou v textu odhalit manipulaci s fakty a snadno se nechaj\u00ed zl\u00e1kat populistick\u00fdmi \u0159e\u010dmi a nere\u00e1ln\u00fdmi sliby. Podle m\u011b je d\u016fle\u017eit\u00e9, aby se pr\u00e1v\u011b toto ch\u00e1p\u00e1n\u00ed a spr\u00e1vn\u00e1 interpretace textu u\u010dily ve \u0161kol\u00e1ch.<\/p>\n<p><b>Marie Haso\u0148ov\u00e1<\/b><\/p>\n","protected":false},"excerpt":{"rendered":"<p>Pln\u00fd el\u00e1nu a n\u00e1pad\u016f. Nov\u00fd \u0159editel M\u011bstsk\u00e9 knihovny Blansko Luk\u00e1\u0161 Dlapa se ve sv\u00e9 funkci pomalu rozkouk\u00e1v\u00e1. Za dva a<\/p>\n","protected":false},"author":1,"featured_media":4828,"comment_status":"open","ping_status":"closed","sticky":false,"template":"","format":"standard","meta":[],"categories":[14,16],"tags":[],"_links":{"self":[{"href":"https:\/\/www.monitor-bk.cz\/index.php?rest_route=\/wp\/v2\/posts\/4827"}],"collection":[{"href":"https:\/\/www.monitor-bk.cz\/index.php?rest_route=\/wp\/v2\/posts"}],"about":[{"href":"https:\/\/www.monitor-bk.cz\/index.php?rest_route=\/wp\/v2\/types\/post"}],"author":[{"embeddable":true,"href":"https:\/\/www.monitor-bk.cz\/index.php?rest_route=\/wp\/v2\/users\/1"}],"replies":[{"embeddable":true,"href":"https:\/\/www.monitor-bk.cz\/index.php?rest_route=%2Fwp%2Fv2%2Fcomments&post=4827"}],"version-history":[{"count":1,"href":"https:\/\/www.monitor-bk.cz\/index.php?rest_route=\/wp\/v2\/posts\/4827\/revisions"}],"predecessor-version":[{"id":4829,"href":"https:\/\/www.monitor-bk.cz\/index.php?rest_route=\/wp\/v2\/posts\/4827\/revisions\/4829"}],"wp:featuredmedia":[{"embeddable":true,"href":"https:\/\/www.monitor-bk.cz\/index.php?rest_route=\/wp\/v2\/media\/4828"}],"wp:attachment":[{"href":"https:\/\/www.monitor-bk.cz\/index.php?rest_route=%2Fwp%2Fv2%2Fmedia&parent=4827"}],"wp:term":[{"taxonomy":"category","embeddable":true,"href":"https:\/\/www.monitor-bk.cz\/index.php?rest_route=%2Fwp%2Fv2%2Fcategories&post=4827"},{"taxonomy":"post_tag","embeddable":true,"href":"https:\/\/www.monitor-bk.cz\/index.php?rest_route=%2Fwp%2Fv2%2Ftags&post=4827"}],"curies":[{"name":"wp","href":"https:\/\/api.w.org\/{rel}","templated":true}]}}