{"id":4491,"date":"2017-07-12T07:25:18","date_gmt":"2017-07-12T05:25:18","guid":{"rendered":"http:\/\/www.monitor-bk.cz\/?p=4491"},"modified":"2017-07-11T10:08:17","modified_gmt":"2017-07-11T08:08:17","slug":"na-kave-s-leonou-mareckovou-a-pavlou-stoudkovou","status":"publish","type":"post","link":"https:\/\/www.monitor-bk.cz\/?p=4491","title":{"rendered":"Na k\u00e1v\u011b s Leonou Mare\u010dkovou a Pavlou \u0160toudkovou"},"content":{"rendered":"<p><b><a href=\"https:\/\/www.monitor-bk.cz\/wp-content\/uploads\/2017\/07\/01_web.jpg\"><img decoding=\"async\" loading=\"lazy\" class=\"alignleft size-full wp-image-4492\" src=\"https:\/\/www.monitor-bk.cz\/wp-content\/uploads\/2017\/07\/01_web.jpg\" alt=\"\" width=\"1417\" height=\"904\" srcset=\"https:\/\/www.monitor-bk.cz\/wp-content\/uploads\/2017\/07\/01_web.jpg 1417w, https:\/\/www.monitor-bk.cz\/wp-content\/uploads\/2017\/07\/01_web-125x80.jpg 125w, https:\/\/www.monitor-bk.cz\/wp-content\/uploads\/2017\/07\/01_web-300x191.jpg 300w, https:\/\/www.monitor-bk.cz\/wp-content\/uploads\/2017\/07\/01_web-768x490.jpg 768w, https:\/\/www.monitor-bk.cz\/wp-content\/uploads\/2017\/07\/01_web-1024x653.jpg 1024w\" sizes=\"(max-width: 1417px) 100vw, 1417px\" \/><\/a>\u0160estn\u00e1ctilet\u00e1 studentka blanensk\u00e9ho gymn\u00e1zia Leona Mare\u010dkov\u00e1 z Kun\u0161t\u00e1tu a \u010dtrn\u00e1ctilet\u00e1 \u017e\u00e1kyn\u011b Z\u0160 Erbenova Blansko Pavla \u0160toudkov\u00e1 z Doubravice nad Svitavou jsou \u00fasp\u011b\u0161n\u00fdmi reprezentantkami atletick\u00e9ho odd\u00edlu ASK Blansko. Sv\u011b\u0159enkyn\u011b tren\u00e9ra Ji\u0159\u00edho O\u0161lej\u0161ka letos dos\u00e1hly i na zlat\u00e9 medaile na celorepublikov\u00fdch z\u00e1vodech. Pov\u00eddala jsem si s nimi o jejich nejv\u011bt\u0161\u00ed z\u00e1lib\u011b, kterou je sport. Do rozhovoru jsem zapojila i Pavlinu maminku.<\/b><!--more--><\/p>\n<p><b> Jak dlouho sportujete?\u00a0<\/b><\/p>\n<p>LM: Asi t\u0159i roky.<\/p>\n<p>P\u0160: J\u00e1 asi p\u011bt let.<\/p>\n<p><b> Tak to ses za t\u0159i roky dob\u0159e vypracovala. Jak jste se ke sportu dostaly?\u00a0<\/b><\/p>\n<p>LM: Jak se po\u0159\u00e1daj\u00ed \u0161koln\u00ed z\u00e1vody \u2013 Poh\u00e1ry rozhlasu \u2013 tak na nich jsem z\u00e1vodila za Kun\u0161t\u00e1t. Vyhr\u00e1la jsem discipl\u00edny, kter\u00fdch jsem se z\u00fa\u010dastnila. Tren\u00e9r kontaktoval mou t\u011blocvik\u00e1\u0159ku, a pak jsem za\u010dala tr\u00e9novat.<\/p>\n<p>P\u0160: J\u00e1 jsem b\u011bhala v Doubravici na z\u00e1vodech a pak jsem se p\u0159ihl\u00e1sila do odd\u00edlu.<\/p>\n<p><b> Co to obn\u00e1\u0161\u00ed pro rodi\u010de \u2013 takov\u00e1 sportovkyn\u011b?\u00a0<\/b><\/p>\n<p>Maminka Pavly: \u017d\u00e1dn\u00e9 voln\u00e9 v\u00edkendy, po\u0159\u00e1d n\u011bjak\u00e9 z\u00e1vody. A spoustu pen\u011bz \ud83d\ude42<\/p>\n<p><b> Jak\u00fdch \u00fasp\u011bch\u016f jste letos dos\u00e1hly?\u00a0<\/b><\/p>\n<p>LM: M\u016fj nejv\u011bt\u0161\u00ed \u00fasp\u011bch je z mistrovstv\u00ed \u010cesk\u00e9 republiky na \u010dty\u0159stovce. Doposud jsem \u017e\u00e1dnou medaili z mistrovstv\u00ed \u010cR nem\u011bla, jen z mistrovstv\u00ed Moravy a Slezska.<\/p>\n<p>P\u0160: V halov\u00e9 republice jsem vyhr\u00e1la osmistovku v osob\u00e1ku a pak Olympi\u00e1da d\u011bt\u00ed a ml\u00e1de\u017ee, taky osmistovka.<\/p>\n<p><b> Jak\u00e9 byly pocity z v\u00edt\u011bzstv\u00ed?\u00a0<\/b><\/p>\n<p>LM: Nemohla jsem tomu skoro uv\u011b\u0159it, proto\u017ee m\u011b nenapadlo, \u017ee bych se mohla um\u00edstit, nato\u017e hned prvn\u00ed m\u00edsto. Tak\u017ee p\u0159ekvapen\u00ed a nad\u0161en\u00ed.<\/p>\n<p><b> Pro\u010d jste si vybraly pr\u00e1v\u011b b\u011bh?\u00a0<\/b><\/p>\n<p>LM: Nikdy jsem \u017e\u00e1dn\u00fd jin\u00fd sport ned\u011blala, a kdy\u017e se uk\u00e1zalo, \u017ee mi b\u011bh\u00e1n\u00ed p\u016fjde, tak jsem se na to dala.<\/p>\n<p>P\u0160: B\u011bh\u00e1n\u00ed mi p\u0159ijde takov\u00e9 nen\u00e1ro\u010dn\u00e9, ne\u017e t\u0159eba skok do d\u00e1lky.<\/p>\n<p>Maminka: Pavl\u00ednka b\u011bhala od mali\u010dka po\u0159\u00e1d, od t\u0159\u00ed let. Tak\u017ee to byla asi jasn\u00e1 volba.<\/p>\n<p><b>Do del\u0161\u00edch trat\u00ed se nepou\u0161t\u00edte?\u00a0<\/b><\/p>\n<p>LM: J\u00e1 b\u011bh\u00e1m jen sprinty. Nic del\u0161\u00edho ne\u017e \u010dty\u0159stovku jsem nikdy neb\u011bhala. U\u017e i ta \u010dty\u0159stovka je docela dlouh\u00e1. Ale zkou\u0161\u00edm ob\u010das i jin\u00e9 discipl\u00edny, jdu si t\u0159eba sko\u010dit do p\u00edsku, nebo tr\u00e9nuji p\u0159ek\u00e1\u017eky.<\/p>\n<p>P\u0160: J\u00e1 b\u011bh\u00e1m hlavn\u011b osmistovky. \u010cty\u0159stovku jsem b\u011b\u017eela jednou, a to bych cht\u011bla v budoucnu. Jinak taky ob\u010das zkus\u00edm skok do d\u00e1lky nebo p\u0159ek\u00e1\u017eky, ale to je jen dopln\u011bk.<\/p>\n<p><b> Kam se je\u0161t\u011b chyst\u00e1te v t\u00e9to sez\u00f3n\u011b?\u00a0<\/b><\/p>\n<p>LM: Mo\u017en\u00e1 se v \u010dervenci z\u00fa\u010dastn\u00edme v\u00edceboj\u016f. Hlavn\u011b bych cht\u011bla j\u00edt na mistrovstv\u00ed republiky do 22 let. To bude na za\u010d\u00e1tku z\u00e1\u0159\u00ed, ale budeme se ten den vracet ze soust\u0159ed\u011bn\u00ed, tak douf\u00e1m, \u017ee se to stihne. Kvalifikaci u\u017e m\u00e1m zaji\u0161t\u011bnou.<\/p>\n<p>P\u0160: O pr\u00e1zdnin\u00e1ch jsou r\u016fzn\u00e9 meetingy. Krom\u011b n\u011bjak\u00fdch men\u0161\u00edch z\u00e1vod\u016f se chyst\u00e1m se na mistrovstv\u00ed republiky \u017eactva, na mistrovstv\u00ed \u010cR v krosu a na mezin\u00e1rodn\u00ed meeting v Brn\u011b European Kids Athletics Games.<\/p>\n<p><b> M\u00edv\u00e1te tr\u00e9mu p\u0159ed z\u00e1vodem?\u00a0<\/b><\/p>\n<p>LM: Obvykle ne, jen kdy\u017e jsem t\u0159eba jela na mistrovstv\u00ed \u010cesk\u00e9 republiky dosp\u011bl\u00fdch, tak to jsem m\u011bla trochu tr\u00e9mu hlavn\u011b kv\u016fli tomu, \u017ee jsem necht\u011bla zklamat, proto\u017ee se tam jelo jen kv\u016fli mn\u011b skrz jeden z\u00e1vod 100 m.<\/p>\n<p>P\u0160: Tr\u00e9ma v\u017edycky n\u011bjak\u00e1 je, ale n\u011bjak obrovsk\u00e1 ne. Z\u00e1le\u017e\u00ed, o jak\u00fd jde z\u00e1vod \u2013 kdy\u017e se jedn\u00e1 o okresn\u00ed b\u011b\u017eeckou ligu, tak ne, kdy\u017e je to mistrovstv\u00ed republiky, tak tro\u0161ku ano.<\/p>\n<p>LM: Ob\u010das je na z\u00e1vodech vid\u011bt, kolik toho tren\u00e9\u0159i po\u017eaduj\u00ed po sv\u00fdch sv\u011b\u0159enc\u00edch, a kdy\u017e se jim to nepovede tak, jak by si p\u0159edstavovali, jsou na n\u011b na\u0161tvan\u00ed. N\u00e1\u0161 tren\u00e9r to bere tak, \u017ee v\u017edycky to prost\u011b nevyjde. Kdy\u017e se to povede, je r\u00e1d, kdy\u017e se to nepovede, tak to nevad\u00ed.<\/p>\n<p><b> Kdo je va\u0161\u00edm sportovn\u00edm vzorem?\u00a0<\/b><\/p>\n<p>LM: J\u00e1 nem\u00e1m \u017e\u00e1dn\u00fd sportovn\u00ed vzor, v\u017edycky jsem cht\u011bla d\u011blat atletiku sp\u00ed\u0161 pro sebe.<\/p>\n<p>P\u0160: J\u00e1 m\u00e1m vzor\u016f dost. Nap\u0159\u00edklad Barbora Mal\u00edkov\u00e1 (i kdy\u017e je jen o dva roky star\u0161\u00ed ne\u017e j\u00e1), pak Filip Sas\u00ednek a Jakub Holu\u0161a.<\/p>\n<p><b> Co spolu\u017e\u00e1ci ve \u0161kole \u2013 fand\u00ed v\u00e1m?\u00a0<\/b><\/p>\n<p>LM: Ob\u010das se nejbli\u017e\u0161\u00ed kamar\u00e1di zeptaj\u00ed, jak jsem dopadla, ale jinak o tom moc nemluv\u00edme.<\/p>\n<p>P\u0160: Kdy\u017e donesu do \u0161koly n\u011bjak\u00fd diplom, tak pan u\u010ditel to vyv\u011bs\u00ed na n\u00e1st\u011bnku, tak\u017ee je to hrozn\u00fd \ud83d\ude42<\/p>\n<p><b> Pro\u010d hrozn\u00fd?\u00a0<\/b><\/p>\n<p>P\u0160: \u017de o tom v\u00ed cel\u00e1 \u0161kola a j\u00e1 \u00fapln\u011b nechci, aby to v\u0161ichni v\u011bd\u011bli.<\/p>\n<p><b> Jak vypad\u00e1 v\u00e1\u0161 sportovn\u00ed t\u00fdden?\u00a0<\/b><\/p>\n<p>LM: Tr\u00e9nujeme t\u0159ikr\u00e1t t\u00fddn\u011b v Blansku na ASK a v sez\u00f3n\u011b je\u0161t\u011b o v\u00edkendech jezd\u00edme na z\u00e1vody. O pr\u00e1zdnin\u00e1ch m\u00e1m o v\u00edkendech pauzu, dorostenci te\u010f z\u00e1vody nem\u00edvaj\u00ed.<\/p>\n<p><b> \u010ceho byste cht\u011bly dos\u00e1hnout ve sportu?\u00a0<\/b><\/p>\n<p>LM: Nem\u00e1m \u017e\u00e1dn\u00e9 konkr\u00e9tn\u00ed p\u0159edstavy. Sp\u00ed\u0161 jen tak sportuji a ob\u010das m\u011b p\u0159ekvap\u00ed, kam a\u017e se to dostane. Nem\u00e1m konkr\u00e9tn\u00ed c\u00edl, kter\u00e9ho bych cht\u011bla dos\u00e1hnout.<\/p>\n<p>P\u0160: Podle toho, jak\u00e9 budu m\u00edt v\u00fdsledky, bych cht\u011bla j\u00edt asi na n\u011bjak\u00fd sportovn\u00ed gympl.<\/p>\n<p><b> Jak\u00e9 m\u00e1te dal\u0161\u00ed z\u00e1liby?\u00a0<\/b><\/p>\n<p>LM: Hraji na kytaru, ob\u010das kresl\u00edm, \u010dtu.<\/p>\n<p>P\u0160: Rekrea\u010dn\u011b se v\u011bnuji i ostatn\u00edm sport\u016fm, t\u0159eba bruslen\u00ed, plav\u00e1n\u00ed. Pak r\u00e1da hraji stoln\u00ed hry.<\/p>\n<p><b>Marie Haso\u0148ov\u00e1<\/b><\/p>\n","protected":false},"excerpt":{"rendered":"<p>\u0160estn\u00e1ctilet\u00e1 studentka blanensk\u00e9ho gymn\u00e1zia Leona Mare\u010dkov\u00e1 z Kun\u0161t\u00e1tu a \u010dtrn\u00e1ctilet\u00e1 \u017e\u00e1kyn\u011b Z\u0160 Erbenova Blansko Pavla \u0160toudkov\u00e1 z Doubravice nad Svitavou<\/p>\n","protected":false},"author":1,"featured_media":4492,"comment_status":"open","ping_status":"closed","sticky":false,"template":"","format":"standard","meta":[],"categories":[14,16,6],"tags":[],"_links":{"self":[{"href":"https:\/\/www.monitor-bk.cz\/index.php?rest_route=\/wp\/v2\/posts\/4491"}],"collection":[{"href":"https:\/\/www.monitor-bk.cz\/index.php?rest_route=\/wp\/v2\/posts"}],"about":[{"href":"https:\/\/www.monitor-bk.cz\/index.php?rest_route=\/wp\/v2\/types\/post"}],"author":[{"embeddable":true,"href":"https:\/\/www.monitor-bk.cz\/index.php?rest_route=\/wp\/v2\/users\/1"}],"replies":[{"embeddable":true,"href":"https:\/\/www.monitor-bk.cz\/index.php?rest_route=%2Fwp%2Fv2%2Fcomments&post=4491"}],"version-history":[{"count":1,"href":"https:\/\/www.monitor-bk.cz\/index.php?rest_route=\/wp\/v2\/posts\/4491\/revisions"}],"predecessor-version":[{"id":4493,"href":"https:\/\/www.monitor-bk.cz\/index.php?rest_route=\/wp\/v2\/posts\/4491\/revisions\/4493"}],"wp:featuredmedia":[{"embeddable":true,"href":"https:\/\/www.monitor-bk.cz\/index.php?rest_route=\/wp\/v2\/media\/4492"}],"wp:attachment":[{"href":"https:\/\/www.monitor-bk.cz\/index.php?rest_route=%2Fwp%2Fv2%2Fmedia&parent=4491"}],"wp:term":[{"taxonomy":"category","embeddable":true,"href":"https:\/\/www.monitor-bk.cz\/index.php?rest_route=%2Fwp%2Fv2%2Fcategories&post=4491"},{"taxonomy":"post_tag","embeddable":true,"href":"https:\/\/www.monitor-bk.cz\/index.php?rest_route=%2Fwp%2Fv2%2Ftags&post=4491"}],"curies":[{"name":"wp","href":"https:\/\/api.w.org\/{rel}","templated":true}]}}