{"id":4337,"date":"2017-06-07T12:11:02","date_gmt":"2017-06-07T10:11:02","guid":{"rendered":"http:\/\/www.monitor-bk.cz\/?p=4337"},"modified":"2017-06-07T12:36:56","modified_gmt":"2017-06-07T10:36:56","slug":"rychlobruslari-zahajili-letni-trenink","status":"publish","type":"post","link":"https:\/\/www.monitor-bk.cz\/?p=4337","title":{"rendered":"Blanen\u0161t\u00ed rychlobrusla\u0159i zah\u00e1jili letn\u00ed tr\u00e9nink"},"content":{"rendered":"<p><strong><img decoding=\"async\" loading=\"lazy\" class=\"alignnone size-full wp-image-4339\" src=\"https:\/\/www.monitor-bk.cz\/wp-content\/uploads\/2017\/06\/rychlobruslari.jpg\" alt=\"\" width=\"1400\" height=\"1050\" srcset=\"https:\/\/www.monitor-bk.cz\/wp-content\/uploads\/2017\/06\/rychlobruslari.jpg 1400w, https:\/\/www.monitor-bk.cz\/wp-content\/uploads\/2017\/06\/rychlobruslari-107x80.jpg 107w, https:\/\/www.monitor-bk.cz\/wp-content\/uploads\/2017\/06\/rychlobruslari-300x225.jpg 300w, https:\/\/www.monitor-bk.cz\/wp-content\/uploads\/2017\/06\/rychlobruslari-768x576.jpg 768w, https:\/\/www.monitor-bk.cz\/wp-content\/uploads\/2017\/06\/rychlobruslari-1024x768.jpg 1024w\" sizes=\"(max-width: 1400px) 100vw, 1400px\" \/><\/strong><\/p>\n<p><strong>Blanen\u0161t\u00ed rychlobrusla\u0159i zah\u00e1jili letn\u00ed sez\u00f3nu. V\u00a0t\u00e9 zimn\u00ed se jim da\u0159ilo a i v\u00a0l\u00e9t\u011b je \u010dek\u00e1 op\u011bt spousta pr\u00e1ce.<\/strong><\/p>\n<p>B\u011bhem zimn\u00ed sez\u00f3ny se d\u011bti z rychlobrusla\u0159sk\u00e9ho odd\u00edlu p\u0159i ASK Blansko se\u0161ly na blanensk\u00e9m stadionu t\u00e9m\u011b\u0159 na dvaceti tr\u00e9ninc\u00edch, p\u0159i kter\u00fdch nacvi\u010dovaly hlavn\u011b techniku j\u00edzdy na dlouh\u00fdch no\u017e\u00edch. Rychlost mus\u00ed tr\u00e9novat v zahrani\u010d\u00ed, proto\u017ee velikost stadionu neodpov\u00edd\u00e1 pot\u0159eb\u011b rychlobrusla\u0159\u016f.<\/p>\n<p>Ml\u00e1de\u017ei se v\u011bnuje tren\u00e9rka V\u011bra B\u0159\u00ednkov\u00e1, b\u00fdval\u00e1 reprezentantka v rychlobruslen\u00ed a silni\u010dn\u00ed a dr\u00e1hov\u00e9 cyklistice. \u201eTr\u00e9nujeme na 460m asfaltov\u00e9 dr\u00e1ze v nov\u00e9m p\u0159ekr\u00e1sn\u00e9m sportovn\u00edm are\u00e1lu VUT v Brn\u011b Kr\u00e1lov\u011b Poli u Technologick\u00e9ho parku a na inlajnov\u00e9 dr\u00e1ze v\u00a0R\u00e1je\u010dku. D\u011bti se z\u00fa\u010dast\u0148uj\u00ed in-line st\u0159ede\u010dn\u00edch z\u00e1vod\u016f v Brn\u011b v\u00a0Kom\u00e1rov\u011b, jeho\u017e prvn\u00ed kolo vyhr\u00e1l Mat\u011bj Semeniuk z ASK Blansko,\u201c \u0159\u00edk\u00e1 B\u0159\u00ednkov\u00e1.<\/p>\n<p>O pr\u00e1zdnin\u00e1ch rychlobrusla\u0159e \u010dek\u00e1 mezin\u00e1rodn\u00ed soust\u0159ed\u011bn\u00ed v n\u011bmeck\u00e9m Lindenbergu, kde krom\u011b dvouf\u00e1zov\u00e9ho tr\u00e9ninku na d\u011bti \u010dekaj\u00ed v\u00fdlety, mezin\u00e1rodn\u00ed ve\u010dery a procvi\u010dov\u00e1n\u00ed jazykov\u00fdch znalost\u00ed. \u201ePo\u010d\u00edt\u00e1me se zapojen\u00edm d\u011bt\u00ed i do cyklistiky, kter\u00e1 byla a je sou\u010d\u00e1st\u00ed p\u0159\u00edpravy pro rychlobruslen\u00ed. Vyzkou\u0161\u00edme dr\u00e1hov\u00e1 kola na brn\u011bnsk\u00e9m velodromu. V z\u00e1\u0159\u00ed po\u010d\u00edt\u00e1me s prvn\u00edm vstupem na led a dlouh\u00e9 no\u017ee,\u201c dopl\u0148uje tren\u00e9rka, kter\u00e1 z\u00e1rove\u0148 v odd\u00edlu r\u00e1da p\u0159iv\u00edt\u00e1 dal\u0161\u00ed z\u00e1jemce o tento sport.<\/p>\n<p>Aby se mlad\u00ed sportovci mohli pom\u011b\u0159it se sv\u00fdmi vrstevn\u00edky, musej\u00ed vyj\u00ed\u017ed\u011bt do rychlobrusla\u0159sk\u00fdch hal do zahrani\u010d\u00ed. V t\u00e9to sez\u00f3n\u011b vyjeli celkem sedmkr\u00e1t do N\u011bmecka, a to p\u011bt v\u00fdjezd\u016f do Inzellu a dvakr\u00e1t do Erfurtu. V Inzellu se d\u011bti \u00fa\u010dastnily seri\u00e1lu z\u00e1vod\u016f FRILLENSEE CUP, kter\u00fd m\u00e1 p\u011bt kol.<\/p>\n<p>D\u011bti si vylep\u0161ily, oproti minul\u00e9 zimn\u00ed sez\u00f3n\u011b, sv\u00e9 osobn\u00ed \u010dasy:<\/p>\n<table>\n<tbody>\n<tr>\n<td width=\"151\"><strong>Z\u00e1vodn\u00edk\/d\u00e9lka trati<\/strong><\/td>\n<td width=\"94\"><strong>300m<\/strong><\/td>\n<td width=\"123\"><strong>500m<\/strong><\/td>\n<td width=\"123\"><strong>1000m<\/strong><\/td>\n<td width=\"123\"><strong>1500m<\/strong><\/td>\n<\/tr>\n<tr>\n<td width=\"151\">Martina Luskov\u00e1<\/td>\n<td width=\"94\">&#8212;<\/td>\n<td width=\"123\">47,05<\/td>\n<td width=\"123\">1.37,29<\/td>\n<td width=\"123\">2.43,09<\/td>\n<\/tr>\n<tr>\n<td width=\"151\">Nella S\u00e1\u0148kov\u00e1<\/td>\n<td width=\"94\">35,01<\/td>\n<td width=\"123\">51,24<\/td>\n<td width=\"123\">1.42,88<\/td>\n<td width=\"123\">&#8212;<\/td>\n<\/tr>\n<tr>\n<td width=\"151\">Mat\u011bj Semeniuk<\/td>\n<td width=\"94\">&#8212;<\/td>\n<td width=\"123\">47,34<\/td>\n<td width=\"123\">1.39,76<\/td>\n<td width=\"123\">2.36,50<\/td>\n<\/tr>\n<tr>\n<td width=\"151\">Martin Luska<\/td>\n<td width=\"94\"><\/td>\n<td width=\"123\">52,92<\/td>\n<td width=\"123\">1.50,30<\/td>\n<td width=\"123\">&#8212;<\/td>\n<\/tr>\n<tr>\n<td width=\"151\">Ale\u0161 S\u00e1\u0148ka<\/td>\n<td width=\"94\">35,30<\/td>\n<td width=\"123\">59,02<\/td>\n<td width=\"123\">2.01,98<\/td>\n<td width=\"123\">&#8212;<\/td>\n<\/tr>\n<\/tbody>\n<\/table>\n<p>\u201eKvalifika\u010dn\u00ed \u010dasy, kter\u00e9 je pot\u0159eba zabruslit v ofici\u00e1ln\u00edm z\u00e1vod\u011b ISU (mezin\u00e1rodn\u00ed brusla\u0159sk\u00e1 federace), aby mohl b\u00fdt sportovec nominov\u00e1n n\u00e1rodn\u00edm svazem pro start v rychlobrusla\u0159sk\u00e9m juniorsk\u00e9m sv\u011btov\u00e9m poh\u00e1ru, jsou na 500 m 45,00 vt. a na 1000 m 1:30,00 vt. Na\u0161\u00edm velk\u00fdm c\u00edlem bude splnit tyto limity u\u017e v sezon\u011b 2017\/2018,\u201c \u0159\u00edk\u00e1 V\u011bra B\u0159\u00ednkov\u00e1.<\/p>\n<p>\u201eV \u010cesk\u00e9 republice opravdu moc chyb\u00ed rychlobrusla\u0159sk\u00fd stadion. Bohu\u017eel vzd\u00e1lenost a finan\u010dn\u00ed n\u00e1ro\u010dnost jednotliv\u00fdch v\u00fdjezd\u016f n\u00e1m rodi\u010d\u016fm nedovoluje, abychom d\u011btem dop\u0159\u00e1ly \u010dast\u011bji se \u00fa\u010dastnit v\u00fdjezd\u016f. V\u0161echny n\u00e1klady s t\u00edm spojen\u00e9 (doprava, ubytov\u00e1n\u00ed, startovn\u00e9) hrad\u00edme my, rodi\u010de. Dok\u00e1\u017eu si p\u0159edstavit, \u017ee by i u n\u00e1s v \u010cesk\u00e9 republice, na\u0161la velk\u00e1 rychlobrusla\u0159sk\u00e1 hala pln\u00e9 a smyslupln\u00e9 vyu\u017eit\u00ed,\u201c mysl\u00ed si jedna z\u00a0maminek rychlobrusla\u0159\u016f Mark\u00e9ta Luskov\u00e1 ze Sloupu.<\/p>\n","protected":false},"excerpt":{"rendered":"<p>Blanen\u0161t\u00ed rychlobrusla\u0159i zah\u00e1jili letn\u00ed sez\u00f3nu. V\u00a0t\u00e9 zimn\u00ed se jim da\u0159ilo a i v\u00a0l\u00e9t\u011b je \u010dek\u00e1 op\u011bt spousta pr\u00e1ce. B\u011bhem zimn\u00ed<\/p>\n","protected":false},"author":1067,"featured_media":4339,"comment_status":"open","ping_status":"closed","sticky":false,"template":"","format":"standard","meta":[],"categories":[6],"tags":[],"_links":{"self":[{"href":"https:\/\/www.monitor-bk.cz\/index.php?rest_route=\/wp\/v2\/posts\/4337"}],"collection":[{"href":"https:\/\/www.monitor-bk.cz\/index.php?rest_route=\/wp\/v2\/posts"}],"about":[{"href":"https:\/\/www.monitor-bk.cz\/index.php?rest_route=\/wp\/v2\/types\/post"}],"author":[{"embeddable":true,"href":"https:\/\/www.monitor-bk.cz\/index.php?rest_route=\/wp\/v2\/users\/1067"}],"replies":[{"embeddable":true,"href":"https:\/\/www.monitor-bk.cz\/index.php?rest_route=%2Fwp%2Fv2%2Fcomments&post=4337"}],"version-history":[{"count":4,"href":"https:\/\/www.monitor-bk.cz\/index.php?rest_route=\/wp\/v2\/posts\/4337\/revisions"}],"predecessor-version":[{"id":4342,"href":"https:\/\/www.monitor-bk.cz\/index.php?rest_route=\/wp\/v2\/posts\/4337\/revisions\/4342"}],"wp:featuredmedia":[{"embeddable":true,"href":"https:\/\/www.monitor-bk.cz\/index.php?rest_route=\/wp\/v2\/media\/4339"}],"wp:attachment":[{"href":"https:\/\/www.monitor-bk.cz\/index.php?rest_route=%2Fwp%2Fv2%2Fmedia&parent=4337"}],"wp:term":[{"taxonomy":"category","embeddable":true,"href":"https:\/\/www.monitor-bk.cz\/index.php?rest_route=%2Fwp%2Fv2%2Fcategories&post=4337"},{"taxonomy":"post_tag","embeddable":true,"href":"https:\/\/www.monitor-bk.cz\/index.php?rest_route=%2Fwp%2Fv2%2Ftags&post=4337"}],"curies":[{"name":"wp","href":"https:\/\/api.w.org\/{rel}","templated":true}]}}