{"id":4296,"date":"2017-05-26T07:50:08","date_gmt":"2017-05-26T05:50:08","guid":{"rendered":"http:\/\/www.monitor-bk.cz\/?p=4296"},"modified":"2017-05-25T14:53:19","modified_gmt":"2017-05-25T12:53:19","slug":"v-lete-zacne-stavba-cyklostezky-u-nadrazi","status":"publish","type":"post","link":"https:\/\/www.monitor-bk.cz\/?p=4296","title":{"rendered":"V l\u00e9t\u011b za\u010dne stavba cyklostezky u n\u00e1dra\u017e\u00ed"},"content":{"rendered":"<p><a href=\"https:\/\/www.monitor-bk.cz\/wp-content\/uploads\/2017\/05\/13_web.jpg\"><img decoding=\"async\" loading=\"lazy\" class=\"alignleft size-full wp-image-4297\" src=\"https:\/\/www.monitor-bk.cz\/wp-content\/uploads\/2017\/05\/13_web.jpg\" alt=\"\" width=\"1181\" height=\"787\" srcset=\"https:\/\/www.monitor-bk.cz\/wp-content\/uploads\/2017\/05\/13_web.jpg 1181w, https:\/\/www.monitor-bk.cz\/wp-content\/uploads\/2017\/05\/13_web-120x80.jpg 120w, https:\/\/www.monitor-bk.cz\/wp-content\/uploads\/2017\/05\/13_web-300x200.jpg 300w, https:\/\/www.monitor-bk.cz\/wp-content\/uploads\/2017\/05\/13_web-768x512.jpg 768w, https:\/\/www.monitor-bk.cz\/wp-content\/uploads\/2017\/05\/13_web-1024x682.jpg 1024w\" sizes=\"(max-width: 1181px) 100vw, 1181px\" \/><\/a><\/p>\n<p><b>V leto\u0161n\u00edm roce bude zbudov\u00e1no zhruba dv\u011b st\u011b metr\u016f cyklostezky za autobusov\u00fdm n\u00e1dra\u017e\u00edm pod\u00e9l \u0159eky Svitavy. Propoj\u00ed se tak st\u00e1vaj\u00edc\u00ed cyklostezka s mostem u vlakov\u00e9ho n\u00e1dra\u017e\u00ed.\u00a0<\/b><!--more--><\/p>\n<p>Cyklostezka vedouc\u00ed ze Sportovn\u00edho ostrova Ludv\u00edka Da\u0148ka nyn\u00ed v podstat\u011b \u00fast\u00ed do v\u00fdjezdu z autobusov\u00e9ho n\u00e1dra\u017e\u00ed. Nov\u00fd \u00fasek tedy na ni nav\u00e1\u017ee a povede d\u00e1l pod\u00e9l b\u0159ehu \u0159eky a\u017e po kruhov\u00fd objezd na k\u0159\u00ed\u017een\u00ed ulic Svitavsk\u00e1 a N\u00e1dra\u017en\u00ed.<\/p>\n<p>Dv\u011b st\u011b metr\u016f cyklostezky bude st\u00e1t 4,5 milion\u016f korun, z \u010deho\u017e dva miliony \u010din\u00ed dotace z Jihomoravsk\u00e9ho kraje. \u201eJe to cena vy\u0161\u0161\u00ed, ne\u017e je standard, jeliko\u017e je tam zakl\u00e1d\u00e1n\u00ed do b\u0159eh\u016f \u0159eky Svitavy a nutnost vystav\u011bt op\u011brn\u00e9 st\u011bny. Tyto v\u011bci jsou dra\u017e\u0161\u00ed, ne\u017e jen vytvo\u0159en\u00ed prost\u00e9 konstrukce cyklostezky,\u201c uvedl vedouc\u00ed odboru investi\u010dn\u00edho a \u00fazemn\u00edho rozvoje Marek \u0160tefan.<\/p>\n<p>Povrch cesty bude asfaltov\u00fd v \u0161\u00ed\u0159ce p\u0159ibli\u017en\u011b 2,5 m, co\u017e umo\u017en\u00ed sm\u00ed\u0161en\u00fd provoz i pro p\u011b\u0161\u00ed. Cyklostezka bude zbudov\u00e1na v r\u00e1mci rekonstrukce autobusov\u00e9ho termin\u00e1lu Blansko. \u201eP\u0159edpokl\u00e1d\u00e1me, \u017ee stavba by mohla za\u010d\u00edt n\u011bkdy o letn\u00edch pr\u00e1zdnin\u00e1ch tohoto roku,\u201c dodal \u0160tefan.<\/p>\n<p><b>-mha-<\/b><\/p>\n","protected":false},"excerpt":{"rendered":"<p>V leto\u0161n\u00edm roce bude zbudov\u00e1no zhruba dv\u011b st\u011b metr\u016f cyklostezky za autobusov\u00fdm n\u00e1dra\u017e\u00edm pod\u00e9l \u0159eky Svitavy. Propoj\u00ed se tak st\u00e1vaj\u00edc\u00ed<\/p>\n","protected":false},"author":1,"featured_media":4297,"comment_status":"open","ping_status":"closed","sticky":false,"template":"","format":"standard","meta":[],"categories":[5,6,25],"tags":[],"_links":{"self":[{"href":"https:\/\/www.monitor-bk.cz\/index.php?rest_route=\/wp\/v2\/posts\/4296"}],"collection":[{"href":"https:\/\/www.monitor-bk.cz\/index.php?rest_route=\/wp\/v2\/posts"}],"about":[{"href":"https:\/\/www.monitor-bk.cz\/index.php?rest_route=\/wp\/v2\/types\/post"}],"author":[{"embeddable":true,"href":"https:\/\/www.monitor-bk.cz\/index.php?rest_route=\/wp\/v2\/users\/1"}],"replies":[{"embeddable":true,"href":"https:\/\/www.monitor-bk.cz\/index.php?rest_route=%2Fwp%2Fv2%2Fcomments&post=4296"}],"version-history":[{"count":2,"href":"https:\/\/www.monitor-bk.cz\/index.php?rest_route=\/wp\/v2\/posts\/4296\/revisions"}],"predecessor-version":[{"id":4299,"href":"https:\/\/www.monitor-bk.cz\/index.php?rest_route=\/wp\/v2\/posts\/4296\/revisions\/4299"}],"wp:featuredmedia":[{"embeddable":true,"href":"https:\/\/www.monitor-bk.cz\/index.php?rest_route=\/wp\/v2\/media\/4297"}],"wp:attachment":[{"href":"https:\/\/www.monitor-bk.cz\/index.php?rest_route=%2Fwp%2Fv2%2Fmedia&parent=4296"}],"wp:term":[{"taxonomy":"category","embeddable":true,"href":"https:\/\/www.monitor-bk.cz\/index.php?rest_route=%2Fwp%2Fv2%2Fcategories&post=4296"},{"taxonomy":"post_tag","embeddable":true,"href":"https:\/\/www.monitor-bk.cz\/index.php?rest_route=%2Fwp%2Fv2%2Ftags&post=4296"}],"curies":[{"name":"wp","href":"https:\/\/api.w.org\/{rel}","templated":true}]}}