{"id":3720,"date":"2017-04-14T09:22:28","date_gmt":"2017-04-14T09:22:28","guid":{"rendered":"http:\/\/www.monitor-bk.cz\/?p=3720"},"modified":"2017-04-14T09:22:28","modified_gmt":"2017-04-14T09:22:28","slug":"na-kave-s-marcelou-cachotskou","status":"publish","type":"post","link":"https:\/\/www.monitor-bk.cz\/?p=3720","title":{"rendered":"Na k\u00e1v\u011b s Marcelou \u010cachotskou"},"content":{"rendered":"<p><b><a href=\"https:\/\/www.monitor-bk.cz\/wp-content\/uploads\/2017\/04\/marcela.jpg\"><img decoding=\"async\" loading=\"lazy\" class=\"alignleft size-full wp-image-3725\" src=\"https:\/\/www.monitor-bk.cz\/wp-content\/uploads\/2017\/04\/marcela.jpg\" alt=\"\" width=\"1276\" height=\"851\" srcset=\"https:\/\/www.monitor-bk.cz\/wp-content\/uploads\/2017\/04\/marcela.jpg 1276w, https:\/\/www.monitor-bk.cz\/wp-content\/uploads\/2017\/04\/marcela-120x80.jpg 120w, https:\/\/www.monitor-bk.cz\/wp-content\/uploads\/2017\/04\/marcela-300x200.jpg 300w, https:\/\/www.monitor-bk.cz\/wp-content\/uploads\/2017\/04\/marcela-768x512.jpg 768w, https:\/\/www.monitor-bk.cz\/wp-content\/uploads\/2017\/04\/marcela-1024x683.jpg 1024w\" sizes=\"(max-width: 1276px) 100vw, 1276px\" \/><\/a><\/b><\/p>\n<p><b><br \/>\nTalentovan\u00e1 sedmn\u00e1ctilet\u00e1 bubenice ze Sloupu Marcela \u010cachotsk\u00e1, \u017e\u00e1kyn\u011b u\u010ditele Ji\u0159\u00edho Bore\u0161e ze ZU\u0160 Blansko, se z\u00fa\u010dastnila celosv\u011btov\u00e9 bubenick\u00e9 sout\u011b\u017ee Hit Like A Girl. Sout\u011b\u017e je ur\u010den\u00e1 pouze pro d\u00edvky a je rozd\u011blen\u00e1 do dvou kategori\u00ed \u2013 pod osmn\u00e1ct a nad osmn\u00e1ct let. Marcela se jako jedin\u00e1 z \u010cesk\u00e9 republiky dostala do vybran\u00e9 \u010dty\u0159iadvac\u00edtky sout\u011b\u017e\u00edc\u00edch do osmn\u00e1cti let. Ve ve\u0159ejn\u00e9m hlasov\u00e1n\u00ed se dlouho dr\u017eela na prvn\u00edm m\u00edst\u011b, nakonec ji p\u0159edb\u011bhla Ameri\u010danka a Marcela se um\u00edstila druh\u00e1.\u00a0<\/b><\/p>\n<p><!--more--><\/p>\n<p><b> Jak ses dostala k hran\u00ed na bic\u00ed?\u00a0<\/b><\/p>\n<p>Od mala jsem byla p\u0159\u00edznivcem hudby, a \u00fapln\u011b si pamatuji ten moment, kdy moje star\u0161\u00ed sestra poslouchala p\u00edsni\u010dky, a m\u011b napadlo, \u017ee bych si mohla poskl\u00e1dat kbel\u00edky a zkusit na n\u011b hr\u00e1t. Hr\u00e1la jsem tedy k t\u011bm p\u00edsni\u010dk\u00e1m na kbel\u00edky klac\u00edky, kter\u00e9 jsem na\u0161la u na\u0161\u00ed studny. To jsem byla ve t\u0159et\u00ed t\u0159\u00edd\u011b. Potom se m\u011b ta\u0165ka zeptal, jestli se nechci u\u010dit na bic\u00ed. Domluvil mi to u u\u010ditele Ji\u0159\u00edho Bore\u0161e, kter\u00fd si m\u011b nejd\u0159\u00edv vyzkou\u0161el a naznal, \u017ee by to mohlo j\u00edt, tak jsem za\u010dala nav\u0161t\u011bvovat Z\u00e1kladn\u00ed um\u011bleckou \u0161kolu v Blansku.<\/p>\n<p><b> Kde cvi\u010d\u00ed\u0161?<\/b><\/p>\n<p>V roce 2009 jsem dostala k V\u00e1noc\u016fm bic\u00ed soupravu, z toho jsem byla p\u0159ekvapen\u00e1. Nejd\u0159\u00edv jsem hr\u00e1la ve sv\u00e9m pokoji a pozd\u011bji mi ta\u0165ka za\u0159\u00eddil zku\u0161ebnu ve sklep\u011b. Zdi oblo\u017eil platy od vaj\u00ed\u010dek, aby se zvuk tolik neodr\u00e1\u017eel. Tam te\u010f cvi\u010d\u00edm.<\/p>\n<p><b> Tak\u017ee \u017e\u00e1dn\u00e9 st\u00ed\u017enosti soused\u016f na hluk?<\/b><\/p>\n<p>Nikdo si za t\u011bch dev\u011bt let na hluk st\u011b\u017eovat nep\u0159i\u0161el. Hraji maxim\u00e1ln\u011b do p\u016fl dev\u00e1t\u00e9 nebo do dev\u00edti, a kdy\u017e pot\u0159ebuji je\u0161t\u011b cvi\u010dit, tak m\u00e1m cvi\u010dn\u00fd pad, kter\u00fd ned\u011bl\u00e1 hluk.<\/p>\n<p><b> Kolik \u010dasu str\u00e1v\u00ed\u0161 u bic\u00edch?<\/b><\/p>\n<p>Sna\u017e\u00edm se tomu d\u00e1vat co nejv\u00edc \u010dasu. Te\u010f jsem ve f\u00e1zi, kdy mysl\u00edm, \u017ee se tomu v\u011bnuji maxim\u00e1ln\u011b a jsem do toho pono\u0159en\u00e1. I co se t\u00fdk\u00e1 techniky \u2013 c\u00edt\u00edm, \u017ee se to zlep\u0161uje. Kdy\u017e k tomu sednu, hraju dv\u011b a\u017e t\u0159i hodiny. Ob\u010das m\u00edv\u00e1m i k\u0159e\u010de v ruk\u00e1ch, ale proto je d\u016fle\u017eit\u00e9 se po\u0159\u00e1dn\u011b rozehr\u00e1vat.<\/p>\n<p>Je d\u016fle\u017eit\u00e9 spr\u00e1vn\u011b dr\u017eet pali\u010dky. Jeden z na\u0161ich nejlep\u0161\u00edch \u010desk\u00fdch buben\u00edk\u016f cvi\u010dil tolik, \u017ee si zp\u016fsobil z\u00e1n\u011bt \u0161lach, tak\u017ee musel na p\u016fl roku \u00fapln\u011b p\u0159estat hr\u00e1t, co\u017e bych tedy necht\u011bla. Proto si po\u0159\u00e1d \u0159\u00edk\u00e1m, odsud posud.<\/p>\n<p><b> Bic\u00ed je kon\u00ed\u010dek n\u00e1ro\u010dn\u00fd i na u\u0161i\u2026\u00a0<\/b><\/p>\n<p>D\u0159\u00edv jsem v\u017edycky hr\u00e1la bez sluch\u00e1tek a nezab\u00fdvala jsem se t\u00edm, \u017ee bych m\u011bla m\u00edt n\u011bjak\u00e9 \u0161punty do u\u0161\u00ed, co\u017e byla velik\u00e1 chyba. Bubny m\u00e1m sice zatlumen\u00e9, ale bylo i obdob\u00ed, kdy zatlumen\u00e9 nebyly. A s kapelou na koncert\u011b taky tlumen\u00e9 samoz\u0159ejm\u011b nejsou, nav\u00edc na koncert\u011b do toho \u010dlov\u011bk d\u00e1 v\u0161e, tak\u017ee je to n\u00e1por na u\u0161i. Na jednom koncert\u011b m\u011b za\u010daly bolet u\u0161i, jak jsme dohr\u00e1li, tak mi v nich p\u00edskalo a cokoliv jsem sly\u0161ela, tak mi vadilo. M\u011bla jsem hrozn\u00fd strach, aby to nem\u011blo trval\u00e9 n\u00e1sledky. Nyn\u00ed u\u017e cvi\u010d\u00edm s mal\u00fdmi sluch\u00e1tky, kter\u00e9 izoluj\u00ed okol\u00ed, a \u010dasto si p\u0159es n\u011b d\u00e1m je\u0161t\u011b jedna velk\u00e1 sluch\u00e1tka. Te\u010f je m\u00fdm hlavn\u00edm c\u00edlem po\u0159\u00eddit si profesion\u00e1ln\u00ed sluch\u00e1tka, do kter\u00fdch si pomoc\u00ed mal\u00e9ho mix\u00e1\u017en\u00edho pultu nam\u00edch\u00e1m v\u0161e, co budu pot\u0159ebovat. Prvn\u00ed v\u00fdplata z brig\u00e1dy, kterou m\u00edv\u00e1m ka\u017ed\u00fd rok ve Sloup\u011b v ob\u010derstven\u00ed u jeskyn\u00ed, padne za tato sluch\u00e1tka.<\/p>\n<p><b> \u010cemu v\u0161emu se tedy v\u011bnuje\u0161?<\/b><\/p>\n<p>Hraju v Tane\u010dn\u00edm orchestru ZU\u0160 Blansko, ve sloupsk\u00e9m obveselovac\u00edm t\u011blese Sigma pumpa a na r\u016fzn\u00fdch akc\u00edch s bubenick\u00fdm triem. Nebo t\u0159eba i jako kulturn\u00ed vystoupen\u00ed na plese. Ned\u00e1vno jsem dostala nab\u00eddku hr\u00e1t s jedovnick\u00fdmi ochotn\u00edky. Spolek Vlastimil hledal n\u011bkoho, kdo um\u00ed hr\u00e1t na caj\u00f3n, tak jsem se rozhodla to zkusit, proto\u017ee sb\u00edr\u00e1m r\u016fzn\u00e9 zku\u0161enosti. Hr\u00e1li jsme te\u010f skoro ka\u017edou ned\u011bli. Bylo to autorsk\u00e9 divadeln\u00ed p\u0159edstaven\u00ed s n\u00e1zvem Bezkontaktn\u00ed \u017eeny aneb Agrostory, o jedovnick\u00e9m JZD \u2013 n\u011bco jako film Slunce, seno\u2026 Re\u017e\u00edrovala to pan\u00ed Marie Jan\u00ed\u010dkov\u00e1 z Jedovnic, kter\u00e1 je tak\u00e9 \u010dlenkou DS Vlastimil, sama napsala sc\u00e9n\u00e1\u0159, co\u017e obdivuji. Mysl\u00edm si, \u017ee se to fakt povedlo, a pro m\u011b to byla dal\u0161\u00ed zku\u0161enost.<\/p>\n<p><b> P\u0159edstav kapelu Infernet, ve kter\u00e9 hraje\u0161.\u00a0<\/b><\/p>\n<p>Je to blanensk\u00e1 kapela, slo\u017een\u00e1 z mu\u017e\u016f kolem \u010dty\u0159iceti let. Jejich buben\u00edk odjel do Ameriky, ale ozn\u00e1mil jim to v dob\u011b, kdy se jim za\u010dalo da\u0159it. Hledali tedy nov\u00e9ho buben\u00edka, a jeliko\u017e se znaj\u00ed s m\u00fdm panem u\u010ditelem Bore\u0161em, ten se m\u011b zeptal, jestli bych to necht\u011bla zkusit. Na\u0161la jsem si na internetu jejich p\u00edsni\u010dky, asi dv\u011b jsem se nau\u010dila, ud\u011blali jsme zkou\u0161ku, byli spokojen\u00ed a od t\u00e9 doby s nimi hraju.<\/p>\n<p>Hrajeme svoje vlastn\u00ed p\u00edsni\u010dky, nehrajeme na z\u00e1bav\u00e1ch a podobn\u011b, sp\u00ed\u0161 koncerty. V sobotu 8. dubna jsme hr\u00e1li v Brn\u011b na \u0160elepce, loni v listopadu v Blansku na S\u00fdpce. Nahr\u00e1vali jsme CD, kter\u00e9 se te\u010f dokon\u010duje.<\/p>\n<p>Nahr\u00e1vali jsme si to sami v prostor\u00e1ch z\u00e1kladn\u00ed um\u011bleck\u00e9 \u0161koly, nebyli jsme v \u017e\u00e1dn\u00e9 nahr\u00e1vac\u00ed spole\u010dnosti. Pokud n\u011bkdo n\u011bco pokaz\u00ed nebo se mu to nel\u00edb\u00ed, m\u016f\u017ee to dodate\u010dn\u011b opravit, ale bubny mus\u00ed sed\u011bt.<\/p>\n<p><b> Chyst\u00e1te te\u010f n\u011bjak\u00fd dal\u0161\u00ed koncert?\u00a0<\/b><\/p>\n<p>Zat\u00edm o ni\u010dem nev\u00edm, r\u00e1di bychom zahr\u00e1li na n\u011bjak\u00fdch kulturn\u00edch akc\u00edch v Blansku, ale moment\u00e1ln\u011b nev\u00edm, jak to vypad\u00e1, je to v jedn\u00e1n\u00ed.<\/p>\n<p><b> Aktu\u00e1ln\u011b jsi \u017eila sout\u011b\u017e\u00ed Hit Like A Girl. Kdo t\u011b p\u0159ihl\u00e1sil?<\/b><\/p>\n<p>P\u0159ihl\u00e1sila jsem se sama. O sout\u011b\u017ei jsem se dozv\u011bd\u011bla loni, ale tenkr\u00e1t u\u017e bylo pozd\u011b na p\u0159ihl\u00e1\u0161en\u00ed, nem\u011bla jsem \u010das se p\u0159ipravit ani prost\u0159edky na nahr\u00e1v\u00e1n\u00ed, proto jsem rok po\u010dkala a te\u010f se to poda\u0159ilo.<\/p>\n<p>Vybrala jsem si p\u00edsni\u010dku Joanne od Lady Gaga. P\u00edsni\u010dka je v origin\u00e1le bez bic\u00edch, tak\u017ee jsem si \u0159ekla, \u017ee bych tam mohla n\u011bco zakomponovat, slo\u017eit si svoje bubny, co\u017e by mohla porota ocenit. Dala jsem si z\u00e1le\u017eet na tom, aby ka\u017ed\u00e1 \u010d\u00e1st p\u00edsni\u010dky byla jin\u00e1 a origin\u00e1ln\u00ed.<\/p>\n<p><b> Jak dlouho se nat\u00e1\u010d\u00ed takov\u00e9 video?<\/b><\/p>\n<p>Nahr\u00e1li jsme \u0161estn\u00e1ct verz\u00ed \u2013 nahr\u00e1vali jsme asi od p\u016fl p\u00e1t\u00e9 odpoledne a\u017e do osmi do ve\u010dera. Bylo to vy\u010derp\u00e1vaj\u00edc\u00ed. Cht\u011bla jsem nahr\u00e1t rovnou v\u00edc p\u00edsni\u010dek, ale k druh\u00e9 jsem se v\u016fbec nedostala. Bylo to nat\u00e1\u010den\u00e9 na t\u0159i kamery, jedna zep\u0159edu, druh\u00e1 shora a t\u0159et\u00ed brala nohy. Tak\u017ee se mus\u00edte je\u0161t\u011b n\u011bjak tv\u00e1\u0159it na ty kamery. Nakonec jsem stejn\u011b vybrala p\u00e1tou verzi (sm\u00edch).<\/p>\n<p><b> Pustila sis v\u0161echna videa ostatn\u00edch soupe\u0159ek? Co na n\u011b \u0159\u00edk\u00e1\u0161?\u00a0<\/b><\/p>\n<p>Ano, na n\u011bkter\u00e1 jsem se d\u00edvala. Jsou tam holky, kter\u00e9 opravdu v\u00e1lej\u00ed. \u010cty\u0159iadvac\u00edtku finalistek vyb\u00edrala odborn\u00e1 porota.<\/p>\n<p><b> Mysl\u00ed\u0161, \u017ee se z \u010cR hl\u00e1silo v\u00edc holek?\u00a0<\/b><\/p>\n<p>Mezi p\u0159ihl\u00e1\u0161en\u00fdmi jsem na\u0161la je\u0161t\u011b t\u0159i bubenice z \u010ceska, co se hl\u00e1sily do kategorie nad osmn\u00e1ct let, ale do fin\u00e1le se nedostaly. Bylo fajn, \u017ee porotkyn\u011b z Ameriky poslaly ka\u017ed\u00e9 sout\u011b\u017e\u00edc\u00ed zp\u011btnou vazbu, napsaly, co se jim l\u00edbilo, a v\u00fdkon obodovaly. Velmi mile m\u011b p\u0159ekvapilo, jak m\u016fj v\u00fdkon ohodnotily, tak\u017ee jsem velmi spokojen\u00e1. Porotkyn\u011b ocenily hlavn\u011b to, \u017ee jsem si aran\u017ee slo\u017eila sama.<\/p>\n<p><b> Jak jsi pro\u017e\u00edvala to \u010dek\u00e1n\u00ed na v\u00fdsledek?\u00a0<\/b><\/p>\n<p>Byla jsem docela nerv\u00f3zn\u00ed, jakmile m\u011b op\u011bt za\u010dala Ameri\u010danka doh\u00e1n\u011bt, m\u011bla jsem obavy, \u017ee to nezvl\u00e1dnu, ale potom jsem si \u0159ekla, \u017ee je to p\u0159ece jen sout\u011b\u017e a u\u017e i to, \u017ee jsem mezi 24 finalistkami, je \u00fasp\u011bch. Tak nen\u00ed t\u0159eba v\u011b\u0161et hlavu a v\u011b\u0159\u00edm, \u017ee se t\u0159eba um\u00edst\u00edm mezi prvn\u00ed trojkou, kterou bude je\u0161t\u011b vyb\u00edrat odborn\u00e1 porota, co\u017e by byl obrovsk\u00fd \u00fasp\u011bch. Ta \u0161ance tady po\u0159\u00e1d je. V\u00fdsledky se dozv\u00edm 18. dubna. Cel\u00e1 moje rodina a p\u0159\u00e1tel\u00e9 ud\u011blali v\u0161e, co bylo v jejich sil\u00e1ch, proto jim v\u0161em je\u0161t\u011b jednou d\u011bkuji.<\/p>\n<p><b> Tak\u017ee p\u0159\u00ed\u0161t\u00ed rok znovu?\u00a0<\/b><\/p>\n<p>Nejsp\u00ed\u0161 ano.<\/p>\n<p><b> Jsi ve t\u0159e\u0165\u00e1ku na boskovick\u00e9m gymn\u00e1ziu. Co d\u00e1l?\u00a0<\/b><\/p>\n<p>Ur\u010dit\u011b n\u011bjak\u00e1 vysok\u00e1 \u0161kola, ale je\u0161t\u011b moc nev\u00edm, jak\u00e1. Nejv\u00edc m\u011b bav\u00ed hran\u00ed, ale u\u017eivit se t\u00edm, nen\u00ed moc jednoduch\u00e9. Proto se hl\u00e1s\u00edm t\u0159eba i do t\u00e9 sout\u011b\u017ee, beru to jako p\u0159\u00edle\u017eitost, \u017ee si m\u011b tam m\u016f\u017ee n\u011bkdo v\u0161imnout a mohla by p\u0159ij\u00edt n\u011bjak\u00e1 nab\u00eddka. Je to velk\u00e1 p\u0159\u00edle\u017eitost, jak se zviditelnit nejen u n\u00e1s, ale i ve sv\u011bt\u011b. P\u0159ihl\u00e1s\u00edm se na n\u011bjakou vysokou \u0161kolu, bav\u00ed m\u011b nap\u0159\u00edklad pr\u00e1ce s lidmi, ale m\u00fdm snem je hr\u00e1t t\u0159eba s n\u011bjakou zp\u011bva\u010dkou, tak\u017ee za t\u00edm si p\u016fjdu, a uvid\u00edme. Cht\u011bla bych si v t\u00e9to oblasti n\u011bco dok\u00e1zat, ale to bude z\u00e1le\u017eet i na tom, zda si m\u011b n\u011bkdo v\u0161imne. Mo\u017en\u00e1 zkus\u00edm p\u0159i vysok\u00e9 \u0161kole studovat je\u0161t\u011b d\u00e1lkov\u011b konzervato\u0159.<\/p>\n<p><b>Marie Haso\u0148ov\u00e1<\/b><\/p>\n","protected":false},"excerpt":{"rendered":"<p>Talentovan\u00e1 sedmn\u00e1ctilet\u00e1 bubenice ze Sloupu Marcela \u010cachotsk\u00e1, \u017e\u00e1kyn\u011b u\u010ditele Ji\u0159\u00edho Bore\u0161e ze ZU\u0160 Blansko, se z\u00fa\u010dastnila celosv\u011btov\u00e9 bubenick\u00e9 sout\u011b\u017ee Hit<\/p>\n","protected":false},"author":1,"featured_media":3725,"comment_status":"open","ping_status":"closed","sticky":false,"template":"","format":"standard","meta":[],"categories":[14,16],"tags":[],"_links":{"self":[{"href":"https:\/\/www.monitor-bk.cz\/index.php?rest_route=\/wp\/v2\/posts\/3720"}],"collection":[{"href":"https:\/\/www.monitor-bk.cz\/index.php?rest_route=\/wp\/v2\/posts"}],"about":[{"href":"https:\/\/www.monitor-bk.cz\/index.php?rest_route=\/wp\/v2\/types\/post"}],"author":[{"embeddable":true,"href":"https:\/\/www.monitor-bk.cz\/index.php?rest_route=\/wp\/v2\/users\/1"}],"replies":[{"embeddable":true,"href":"https:\/\/www.monitor-bk.cz\/index.php?rest_route=%2Fwp%2Fv2%2Fcomments&post=3720"}],"version-history":[{"count":4,"href":"https:\/\/www.monitor-bk.cz\/index.php?rest_route=\/wp\/v2\/posts\/3720\/revisions"}],"predecessor-version":[{"id":3729,"href":"https:\/\/www.monitor-bk.cz\/index.php?rest_route=\/wp\/v2\/posts\/3720\/revisions\/3729"}],"wp:featuredmedia":[{"embeddable":true,"href":"https:\/\/www.monitor-bk.cz\/index.php?rest_route=\/wp\/v2\/media\/3725"}],"wp:attachment":[{"href":"https:\/\/www.monitor-bk.cz\/index.php?rest_route=%2Fwp%2Fv2%2Fmedia&parent=3720"}],"wp:term":[{"taxonomy":"category","embeddable":true,"href":"https:\/\/www.monitor-bk.cz\/index.php?rest_route=%2Fwp%2Fv2%2Fcategories&post=3720"},{"taxonomy":"post_tag","embeddable":true,"href":"https:\/\/www.monitor-bk.cz\/index.php?rest_route=%2Fwp%2Fv2%2Ftags&post=3720"}],"curies":[{"name":"wp","href":"https:\/\/api.w.org\/{rel}","templated":true}]}}