{"id":3514,"date":"2017-03-15T13:37:09","date_gmt":"2017-03-15T13:37:09","guid":{"rendered":"http:\/\/www.monitor-bk.cz\/?p=3514"},"modified":"2017-04-05T12:14:35","modified_gmt":"2017-04-05T12:14:35","slug":"aprilove-zavodeni-v-obl-prinasi-prvni-zmeny","status":"publish","type":"post","link":"https:\/\/www.monitor-bk.cz\/?p=3514","title":{"rendered":"Apr\u00edlov\u00e9 z\u00e1vod\u011bn\u00ed v OBL p\u0159in\u00e1\u0161\u00ed prvn\u00ed zm\u011bny"},"content":{"rendered":"<p><b> <a href=\"https:\/\/www.monitor-bk.cz\/wp-content\/uploads\/2017\/03\/01_web.jpg\"><img decoding=\"async\" loading=\"lazy\" class=\"aligncenter size-full wp-image-3515\" src=\"https:\/\/www.monitor-bk.cz\/wp-content\/uploads\/2017\/03\/01_web.jpg\" alt=\"\" width=\"1231\" height=\"698\" srcset=\"https:\/\/www.monitor-bk.cz\/wp-content\/uploads\/2017\/03\/01_web.jpg 1231w, https:\/\/www.monitor-bk.cz\/wp-content\/uploads\/2017\/03\/01_web-141x80.jpg 141w, https:\/\/www.monitor-bk.cz\/wp-content\/uploads\/2017\/03\/01_web-300x170.jpg 300w, https:\/\/www.monitor-bk.cz\/wp-content\/uploads\/2017\/03\/01_web-768x435.jpg 768w, https:\/\/www.monitor-bk.cz\/wp-content\/uploads\/2017\/03\/01_web-1024x581.jpg 1024w, https:\/\/www.monitor-bk.cz\/wp-content\/uploads\/2017\/03\/01_web-500x284.jpg 500w\" sizes=\"(max-width: 1231px) 100vw, 1231px\" \/><\/a>Po b\u0159eznov\u00e9 p\u0159est\u00e1vce se u\u017e nezadr\u017eiteln\u011b bl\u00ed\u017e\u00ed apr\u00edlov\u00e1 porce z\u00e1vod\u016f v leto\u0161n\u00edm ro\u010dn\u00edku Okresn\u00ed b\u011b\u017eeck\u00e9 ligy. V dubnu n\u00e1s \u010dek\u00e1 trojice z\u00e1vod\u016f a na dvou z nich se bude o medaile bojovat i v d\u011btsk\u00fdch kategori\u00edch. Zejm\u00e9na d\u011bt\u0161t\u00ed z\u00e1vodn\u00edci by m\u011bli zbyst\u0159it, nebo\u0165 u\u017e byla se v\u0161\u00edm v\u0161udy odstartov\u00e1na \u017d\u00e1kovsk\u00e1 liga Tajovsk\u00fd reality. V t\u00e9 nejsou na prvn\u00edm m\u00edst\u011b v\u00fdsledky, ale pravideln\u00e1 \u00fa\u010dast na d\u011btsk\u00fdch z\u00e1vodech. Sledujte webov\u00e9 str\u00e1nky OBL a dozv\u00edte se v\u00edce. Nejbli\u017e\u0161\u00ed z\u00e1vod s d\u011btsk\u00fdmi kategoriemi je Skalick\u00e1 des\u00edtka, kter\u00e1 se b\u011b\u017e\u00ed ji\u017e v sobotu 8. dubna 2017.<\/b><!--more--><\/p>\n<p>Skalick\u00e1 des\u00edtka ov\u0161em nen\u00ed t\u00edm nejbli\u017e\u0161\u00edm z\u00e1vodem, p\u0159\u00edmo na apr\u00edla, tedy v sobotu 1. dubna, se b\u011b\u017e\u00ed tradi\u010dn\u00ed Ho\u0159ick\u00e1 osmi\u010dka. Po\u0159adatelsk\u00fd t\u00fdm kolem Zde\u0148ka Pol\u00e1ka a Ji\u0159\u00edho Rou\u010dky je velmi zku\u0161en\u00fd a nic je za ta l\u00e9ta nep\u0159ekvap\u00ed. Co by je snad mohlo p\u0159ekvapit, jsou rozmary po\u010das\u00ed, ale i na to dok\u00e1\u017eou reagovat. T\u0159eba v roce 2015 byla lesn\u00ed kalamita tak z\u00e1sadn\u00ed, \u017ee se tra\u0165 musela na posledn\u00ed chv\u00edli p\u0159esouvat do \u201ebezpe\u010dn\u00fdch m\u00edst\u201c. V lo\u0148sk\u00e9m roce u\u017e zase bylo v\u0161e na sv\u00e9m m\u00edst\u011b a z\u00e1vodn\u00edci si osm kilometr\u016f odb\u011bhli na trase, kter\u00e1 sv\u00fdm p\u016fdorysem osmi\u010dku p\u0159ipom\u00edn\u00e1.<\/p>\n<p>O t\u00fdden pozd\u011bji p\u0159ich\u00e1z\u00ed na \u0159adu ji\u017e zmi\u0148ovan\u00e1 Skalick\u00e1 des\u00edtka. Zde mus\u00edme v\u0161echny p\u0159\u00edpadn\u00e9 z\u00e1jemce upozornit, \u017ee do\u0161lo ke zm\u011bn\u011b term\u00ednu. Oproti p\u016fvodn\u011b pl\u00e1novan\u00e9 ned\u011bli 16. dubna (ti\u0161t\u011bn\u00e1 term\u00ednovka OBL) a n\u00e1sledn\u00e9 oprav\u011b na ned\u011bli 9. dubna (ti\u0161t\u011bn\u00fd let\u00e1\u010dek k \u017d\u00e1kovsk\u00e9 lize) je t\u00edm jedin\u00fdm a spr\u00e1vn\u00fdm term\u00ednem sobota 8. dubna 2017. Je t\u0159eba tedy sledovat webov\u00e9 str\u00e1nky Okresn\u00ed b\u011b\u017eeck\u00e9 ligy. Zde budou k dispozici propozice na tento z\u00e1vod a zde se tak\u00e9 dozv\u00edte v\u0161e podstatn\u00e9. Skalick\u00e1 des\u00edtka je kr\u00e1sn\u00fd z\u00e1vod s nezam\u011bnitelnou atmosf\u00e9rou. \u00da\u010dastn\u00edci d\u011btsk\u00fdch b\u011bh\u016f bojuj\u00ed nejen v jednotliv\u00fdch discipl\u00edn\u00e1ch, ale tak\u00e9 v \u201eBoji o prvn\u00ed m\u00edsto\u201c. Je to tradi\u010dn\u00ed sout\u011b\u017e d\u011bt\u00ed ze stejn\u00fdch klub\u016f nebo \u0161kol. Spole\u010dn\u011b sb\u00edraj\u00ed body a to dru\u017estvo, kter\u00e9 z\u00edsk\u00e1 bod\u016f nejv\u00edce, obdr\u017e\u00ed kr\u00e1sn\u00fd poh\u00e1r. Ji\u017e dlouhou \u0159adu let po sob\u011b si tento poh\u00e1r odv\u00e1\u017e\u00ed atleti z AK Blansko Dvorsk\u00e1. Najde se letos t\u00fdm, kter\u00fd historii zm\u011bn\u00ed? Sta\u010d\u00ed vyrazit do Skalice nad Svitavou a m\u016f\u017eete b\u00fdt p\u0159\u00edmo u toho.<\/p>\n<p>Trojici dubnov\u00fdch z\u00e1vod\u016f zavr\u0161\u00ed Jarn\u00ed p\u011btka na dr\u00e1ze, kter\u00e1 se b\u011b\u017e\u00ed 21. dubna na stadionu ASK v Blansku. Z\u00e1vod, kter\u00fd ji\u017e dr\u017e\u00ed pevn\u011b v ruk\u00e1ch Vladim\u00edr Mat\u011bna, prob\u011bhne op\u011bt pod bedliv\u00fdm dohledem \u010dipov\u00e9 \u010dasom\u00edry. Servis, kter\u00fd tento z\u00e1vod p\u0159in\u00e1\u0161\u00ed, ji\u017e nejednou nal\u00e1kal na atletick\u00fd ov\u00e1l n\u011bkolik des\u00edtek b\u011b\u017ec\u016f. Je velmi p\u0159\u00edjemn\u00e9, \u017ee si dr\u00e1hu mohou otestovat i mlad\u0161\u00ed z\u00e1vodn\u00edci. By\u0165 se nejedn\u00e1 o cel\u00e9 v\u011bkov\u00e9 spektrum, budou p\u0159ipraveny trat\u011b pro p\u0159\u00edpravku chlapc\u016f a d\u00edvek, mlad\u0161\u00ed a star\u0161\u00ed \u017e\u00e1ky a \u017e\u00e1kyn\u011b. I zde m\u016f\u017ee \u017eactvo ulovit body do celkov\u00e9ho bodov\u00e1n\u00ed, ale t\u00e9\u017e si m\u016f\u017ee zapsat dal\u0161\u00ed \u00fa\u010dast v \u017d\u00e1kovsk\u00e9 lize. Kdo bude poctiv\u011b chodit na d\u011btsk\u00e9 z\u00e1vody, ji\u017e v kv\u011btnu si m\u016f\u017ee zajistit bronzovou medaili v t\u00e9to sout\u011b\u017ei. V\u00edce se o pravidlech k t\u00e9to d\u011btsk\u00e9 sout\u011b\u017ei i o kompletn\u00edch pravidlech Okresn\u00ed b\u011b\u017eeck\u00e9 ligy dozv\u00edte na na\u0161ich webov\u00fdch str\u00e1nk\u00e1ch www.oblblansko.cz.<\/p>\n<p>A\u0165 se v\u00e1s dr\u017e\u00ed zdrav\u00ed a zejm\u00e9na na apr\u00edla se nenechte dob\u011bhnout.<\/p>\n<p><b>Za Okresn\u00ed b\u011b\u017eeckou ligu, Ji\u0159\u00ed Vrt\u00edlka, \u0159editel<br \/>\n<\/b><b>www.oblblansko.cz<\/b><\/p>\n","protected":false},"excerpt":{"rendered":"<p>Po b\u0159eznov\u00e9 p\u0159est\u00e1vce se u\u017e nezadr\u017eiteln\u011b bl\u00ed\u017e\u00ed apr\u00edlov\u00e1 porce z\u00e1vod\u016f v leto\u0161n\u00edm ro\u010dn\u00edku Okresn\u00ed b\u011b\u017eeck\u00e9 ligy. V dubnu n\u00e1s \u010dek\u00e1<\/p>\n","protected":false},"author":1,"featured_media":3515,"comment_status":"open","ping_status":"closed","sticky":false,"template":"","format":"standard","meta":[],"categories":[5,6],"tags":[],"_links":{"self":[{"href":"https:\/\/www.monitor-bk.cz\/index.php?rest_route=\/wp\/v2\/posts\/3514"}],"collection":[{"href":"https:\/\/www.monitor-bk.cz\/index.php?rest_route=\/wp\/v2\/posts"}],"about":[{"href":"https:\/\/www.monitor-bk.cz\/index.php?rest_route=\/wp\/v2\/types\/post"}],"author":[{"embeddable":true,"href":"https:\/\/www.monitor-bk.cz\/index.php?rest_route=\/wp\/v2\/users\/1"}],"replies":[{"embeddable":true,"href":"https:\/\/www.monitor-bk.cz\/index.php?rest_route=%2Fwp%2Fv2%2Fcomments&post=3514"}],"version-history":[{"count":1,"href":"https:\/\/www.monitor-bk.cz\/index.php?rest_route=\/wp\/v2\/posts\/3514\/revisions"}],"predecessor-version":[{"id":3516,"href":"https:\/\/www.monitor-bk.cz\/index.php?rest_route=\/wp\/v2\/posts\/3514\/revisions\/3516"}],"wp:featuredmedia":[{"embeddable":true,"href":"https:\/\/www.monitor-bk.cz\/index.php?rest_route=\/wp\/v2\/media\/3515"}],"wp:attachment":[{"href":"https:\/\/www.monitor-bk.cz\/index.php?rest_route=%2Fwp%2Fv2%2Fmedia&parent=3514"}],"wp:term":[{"taxonomy":"category","embeddable":true,"href":"https:\/\/www.monitor-bk.cz\/index.php?rest_route=%2Fwp%2Fv2%2Fcategories&post=3514"},{"taxonomy":"post_tag","embeddable":true,"href":"https:\/\/www.monitor-bk.cz\/index.php?rest_route=%2Fwp%2Fv2%2Ftags&post=3514"}],"curies":[{"name":"wp","href":"https:\/\/api.w.org\/{rel}","templated":true}]}}