{"id":3466,"date":"2017-02-01T12:09:08","date_gmt":"2017-02-01T12:09:08","guid":{"rendered":"http:\/\/www.monitor-bk.cz\/?p=3466"},"modified":"2017-04-05T12:24:34","modified_gmt":"2017-04-05T12:24:34","slug":"35-rocnik-obl-startuje-v-rajci","status":"publish","type":"post","link":"https:\/\/www.monitor-bk.cz\/?p=3466","title":{"rendered":"35. ro\u010dn\u00edk OBL startuje v R\u00e1jci"},"content":{"rendered":"<p><b> <a href=\"https:\/\/www.monitor-bk.cz\/wp-content\/uploads\/2017\/02\/03_web.jpg\"><img decoding=\"async\" loading=\"lazy\" class=\"aligncenter size-full wp-image-3467\" src=\"https:\/\/www.monitor-bk.cz\/wp-content\/uploads\/2017\/02\/03_web.jpg\" alt=\"\" width=\"1169\" height=\"775\" srcset=\"https:\/\/www.monitor-bk.cz\/wp-content\/uploads\/2017\/02\/03_web.jpg 1169w, https:\/\/www.monitor-bk.cz\/wp-content\/uploads\/2017\/02\/03_web-121x80.jpg 121w, https:\/\/www.monitor-bk.cz\/wp-content\/uploads\/2017\/02\/03_web-300x199.jpg 300w, https:\/\/www.monitor-bk.cz\/wp-content\/uploads\/2017\/02\/03_web-768x509.jpg 768w, https:\/\/www.monitor-bk.cz\/wp-content\/uploads\/2017\/02\/03_web-1024x679.jpg 1024w, https:\/\/www.monitor-bk.cz\/wp-content\/uploads\/2017\/02\/03_web-453x300.jpg 453w\" sizes=\"(max-width: 1169px) 100vw, 1169px\" \/><\/a>Mraziv\u00fd leden se pomalu bl\u00ed\u017e\u00ed ke konci, ale dal\u0161\u00ed sezona Okresn\u00ed b\u011b\u017eeck\u00e9 ligy je teprve na sv\u00e9m za\u010d\u00e1tku. Letos u\u017e n\u00e1s \u010dek\u00e1 35. ro\u010dn\u00edk a to je velmi p\u011bkn\u00e9 \u010d\u00edslo. Kdy\u017e se toti\u017e pod\u00edv\u00e1me do term\u00ednovky z\u00e1vod\u016f, tak star\u0161\u00ed u\u017e je pouze B\u011bh \u010cernou Horou, Sloupsk\u00fd lesn\u00ed b\u011bh a B\u011bh Moravsk\u00fdm krasem. P\u0159ejeme si, abyste n\u00e1m zachovali p\u0159\u00edze\u0148 jako v ro\u010dn\u00edku minul\u00e9m. Prvn\u00ed p\u0159\u00edle\u017eitost budete m\u00edt 11. \u00fanora na R\u00e1jeck\u00e9 des\u00edtce.<\/b><!--more--><\/p>\n<p>R\u00e1jeck\u00e1 (d\u0159\u00edve R\u00e1je\u010dkovsk\u00e1) des\u00edtka je u\u017e dlouhodob\u011b t\u00edm prvn\u00edm podnikem v seri\u00e1lu z\u00e1vodu Okresn\u00ed b\u011b\u017eeck\u00e9 ligy. A v \u00fanoru je tak\u00e9 z\u00e1vodem jedin\u00fdm. Pokud vydr\u017e\u00ed mraziv\u00e9 po\u010das\u00ed a v okol\u00ed R\u00e1jce bude le\u017eet sn\u00edh, bude to velmi n\u00e1ro\u010dn\u00e9. V b\u0159eznu si mohou z\u00e1vodn\u00edci je\u0161t\u011b chvilku odpo\u010dinout, od dubna u\u017e je \u010dek\u00e1 pravideln\u00fd koloto\u010d. Nejv\u00edce na\u0161lapan\u00fdm m\u011bs\u00edcem b\u00fdv\u00e1 kv\u011bten a z\u00e1\u0159\u00ed. Letos bude v kv\u011btnu \u0161est z\u00e1vod\u016f a v z\u00e1\u0159\u00ed dokonce sedm. Jak u\u017e jste se mo\u017en\u00e1 dozv\u011bd\u011bli, do term\u00ednovky se vrac\u00ed B\u011bh za Jedovnick\u00fdm kaprem. Tak\u017ee i v listopadu budete m\u00edt mo\u017enost \u201evylovit\u201c n\u011bjak\u00e9 body. Kompletn\u00ed term\u00ednovku pro rok 2017, v\u010detn\u011b pravidel, naleznete na na\u0161ich webov\u00fdch str\u00e1nk\u00e1ch p\u0159\u00edpadn\u011b si j\u00ed budete moci vyzvednout na n\u011bkter\u00e9m z nejbli\u017e\u0161\u00edch z\u00e1vod\u016f.<\/p>\n<p>V roce 2017 se budeme sna\u017eit v\u011bnovat co nejv\u00edce pozornosti d\u011btsk\u00fdm z\u00e1vodn\u00edk\u016fm. St\u00e1le se n\u00e1m neda\u0159\u00ed nal\u00e1kat \u017eactvo na v\u00edce z\u00e1vod\u016f v roce. Vloni bylo takov\u00fdch z\u00e1vod\u016f 13, letos jich bude dokonce 14. D\u011bt\u00ed, kter\u00e9 se z\u00fa\u010dastn\u00ed v\u00edce jak poloviny, je ale velmi m\u00e1lo. V\u011bt\u0161inou se chlapec nebo d\u00edvka, z\u00fa\u010dastn\u00ed n\u011bjak\u00e9ho z\u00e1vodu ve sv\u00e9 obci, ale jinde u\u017e ne. Sami od sebe se nevyprav\u00ed na z\u00e1vod ve V\u00edsk\u00e1ch nebo v Rudici a proto se budeme sna\u017eit oslovit \u0161koly, p\u0159\u00edpadn\u011b sportovn\u00ed kluby a jak jen to bude mo\u017en\u00e9, tak i rodi\u010de. Ti by m\u011bli m\u00edt nejv\u011bt\u0161\u00ed z\u00e1jem na tom, aby se jejich d\u011bti aktivn\u011b v\u011bnovaly sportu.<\/p>\n<p>Abychom pr\u00e1v\u011b ty men\u0161\u00ed motivovali, pro nast\u00e1vaj\u00edc\u00ed sezonu do celkov\u00e9ho bodov\u00e1n\u00ed za\u0159azujeme i p\u0159\u00edpravku d\u00edvek a chlapc\u016f. Body tedy mohou sb\u00edrat i d\u011bv\u010data a chlapci ro\u010dn\u00edk 2006 a 2007. Douf\u00e1me, \u017ee t\u00edm vytvo\u0159\u00edme \u201el\u00edhe\u0148\u201c pro kategorii mlad\u0161\u00edch a star\u0161\u00edch \u017e\u00e1ky\u0148 a \u017e\u00e1k\u016f. Zat\u00edm nen\u00ed v na\u0161ich sil\u00e1ch bodovat v\u0161echny d\u011btsk\u00e9 kategorie, sna\u017e\u00edme se tedy alespo\u0148 o tento vst\u0159\u00edcn\u00fd krok.<\/p>\n<p>V\u00edme, \u017ee ne ka\u017ed\u00e9 d\u011bv\u010de nebo ka\u017ed\u00fd chlapec aspiruje na celkov\u00e9 um\u00edst\u011bn\u00ed ve sv\u00e9 kategorii, ale m\u016f\u017ee b\u00fdt piln\u00fd a pravideln\u011b se \u00fa\u010dastnit v\u011bt\u0161iny d\u011btsk\u00fdch z\u00e1vod\u016f. Pro ty je p\u0159ipravena sout\u011b\u017e, kter\u00e1 bude hodnotit, kolika z\u00e1vod\u016f se z\u00fa\u010dastnil. Podle po\u010dtu absolvovan\u00fdch z\u00e1vod\u016f m\u016f\u017ee na konci sezony obdr\u017eet bronzov\u00fd, st\u0159\u00edbrn\u00fd nebo zlat\u00fd odznak. Na bronzov\u00fd dos\u00e1hne ten, kdo bude m\u00edt na sv\u00e9m kont\u011b alespo\u0148 \u010dty\u0159i z\u00e1vody. Za \u0161est absolvovan\u00fdch z\u00e1vod\u016f to bude st\u0159\u00edbro, kdo bude m\u00edt osm a v\u00edce, na n\u011bj \u010dek\u00e1 zlato. Do t\u00e9to sout\u011b\u017ee budou za\u0159azeni kluci a holky v kategori\u00edch, kter\u00fdm se p\u0159id\u011bluj\u00ed body v celkov\u00e9m hodnocen\u00ed. Je tedy t\u0159eba splnit podm\u00ednku \u2013 p\u0159\u00edslu\u0161nost ke klubu\/odd\u00edlu z okresu Blansko, a nebo m\u00edt bydli\u0161t\u011b na okrese Blansko. Patronem sout\u011b\u017ee je jeden partner\u016f Okresn\u00ed b\u011b\u017eeck\u00e9 ligy, pokud se v\u0161e poda\u0159\u00ed, na jednoho \u0161\u0165astlivce \u010dek\u00e1 zaj\u00edmav\u00e9 p\u0159ekvapen\u00ed.<\/p>\n<p>V\u0161em b\u011b\u017ec\u016fm, po\u0159adatel\u016fm, tren\u00e9r\u016fm i t\u011bm, kte\u0159\u00ed v\u00e1s ve va\u0161\u00ed \u010dinnosti podporuj\u00ed, p\u0159ejeme, a\u0165 se v\u00e1m v roce 2017 v\u0161e da\u0159\u00ed a p\u0159edev\u0161\u00edm a\u0165 se v\u00e1s dr\u017e\u00ed zdrav\u00ed. (alter: V\u0161em b\u011b\u017ec\u016fm, po\u0159adatel\u016fm, tren\u00e9r\u016fm i t\u011bm co je v jejich \u010dinnosti podporuj\u00ed, p\u0159ejeme, a\u0165 se jim v roce 2017 v\u0161e da\u0159\u00ed a p\u0159edev\u0161\u00edm pevn\u00e9 zdrav\u00ed.)<\/p>\n<p>St\u00e1le plat\u00ed nab\u00eddka pro v\u0161echny z\u00e1jemce o spolupr\u00e1ci s dosavadn\u00ed sestavou Okresn\u00ed b\u011b\u017eeck\u00e9 ligy. P\u0159edev\u0161\u00edm bychom si um\u011bli p\u0159edstavit mladou krev, kter\u00e1 by se s pln\u00fdm nasazen\u00edm v\u011bnovala t\u011bm nejmlad\u0161\u00edm.<\/p>\n<p>Za Okresn\u00ed b\u011b\u017eeckou ligu<\/p>\n<p><b>Ji\u0159\u00ed Vrt\u00edlka, \u0159editel<\/b><\/p>\n<p><b>www.oblblansko.cz<\/b><\/p>\n","protected":false},"excerpt":{"rendered":"<p>Mraziv\u00fd leden se pomalu bl\u00ed\u017e\u00ed ke konci, ale dal\u0161\u00ed sezona Okresn\u00ed b\u011b\u017eeck\u00e9 ligy je teprve na sv\u00e9m za\u010d\u00e1tku. Letos u\u017e<\/p>\n","protected":false},"author":1,"featured_media":3467,"comment_status":"open","ping_status":"closed","sticky":false,"template":"","format":"standard","meta":[],"categories":[26,6,25],"tags":[],"_links":{"self":[{"href":"https:\/\/www.monitor-bk.cz\/index.php?rest_route=\/wp\/v2\/posts\/3466"}],"collection":[{"href":"https:\/\/www.monitor-bk.cz\/index.php?rest_route=\/wp\/v2\/posts"}],"about":[{"href":"https:\/\/www.monitor-bk.cz\/index.php?rest_route=\/wp\/v2\/types\/post"}],"author":[{"embeddable":true,"href":"https:\/\/www.monitor-bk.cz\/index.php?rest_route=\/wp\/v2\/users\/1"}],"replies":[{"embeddable":true,"href":"https:\/\/www.monitor-bk.cz\/index.php?rest_route=%2Fwp%2Fv2%2Fcomments&post=3466"}],"version-history":[{"count":1,"href":"https:\/\/www.monitor-bk.cz\/index.php?rest_route=\/wp\/v2\/posts\/3466\/revisions"}],"predecessor-version":[{"id":3468,"href":"https:\/\/www.monitor-bk.cz\/index.php?rest_route=\/wp\/v2\/posts\/3466\/revisions\/3468"}],"wp:featuredmedia":[{"embeddable":true,"href":"https:\/\/www.monitor-bk.cz\/index.php?rest_route=\/wp\/v2\/media\/3467"}],"wp:attachment":[{"href":"https:\/\/www.monitor-bk.cz\/index.php?rest_route=%2Fwp%2Fv2%2Fmedia&parent=3466"}],"wp:term":[{"taxonomy":"category","embeddable":true,"href":"https:\/\/www.monitor-bk.cz\/index.php?rest_route=%2Fwp%2Fv2%2Fcategories&post=3466"},{"taxonomy":"post_tag","embeddable":true,"href":"https:\/\/www.monitor-bk.cz\/index.php?rest_route=%2Fwp%2Fv2%2Ftags&post=3466"}],"curies":[{"name":"wp","href":"https:\/\/api.w.org\/{rel}","templated":true}]}}