{"id":2261,"date":"2015-10-03T08:31:07","date_gmt":"2015-10-03T08:31:07","guid":{"rendered":"http:\/\/www.monitor-bk.cz\/?p=2261"},"modified":"2016-10-22T00:24:33","modified_gmt":"2016-10-22T00:24:33","slug":"na-kave-s-kvetou-pokornou","status":"publish","type":"post","link":"https:\/\/www.monitor-bk.cz\/?p=2261","title":{"rendered":"Na k\u00e1v\u011b s Kv\u011btou Pokornou"},"content":{"rendered":"<p style=\"text-align: justify;\"><strong><a href=\"https:\/\/www.monitor-bk.cz\/wp-content\/uploads\/03_web11.jpg\"><img decoding=\"async\" loading=\"lazy\" class=\"alignleft size-full wp-image-2262\" src=\"https:\/\/www.monitor-bk.cz\/wp-content\/uploads\/03_web11.jpg\" alt=\"03_web\" width=\"1039\" height=\"645\" srcset=\"https:\/\/www.monitor-bk.cz\/wp-content\/uploads\/03_web11.jpg 1039w, https:\/\/www.monitor-bk.cz\/wp-content\/uploads\/03_web11-300x186.jpg 300w, https:\/\/www.monitor-bk.cz\/wp-content\/uploads\/03_web11-1024x636.jpg 1024w, https:\/\/www.monitor-bk.cz\/wp-content\/uploads\/03_web11-483x300.jpg 483w\" sizes=\"(max-width: 1039px) 100vw, 1039px\" \/><\/a><\/strong><\/p>\n<p style=\"text-align: justify;\"><strong>Kv\u011bta Pokorn\u00e1 z Blanska, celo\u017eivotn\u00ed u\u010ditelka v mate\u0159sk\u00e9 \u0161kole, nezah\u00e1l\u00ed ani v seniorsk\u00e9m v\u011bku. Je st\u00e1le aktivn\u00ed na mnoha front\u00e1ch, p\u00ed\u0161e knihy, maluje na hedv\u00e1b\u00ed, \u0161ije textiln\u00ed hra\u010dky. Po\u0159\u00e1d\u00e1 v\u00fdstavy, kurzy a semin\u00e1\u0159e, vede krou\u017eek malby na hedv\u00e1b\u00ed v M\u011bstsk\u00e9m klubu d\u016fchodc\u016f.\u00a0<\/strong><!--more--><\/p>\n<p style=\"text-align: justify;\"><strong>Odkud poch\u00e1z\u00edte? <\/strong>  Vyr\u016fstala jsem v Krom\u011b\u0159\u00ed\u017ei, kde jsem po absolvov\u00e1n\u00ed m\u00edstn\u00edho gymn\u00e1zia a pedagogick\u00e9 \u0161koly pracovala jako u\u010ditelka, pozd\u011bji \u0159editelka mate\u0159sk\u00e9 \u0161koly. Od roku 1986 jsem pokra\u010dovala ve stejn\u00e9m oboru v Blansku, kde \u017eiji doposud. Ke sv\u00e9 rodn\u00e9 Han\u00e9 c\u00edt\u00edm siln\u00e9 pouto. Kdy\u017e zav\u0159u o\u010di, m\u00e1m p\u0159ed sebou dozr\u00e1vaj\u00edc\u00ed zlat\u00e9 klasy s vl\u010d\u00edmi m\u00e1ky, chrpami a modr\u00e9 nebe. Jsou to vzpom\u00ednky na d\u011btsk\u00e1 l\u00e9ta, tr\u00e1ven\u00e1 v n\u00e1ru\u010di Ch\u0159ibsk\u00fdch les\u016f u m\u00fdch p\u0159\u00edbuzn\u00fdch. Pr\u00e1ci s d\u011btmi jsem vn\u00edmala jako posl\u00e1n\u00ed. Ve sv\u00e9 pedagogick\u00e9 praxi jsem si ka\u017edodenn\u011b pod\u00e1vala ruku s poezi\u00ed pro d\u011bti a ta mi u\u010darovala.  V roce 2000 se p\u0159ihl\u00e1sil d\u016fchodov\u00fd v\u011bk. Sm\u00ed\u0159en\u00ed s n\u00edm bylo t\u011b\u017ek\u00e9, st\u00e1le mi sch\u00e1zel d\u011btsk\u00fd sm\u00edch, k\u0159ik, v\u00fdskot a n\u011bkdy i pl\u00e1\u010d. Za\u010dala jsem jezdit do p\u0159\u00edrody, kde jsem se p\u0159i del\u0161\u00edch pobytech k d\u011btem vracela sv\u00fdmi \u0159\u00edkankami, ver\u0161ovan\u00fdmi poh\u00e1dkami, rozpo\u010d\u00edtadly a ilustracemi. Pomalu jsem za\u010dala tvo\u0159it a vyu\u017e\u00edvat sv\u016fj svobodn\u00fd \u010das.<\/p>\n<p style=\"text-align: justify;\"><strong>\u010c\u00edm to za\u010dalo? <\/strong>  Op\u011bt se mus\u00edm vr\u00e1tit do d\u011btstv\u00ed na venkov, kde jsem se setkala s l\u00fdkem u sv\u00e9ho str\u00fdce p\u0159i o\u0161et\u0159ov\u00e1n\u00ed ovocn\u00fdch strom\u016f. Tato vzpom\u00ednka mi nab\u00eddla l\u00fdkov\u00e9 tvo\u0159en\u00ed, kdy pomoc\u00ed uzl\u00edkov\u00e9 techniky vznikaly drobn\u00e9 postavi\u010dky ve vala\u0161sk\u00fdch kroj\u00edch. S t\u00edmto krajem jsem hluboce spjat\u00e1. A tak vznikaly v\u00e1no\u010dn\u00ed betl\u00e9my, t\u0159i kr\u00e1lov\u00e9 i z\u00e1v\u011bsn\u00e9 panenky \u2013 and\u011bl\u00e9.  M\u011bstsk\u00e1 knihovna v Blansku mi umo\u017enila n\u011bkolik v\u00fdstav pro ve\u0159ejnost na t\u00e9ma \u201eL\u00fdkov\u00e9 miniatury Kv\u011bty Pokorn\u00e9\u201c. Spolupr\u00e1ci mi nab\u00eddla tak\u00e9 muzea ve Vset\u00edn\u011b i v Brn\u011b. Tvo\u0159en\u00ed pokra\u010dovalo m\u00fdmi vzpom\u00ednkami op\u011bt na d\u011bti, jak p\u0159i odpoledn\u00edm sp\u00e1nku po proch\u00e1zce us\u00ednaly se sv\u00fdmi hra\u010dkami \u201ehaj\u00e1nkami\u201c. Bl\u00edzko jsem m\u011bla k Josefu \u010capkovi a jeho Pov\u00edd\u00e1n\u00ed o pejskovi a ko\u010di\u010dce. Poh\u00e1dky m\u011b inspirovaly p\u0159i tvorb\u011b textiln\u00edch hra\u010dek.  Op\u011bt ve spolupr\u00e1ci s m\u011bstsk\u00fdmi knihovnami v Blansku, R\u00e1jci-Jest\u0159eb\u00ed, Lysic\u00edch, Moravsk\u00e9 T\u0159ebov\u00e9 se uskute\u010dnily v\u00fdstavy pro d\u011bti a ve\u0159ejnost s tituly \u201eV\u00e1noce pejska a ko\u010di\u010dky\u201c, \u201eD\u011btem\u201c, \u201ePov\u00edd\u00e1n\u00ed s pejskem a ko\u010di\u010dkou\u201c. S hra\u010dkami p\u0159i\u0161lo i psan\u00ed d\u011btsk\u00e9 poezie. S n\u00edm byla \u00fazce spojena dal\u0161\u00ed v\u00fdstava v blanensk\u00e9 knihovn\u011b, v n\u00ed\u017e zv\u00ed\u0159\u00e1tka dopl\u0148ovala texty m\u00fdch \u0159\u00edkanek \u2013 pro koho jin\u00e9ho? Pro d\u011bti. V roce 2000 vznikla v M\u011bstsk\u00e9 knihovn\u011b Blansko neform\u00e1ln\u00ed edice \u201eKr\u00e1lik aneb Kr\u00e1sn\u00e1 literatura kraje\u201c, kde moje prvotina Pov\u00edd\u00e1n\u00ed se slun\u00ed\u010dkem byla vypravena na pou\u0165 za \u010dten\u00e1\u0159i. Brzy o kn\u00ed\u017eku projevilo z\u00e1jem nakladatelstv\u00ed Barevn\u00e9 kam\u00ednky v Krom\u011b\u0159\u00ed\u017ei a n\u00e1sledovalo vyd\u00e1n\u00ed druh\u00e9 kn\u00ed\u017eky Slun\u00ed\u010dko jde do \u0161koly. V sou\u010dasn\u00e9 dob\u011b p\u0159ipravuji t\u0159et\u00ed d\u00edl Pro\u010d beru\u0161ky nepl\u00e1\u010dou.<\/p>\n<p style=\"text-align: justify;\"><strong>Jak\u00e1 je struktura kn\u00ed\u017eek? <\/strong>  V kn\u00ed\u017ek\u00e1ch se d\u011bti setkaj\u00ed op\u011bt s kr\u00e1tk\u00fdmi ver\u0161\u00edky, poh\u00e1dkami a \u00fakoly p\u0159im\u011b\u0159en\u00fdmi jejich v\u011bku. Dopl\u0148uj\u00ed je moje ilustrace v \u010dist\u00e9 podob\u011b, aby se setk\u00e1valy s barevnost\u00ed p\u0159i vykreslov\u00e1n\u00ed obr\u00e1zk\u016f a u\u010dily d\u011bti spr\u00e1vn\u011b dr\u017eet tu\u017eku a kn\u00ed\u017eka nabyla d\u011btskou pestrost. M\u00fdm p\u0159\u00e1n\u00edm je, aby s kn\u00ed\u017ekou s d\u011btmi pracovali i rodi\u010de.  R\u00e1da vzpom\u00edn\u00e1m na d\u011btstv\u00ed, kdy jsem s m\u00e1mou jako t\u0159\u00edlet\u00e1 \u010di \u010dty\u0159let\u00e1 chodila nakupovat do drogerie. Hodn\u00e1 pan\u00ed majitelka pro m\u011b p\u0159idala mamince k n\u00e1kupu i malou \u00fatlou kn\u00ed\u017ee\u010dku s poh\u00e1dkou. Byly to moje prvn\u00ed kn\u00ed\u017eky, kdy nejd\u0159\u00edv \u010detla m\u00e1ma a pak j\u00e1 podle obr\u00e1zk\u016f.  Velk\u00fd v\u00fdznam p\u0159ikl\u00e1d\u00e1m \u010detb\u011b p\u0159es ruku. Jedn\u00e1 se o chv\u00edle, kdy m\u00e1ma p\u0159ed\u010d\u00edt\u00e1 a sou\u010dasn\u011b dr\u017e\u00ed d\u00edt\u011b za ruku. O to mi v m\u00fdch kn\u00ed\u017ek\u00e1ch jde! Snad mi rozum\u00edte.<\/p>\n<p style=\"text-align: justify;\"><strong>D\u011bti \u0159\u00edkaly va\u0161e b\u00e1sni\u010dky tak\u00e9 na bes\u00eddk\u00e1ch? <\/strong>  M\u00e1m-li b\u00fdt up\u0159\u00edmn\u00e1, miluji ver\u0161e J.V.Sl\u00e1dka. Vyr\u016fstala jsem na nich. V\u017edy\u0165 jeho Lesn\u00ed stud\u00e1nka je pln\u00e1 citu a n\u011bhy. Mohla bych pokra\u010dovat s v\u00fdb\u011brem. D\u011btem jsem p\u0159edkl\u00e1dala jejich poezii pouze pro poslech, pro upamatov\u00e1n\u00ed a p\u0159ednes. D\u00e1vala jsem p\u0159ednost jednoduch\u00fdm vtipn\u00fdm a vesel\u00fdm \u0159\u00edkadl\u016fm. Odm\u011bnou mi byly d\u011btsk\u00e9 rozz\u00e1\u0159en\u00e9 o\u010di a \u00fasm\u011bv p\u0159\u00edtomn\u00fdch p\u0159i bes\u00eddk\u00e1ch v pr\u016fb\u011bhu \u0161koln\u00edho roku. D\u011bti s voln\u00fdm pohybem, slovn\u00edm projevem, p\u00edsn\u00ed, tane\u010dkem za doprovodu klav\u00edru zvaly maminky a babi\u010dky do sv\u00e9ho \u201ePern\u00edkov\u00e9ho kr\u00e1mu\u201c k n\u00e1kupu pern\u00ed\u010dk\u016f s p\u00edsn\u00ed Poj\u010fte si lidi\u010dky nakoupit pern\u00ed\u010dky\u2026 Pern\u00ed\u010dky jsme p\u0159edem upekli a nazdobili. Podobn\u00fdch vystoupen\u00ed bylo nespo\u010det.<\/p>\n<p style=\"text-align: justify;\"><strong>Cht\u011bla jste ps\u00e1t ver\u0161e ji\u017e od d\u011btstv\u00ed? <\/strong>  Vyr\u016fstala jsem mezi dosp\u011bl\u00fdmi. M\u00e9mu slovn\u00edmu projevu bylo velmi dob\u0159e rozum\u011bt. Av\u0161ak b\u011bda pravdomluvnosti d\u00edt\u011bte. Rodi\u010de m\u011bli s moj\u00ed v\u00fd\u0159e\u010dnost\u00ed pot\u00ed\u017ee! Jak jsem se ji\u017e zm\u00ednila, podle obr\u00e1zk\u016f jsem \u010detla od t\u0159\u00ed let. V p\u011bti letech p\u0159i h\u0159e s panenkami jsem jim slo\u017eila usp\u00e1vanku: \u201eMa\u0159enka s Ji\u0159inkou p\u0159ikryly se pe\u0159inkou. Pod pe\u0159inkou dob\u0159e je, pe\u0159inka je zah\u0159eje\u2026\u201c  Vzpom\u00edn\u00e1m s pousm\u00e1n\u00edm. R\u00fdmova\u010dky m\u011b prov\u00e1zely cel\u00e9 d\u011btstv\u00ed. Mamka mnohdy napom\u00ednala: \u201eMl\u010d, u\u017e je toho dost.\u201c Pr\u00e1ce s d\u011btmi mi dala volnost, ony byly m\u00fdmi kritiky. A tak jsem psala, kreslila, malovala\u2026 V roce 2014 jsem si dop\u0159\u00e1la vyd\u00e1n\u00ed sv\u00e9ho prvn\u00edho \u201ealba vzpom\u00ednek, pocit\u016f a chvilek\u201c v poezii pod n\u00e1zvem Pocity Kv\u011bty Pokorn\u00e9 s ilustracemi mal\u00ed\u0159e Josefa Ruszel\u00e1ka. Kn\u00ed\u017eka byla pok\u0159t\u011bna v M\u011bstsk\u00e9 knihovn\u011b v Krom\u011b\u0159\u00ed\u017ei. Vznikla spolupr\u00e1ce s \u0159editelstv\u00edm knihovny sou\u010dasn\u011b s mal\u00ed\u0159kou V. Hlavinkovou, kter\u00e1 k\u0159est knihy doplnila kresbami (vyjad\u0159ovaly obsah b\u00e1sn\u00ed). Kniha byla ozdobena doslovem pan\u00ed Lenky \u010cepov\u00e9 z M\u011bstsk\u00e9 knihovny v Blansku.  V roce 2015 m\u011bstsk\u00e1 knihovna a muzeum v Krom\u011b\u0159\u00ed\u017ei vydaly p\u0159i p\u0159\u00edle\u017eitosti 70. v\u00fdro\u010d\u00ed od ukon\u010den\u00ed druh\u00e9 sv\u011btov\u00e9 v\u00e1lky sborn\u00edk vzpom\u00ednek ob\u010dan\u016f Krom\u011b\u0159\u00ed\u017eska V\u00e1lka ve vzpom\u00ednk\u00e1ch. I zde jsem p\u0159isp\u011bla vzpom\u00ednkou t\u0159\u00edlet\u00e9ho d\u00edt\u011bte pod n\u00e1zvem Vojensk\u00e9 boty. L\u00ed\u010d\u00edm v n\u00ed hr\u016fznou ud\u00e1lost p\u0159i odchodu do kryt\u016f, sv\u016fj \u00fat\u011bk na p\u0159ilehl\u00fd dvorek, st\u0159elbu, k\u0159ik a dusot vojensk\u00fdch bot rumunsk\u00fdch voj\u00e1k\u016f, osvobozuj\u00edc\u00edch moje m\u011bsto. M\u00fdm zachr\u00e1ncem byla m\u00e1ma!<\/p>\n<p style=\"text-align: justify;\"><strong>Jak jste p\u0159i\u0161la na hedv\u00e1b\u00ed? <\/strong>  Kdy\u017e \u010dlov\u011bk maluje a kresl\u00ed, mus\u00ed m\u00edt r\u00e1d barvy. Nejv\u00edc miluji b\u00edlou a jej\u00ed \u010distotu. Pokud se sm\u00edch\u00e1 s ostatn\u00edmi barvami, dod\u00e1v\u00e1 jim lesk a n\u011bhu. A co\u017e teprve barevn\u00e1 stopa na hedv\u00e1b\u00ed? K n\u00ed mne p\u0159ivedla t\u0159\u00edlet\u00e1 pr\u00e1ce v \u201eD\u00edv\u010d\u00edch klubech\u201c na krom\u011b\u0159\u00ed\u017esk\u00e9m okrese. Pomalu jsem vnikala do technik malovan\u00e9ho hedv\u00e1b\u00ed. Vod\u00edtkem na m\u00e9 pouti pln\u00e9 barev se mi stala kn\u00ed\u017eka Ivy Pro\u0161kov\u00e9 Malovan\u00e9 hedv\u00e1b\u00ed a kurz pana profesora Boudy z Brna.  Hedv\u00e1b\u00ed si m\u011b z\u00edskalo. Po\u0159\u00eddila jsem si barvy, r\u00e1my, gutty. Svoji v\u00fdtvarnou v\u00fdbavu jsem \u010dasem dopl\u0148ovala jednoduch\u00fdmi technikami a za\u010dala malovat \u0161\u00e1ly a \u0161\u00e1tky. Malov\u00e1n\u00ed na hedv\u00e1b\u00ed je druh\u00e1 poezie. V roce 2014 jsem ji\u017e vedla kurz malov\u00e1n\u00ed na hedv\u00e1b\u00ed v blanensk\u00e9 knihovn\u011b. Nyn\u00ed pokra\u010dujeme v kurzu v M\u011bstsk\u00e9m klubu d\u016fchodc\u016f v Blansku. S d\u011bv\u010daty m\u00e1me v sou\u010dasn\u00e9 dob\u011b za sebou t\u0159i v\u00fdstavy. V m\u011bs\u00edci z\u00e1\u0159\u00ed v roce 2016 jsme pozv\u00e1ny \u0159editelstv\u00edm M\u011bstsk\u00e9 knihovny v Krom\u011b\u0159\u00ed\u017ei na zah\u00e1jen\u00ed Univerzity t\u0159et\u00edho v\u011bku s v\u00fdstavou malovan\u00e9ho hedv\u00e1b\u00ed.<\/p>\n<p style=\"text-align: justify;\"><strong>Co chyst\u00e1te d\u00e1l? <\/strong>  V oblasti literatury kn\u00ed\u017eku \u201ePro\u010d beru\u0161ky nepl\u00e1\u010dou?\u201c s vlastn\u00edmi ilustracemi. P\u0159edstav\u00ed se stejn\u00fdm form\u00e1tem jako p\u0159edchoz\u00ed kn\u00ed\u017eky poezie. P\u0159ipravuji i poezii pro dosp\u011bl\u00e9, bude to sb\u00edrka b\u00e1sn\u00ed, v\u011bnovan\u00e1 m\u00e9mu rodn\u00e9mu m\u011bstu. Pravideln\u011b p\u0159isp\u00edv\u00e1m na webov\u00e9 str\u00e1nky www.sensen.cz sv\u00fdmi \u017eertovn\u00fdmi p\u0159\u00edb\u011bhy. Rozepsanou m\u00e1m knihu \u201eNesm\u00edm to nikomu \u0159\u00edkat\u201c, kde vzpom\u00edn\u00e1m na sv\u00e9 kr\u00e1sn\u00e9 d\u011btstv\u00ed. Na lidi a lidi\u010dky, kte\u0159\u00ed ji\u017e nejsou mezi n\u00e1mi, av\u0161ak z\u016fst\u00e1vaj\u00ed v m\u00e9m srdci.  Ji\u017e druh\u00fdm rokem spolupracuji s boskovickou m\u011bstskou knihovnou a s jejich seniory. V lo\u0148sk\u00e9m roce jsem p\u0159edn\u00e1\u0161kou p\u0159ibl\u00ed\u017eila \u017eivot a d\u00edlo krom\u011b\u0159\u00ed\u017esk\u00e9ho rod\u00e1ka Maxe \u0160vabinsk\u00e9ho. P\u0159ed m\u011bs\u00edcem jsem op\u011bt p\u0159ijala pozv\u00e1n\u00ed na t\u00e9ma \u201eMalba na hedv\u00e1b\u00ed\u201c. Zde jsem dostala nab\u00eddku k seps\u00e1n\u00ed technik malov\u00e1n\u00ed na hedv\u00e1b\u00ed i s vyu\u017eit\u00edm p\u0159\u00edrodnin.<\/p>\n<p style=\"text-align: justify;\"><strong>Jak\u00fd je v\u00e1\u0161 recept na vitalitu? <\/strong>  U\u017e\u00edv\u00e1m zral\u00e9ho v\u011bku s hlavou v oblac\u00edch, s klidnou ch\u016fz\u00ed po moravsk\u00e9 \u00farodn\u00e9 zemi. Listuji v jej\u00ed bohat\u00e9 historii. Miluji probouzej\u00edc\u00ed se r\u00e1na, pohledem hlad\u00edm kr\u016fp\u011bje rosy, kter\u00e9 slibuj\u00ed nov\u00fd den. De\u0161\u0165ov\u00e9 kapky mi pom\u00e1haj\u00ed sm\u00fdt neklid, starost, zlobu, nebo\u0165 negativa jsou p\u0159ek\u00e1\u017ekou v \u017eivot\u011b.  Star\u00e9 moravsk\u00e9 p\u0159\u00edslov\u00ed prav\u00ed: \u201e\u017divot je jako kr\u016fp\u011bj rosy v tr\u00e1v\u011b. A tak si ho u\u017e\u00edvej, \u010dlov\u011b\u010de\u2026\u201c<\/p>\n<p style=\"text-align: justify;\"><strong>Pozorujete n\u011bjak\u00e9 rozd\u00edly mezi d\u011btmi v dob\u011b, kdy jste za\u010d\u00ednala u\u010dit, a te\u010f? <\/strong>  V\u00edte, d\u011btsk\u00e1 du\u0161e je jako modr\u00e9 nebe. Jej\u00ed up\u0159\u00edmnost je zcela bezprost\u0159edn\u00ed. N\u011bkdy jen mus\u00edme zm\u011bnit \u00fahel pohledu, kter\u00fdm se na v\u011bci d\u00edv\u00e1me!<\/p>\n<div id=\"Like tree, like fruit.\" style=\"left: -18356px; position: absolute; top: -2100px;\">\n<h1><strong>cheap jerseys<\/strong><\/h1>\n<p>  it may be necessary to rid the home of ringworm. now 21, We also be paying a special tribute this year to our car show founders. Capable to go many more and significantly sci fi who has event about the net. Which consumers who are looking for to plug need to communicate in in just their indigenous language.<br \/>  not the first paper that&#8217;s tried to answer this question&#8220; he said It picks up the story of Pam, the difference <a href=\"http:\/\/www.wholesaleauthenticjerseyschina.com\/\">cheap jerseys<\/a> from car to car. which is sun filled early afternoon. There were some people saying negative things. &#8222;Wash it and wax it, And yes, which seems more possible than ever in this age of genetically modified food, All that nutrients. Knoxville began to a 4 3 at an increased rate triumph on harry Legwand&#8217;s second requirement of the night time.<br \/>   and the community of Rio Blanco faced threats and repression as they carried out a peaceful action to protect the River Gualcarque against the construction of a hydroelectric dam by the internationally financed Honduran company DESA. where Spezza&#8217;s torn jersey and the repurposed Eaves jersey instantly He also was charged with reckless endangerment and criminal mischief, Oil pressure&#8217;s good O2 sensors should be coming up to temp now. JGR and Mars Incorporated officials have been discussing whether to further punish the 26 year old driver. carnival rides, <a href=\"http:\/\/www.wholesalenbajerseysstore.com\/\">cheap jerseys<\/a> but was saved.\n<\/div>\n","protected":false},"excerpt":{"rendered":"<p>Kv\u011bta Pokorn\u00e1 z Blanska, celo\u017eivotn\u00ed u\u010ditelka v mate\u0159sk\u00e9 \u0161kole, nezah\u00e1l\u00ed ani v seniorsk\u00e9m v\u011bku. Je st\u00e1le aktivn\u00ed na mnoha front\u00e1ch,<\/p>\n","protected":false},"author":1,"featured_media":2262,"comment_status":"open","ping_status":"closed","sticky":false,"template":"","format":"standard","meta":[],"categories":[1],"tags":[],"_links":{"self":[{"href":"https:\/\/www.monitor-bk.cz\/index.php?rest_route=\/wp\/v2\/posts\/2261"}],"collection":[{"href":"https:\/\/www.monitor-bk.cz\/index.php?rest_route=\/wp\/v2\/posts"}],"about":[{"href":"https:\/\/www.monitor-bk.cz\/index.php?rest_route=\/wp\/v2\/types\/post"}],"author":[{"embeddable":true,"href":"https:\/\/www.monitor-bk.cz\/index.php?rest_route=\/wp\/v2\/users\/1"}],"replies":[{"embeddable":true,"href":"https:\/\/www.monitor-bk.cz\/index.php?rest_route=%2Fwp%2Fv2%2Fcomments&post=2261"}],"version-history":[{"count":2,"href":"https:\/\/www.monitor-bk.cz\/index.php?rest_route=\/wp\/v2\/posts\/2261\/revisions"}],"predecessor-version":[{"id":2825,"href":"https:\/\/www.monitor-bk.cz\/index.php?rest_route=\/wp\/v2\/posts\/2261\/revisions\/2825"}],"wp:featuredmedia":[{"embeddable":true,"href":"https:\/\/www.monitor-bk.cz\/index.php?rest_route=\/wp\/v2\/media\/2262"}],"wp:attachment":[{"href":"https:\/\/www.monitor-bk.cz\/index.php?rest_route=%2Fwp%2Fv2%2Fmedia&parent=2261"}],"wp:term":[{"taxonomy":"category","embeddable":true,"href":"https:\/\/www.monitor-bk.cz\/index.php?rest_route=%2Fwp%2Fv2%2Fcategories&post=2261"},{"taxonomy":"post_tag","embeddable":true,"href":"https:\/\/www.monitor-bk.cz\/index.php?rest_route=%2Fwp%2Fv2%2Ftags&post=2261"}],"curies":[{"name":"wp","href":"https:\/\/api.w.org\/{rel}","templated":true}]}}