{"id":14,"count":118,"description":"S\u00e9rie rozhovor\u016f s v\u00fdznamn\u00fdmi a zaj\u00edmav\u00fdmi osobnostmi Blanska","link":"https:\/\/www.monitor-bk.cz\/?cat=14","name":"Na k\u00e1v\u011b s...","slug":"na_kave","taxonomy":"category","parent":0,"meta":[],"_links":{"self":[{"href":"https:\/\/www.monitor-bk.cz\/index.php?rest_route=\/wp\/v2\/categories\/14"}],"collection":[{"href":"https:\/\/www.monitor-bk.cz\/index.php?rest_route=\/wp\/v2\/categories"}],"about":[{"href":"https:\/\/www.monitor-bk.cz\/index.php?rest_route=\/wp\/v2\/taxonomies\/category"}],"wp:post_type":[{"href":"https:\/\/www.monitor-bk.cz\/index.php?rest_route=%2Fwp%2Fv2%2Fposts&categories=14"}],"curies":[{"name":"wp","href":"https:\/\/api.w.org\/{rel}","templated":true}]}}